{"id":3733,"date":"2024-03-22T18:54:48","date_gmt":"2024-03-22T17:54:48","guid":{"rendered":"https:\/\/paroisses-nancy-sud.fr\/HOME\/?p=3733"},"modified":"2024-03-22T18:54:48","modified_gmt":"2024-03-22T17:54:48","slug":"annonces-de-saint-francois-de-sales-et-sainte-jeanne-de-chantal-du-24-mars","status":"publish","type":"post","link":"https:\/\/paroisses-nancy-sud.fr\/HOME\/annonces-de-saint-francois-de-sales-et-sainte-jeanne-de-chantal-du-24-mars\/","title":{"rendered":"Annonces de Saint-Fran\u00e7ois-de-Sales et Sainte-Jeanne-de-Chantal du 24 mars"},"content":{"rendered":"\n<p><\/p>\n<p><span style=\"color: #000000;\"><strong><span style=\"text-decoration: underline;\">Denier de l\u2019Eglise\u00a0: Les pr\u00eatres de votre paroisse ont besoin de vous<\/span><br \/><\/strong>\u00c0 l\u2019image de notre \u00e9v\u00eaque, Monseigneur Pierre-Yves Michel, du p\u00e8re Serge G\u00e9rardy (du secteur de l\u2019Orne) et de Marie-Christelle Clavos (salari\u00e9e responsable des la\u00efcs en mission eccl\u00e9siale), pr\u00e9sents sur la nouvelle campagne du Denier, ils sont pr\u00e8s de <strong>160 hommes et femmes en mission au service de notre dioc\u00e8se<\/strong>.<\/span><\/p>\n<p><span style=\"color: #000000;\">Dans nos paroisses,<strong> Saint-Fran\u00e7ois-de-Sales et Sainte-Jeanne-de-Chantal<\/strong>, ce sont les pr\u00eatres qui, tout au long de l\u2019ann\u00e9e, donnent de leur \u00e9nergie et de leur temps pour vous servir au mieux. \u00a0Les p\u00e8res, Marc Haeussler, Claude Houot, Guy Tshimanga, Raj Sampath Kumar, Alexandre-Marie-Valder ont donn\u00e9 leur vie pour le Christ et l&rsquo;\u00c9glise, c&rsquo;est-\u00e0-dire aussi pour nous. Ils c\u00e9l\u00e8brent les messes, les bapt\u00eames, les mariages et les fun\u00e9railles et s\u2019investissent dans tant d\u2019autres missions chaque jour au sein de nos paroisses.\u00a0 Ils visitent les personnes \u00e2g\u00e9es ou isol\u00e9es, sont pr\u00e9sents aux diff\u00e9rents groupes des paroisses (cat\u00e9ch\u00e8se, parcours Alpha, jeunes, retrait\u00e9s, lecture de la Bible ..) aux moments de convivialit\u00e9. Aujourd\u2019hui, ils ont besoin de vous. Le financement de leur traitement\u00a0 est pris en charge par le Denier de l\u2019\u00c9glise. Faire un don au Denier, c\u2019est leur apporter un soutien concret. \u00a0Le Denier est une ressource vitale pour l\u2019\u00c9glise catholique de Meurthe-et-Moselle : outre la r\u00e9mun\u00e9ration de <strong>78 pr\u00eatres en mission sur notre territoire<\/strong>, il permet aussi d\u2019assurer une retraite digne \u00e0 <strong>38 pr\u00eatres a\u00een\u00e9s,<\/strong> et de financer <strong>les salaires de 42 la\u00efcs <\/strong>embauch\u00e9s en CDI<strong> et la formation d\u20191 jeune s\u00e9minariste<\/strong> qui se pr\u00e9pare \u00e0 devenir pr\u00eatre.<\/span><\/p>\n<p><span style=\"color: #000000;\">Participer \u00e0 la collecte du Denier, c\u2019est une des mani\u00e8res de contribuer \u00e0 ce que chaque pr\u00eatre et la\u00efc engag\u00e9 puisse accomplir sa mission pour faire vivre et rayonner notre \u00c9glise.<em>\u00a0Les pr\u00eatres, la\u00efcs salari\u00e9s et s\u00e9minariste de Meurthe-et-Moselle comptent sur vous et vous remercient par avance pour votre g\u00e9n\u00e9rosit\u00e9. Gr\u00e2ce \u00e0 vous, ils accomplissent leur mission, merci !.<\/em><\/span><\/p>\n<p><span style=\"color: #000000;\"><strong><span style=\"text-decoration: underline;\">Horaires de la Semaine Sainte et de P\u00e2ques<\/span> :<br \/><\/strong><strong>Lundi 25 mars, lundi saint : C\u00e9l\u00e9brations du pardon : <\/strong>\u00a0<strong>14h<\/strong> \u00e0 Neuves-Maisons, 16h \u00e0 Heillecourt, <strong>19h<\/strong> \u00e0 Jarville.<\/span><\/p>\n<p><span style=\"color: #000000;\"><strong>Mardi 26 mars, mardi saint\u00a0: <\/strong>\u00a0<strong>18h Messe Chrismale <\/strong>\u00e0 la cath\u00e9drale de Nancy<\/span><\/p>\n<p><span style=\"color: #000000;\"><strong>Jeudi 28 mars, jeudi saint\u00a0: messe de la sainte C\u00e8ne :<br \/><\/strong><strong>\u00a0\u00a0\u00a0 18h <\/strong>\u00e0 Heillecourt<strong>, <\/strong>18h30 \u00e0 Neuves-Maisons,<strong> 19h <\/strong>\u00e0 Jarville.<\/span><\/p>\n<p><span style=\"color: #000000;\"><strong>Vendredi 29 mars,\u00a0vendredi saint\u00a0:<br \/><\/strong><strong>&#8211; 15h Chemin de Croix <\/strong>\u00e0 Heillecourt, \u00e0 Laneuveville, \u00e0 Bainville et possibilit\u00e9 de confessions<\/span><br \/><span style=\"color: #000000;\"><strong>&#8211; Office de la Passion et de la Croix\u00a0: 18h <\/strong>\u00e0 Heillecourt,<strong> 18h30<\/strong> \u00e0 Neuves-Maisons, <strong>19h <\/strong>\u00e0 Jarville \u00a0<\/span><\/p>\n<p><span style=\"color: #000000;\"><strong>Samedi 30 mars, samedi Saint\u00a0:<br \/><\/strong><strong>&#8211; 9h\u00a0\u00e0 Jarville et \u00e0 Neuves-Maisons\u00a0: <\/strong>Office des t\u00e9n\u00e8bres<\/span><br \/><span style=\"color: #000000;\"><strong>&#8211; 21h messe de la Vigile de P\u00e2ques <\/strong>\u00e0 Heillecourt, Jarville, Neuves-Maisons<\/span><\/p>\n<p><span style=\"color: #000000;\"><strong>Dimanche 31 mars, Dimanche de P\u00e2ques\u00a0:<br \/><\/strong><strong>&#8211; 10h <\/strong>Fl\u00e9ville, Viterne<strong>\u00a0\u00a0 \u00a0\u00a0\u00a0\u00a0\u00a0\u00a0\u00a0\u00a010h30 <\/strong>\u00e0 Laneuveville, Neuves-Maisons\u00a0\u00a0 \u00a0\u00a0\u00a0\u00a0\u00a0\u00a0\u00a0\u00a0\u00a0\u00a0\u00a0\u00a0\u00a0\u00a0\u00a0<strong>11h <\/strong>Ludres<\/span><\/p>\n<p><span style=\"color: #000000;\"><strong><span style=\"text-decoration: underline;\">Bapt\u00eames c\u00e9l\u00e9br\u00e9s \u00e0 la Vigile de P\u00e2ques et le jour de P\u00e2ques.<\/span><br \/><\/strong><strong>M\u00e9lanie Roche<\/strong> sera baptis\u00e9e et confirm\u00e9e, puis communiera \u00e0 la Vigile de P\u00e2ques \u00e0 Heillecourt.<\/span><br \/><span style=\"color: #000000;\"><strong>Confidence,<\/strong> <strong>Ang\u00e9line Calestroupat-Claude, Capucine Vincent, Justine Calestroupat-Claude, M\u00e9lya Plumecoq<\/strong>, seront baptis\u00e9es le jour de P\u00e2ques \u00e0 Laneuveville. <strong>Ma\u00ebline Calestroupat-Claude, Ang\u00e9line, Justine et Confidence<\/strong> feront aussi leur premi\u00e8re communion.<\/span><\/p>\n<p><span style=\"color: #000000;\">Nous nous r\u00e9jouissons de les accueillir dans nos communaut\u00e9s et prions pour elles et leurs familles.<\/span><\/p>\n<p><span style=\"color: #000000;\"><span style=\"text-decoration: underline;\"><strong>Table ouverte de P\u00e2ques.<br \/><\/strong><\/span><strong>Le dimanche de P\u00e2ques \u00e0 midi, une table ouverte de P\u00e2ques est propos\u00e9e \u00e0 Jarville, au presbyt\u00e8re<\/strong>. Vous \u00eates les bienvenus\u00a0! chacun apporte un plat sal\u00e9 ou sucr\u00e9, une boisson et sa bonne humeur\u00a0!<\/span><\/p>\n<p><span style=\"color: #000000;\"><strong><span style=\"text-decoration: underline;\">M\u00e9nage \u00e9glise de Jarville<\/span>.\u00a0<br \/><\/strong><strong>Lundi 25 mars \u00e0 9h rendez-vous \u00e0 l\u2019\u00e9glise de Jarville <\/strong>pour le m\u00e9nage de printemps de l\u2019\u00e9glise<\/span><\/p>\n<p><span style=\"color: #000000;\"><strong>\u00a0<\/strong><span style=\"text-decoration: underline;\"><strong>Car\u00eame 2024\u00a0: Solidarit\u00e9<\/strong><\/span><\/span><\/p>\n<table width=\"737\">\n<tbody>\n<tr>\n<td width=\"737\">\n<p><span style=\"color: #000000;\"><strong>&#8211; March\u00e9 de P\u00e2ques\u00a0: Samedi 23 mars de 17h \u00e0 20h \u00e0 Laneuveville et dimanche 24 mars de 10h \u00e0 13h \u00e0 Jarville<\/strong>, march\u00e9 de P\u00e2ques des \u2018\u2019Abeilles du mercredi \u2018\u2019 de Jarville et de \u2018\u2019l\u2019Association Kermesse paroissiale\u2019\u2019 au b\u00e9n\u00e9fice de la paroisse Saint-Fran\u00e7ois-de-Sales. Des d\u00e9corations de P\u00e2ques, des charcuteries lorraines, des confitures des produits festifs et bien d\u2019autres choses\u00a0!<\/span><\/p>\n<p><span style=\"color: #000000;\">\u00a0<strong>&#8211; Des paniers sont au fond de nos \u00e9glises<\/strong> pour r\u00e9colter des produits d\u2019alimentation non p\u00e9rissables et des produits d\u2019hygi\u00e8ne pour l\u2019association \u2018\u2019la soupe des-sans abri\u2019\u2019 en particulier.<\/span><\/p>\n<p><span style=\"color: #000000;\"><strong>&#8211; Vente des \u0153ufs de P\u00e2ques\u00a0pour l\u2019association dioc\u00e9saine : dimanche 24<\/strong> <strong>mars<\/strong> \u00e0 la sortie de la messe de Flavigny.(0,75 euros l\u2019\u0153uf et 7,5 euros pour les 10).<\/span><\/p>\n<\/td>\n<\/tr>\n<\/tbody>\n<\/table>\n<p><span style=\"color: #000000;\"><span style=\"text-decoration: underline;\"><strong>Conf\u00e9rence sur le petit s\u00e9minaire de Ren\u00e9mont de Jarville.<br \/><\/strong><\/span><strong>Le samedi 13 avril, \u00e0 16h \u00e0 l\u2019\u00e9glise de Jarville, <\/strong>conf\u00e9rence sur le petit s\u00e9minaire\u00a0de Ren\u00e9mont \u2018\u2019Le toit des futurs pr\u00eatres\u2019\u2019 organis\u00e9e par \u2018\u2019l\u2019Association du Sacr\u00e9-C\u0153ur de Jarville\u2019\u2019<\/span><\/p>\n<p><span style=\"color: #000000;\"><span style=\"text-decoration: underline;\"><strong>Journ\u00e9e de la Saint Georges \u00e0 Richardm\u00e9nil<br \/><\/strong><\/span><strong style=\"font-size: revert;\">Le dimanche 28 avril, la messe sera c\u00e9l\u00e9br\u00e9e \u00e0 Richardm\u00e9nil, pour la saint Georges <\/strong><span style=\"font-size: revert;\">(23 avril)\u00a0: un ap\u00e9ritif sera offert en fin de messe puis un repas partag\u00e9 et une conf\u00e9rence l\u2019apr\u00e8s-midi.<\/span><\/span><\/p>\n<p><span style=\"text-decoration: underline; color: #000000;\"><strong>\u00a0<\/strong>AUTRES ANNONCES<\/span><\/p>\n<p><span style=\"color: #000000;\"><span style=\"text-decoration: underline;\"><strong>Assembl\u00e9e Dioc\u00e9saine Ordinaire du 16 mars<br \/><\/strong><\/span><strong><em>Sa<\/em><\/strong><strong>medi 16 mars<\/strong>, 150 acteurs pastoraux, r\u00e9unis autour de notre \u00e9v\u00eaque, \u00e0 l\u2019occasion de l\u2019Assembl\u00e9e dioc\u00e9saine ordinaire, se sont exprim\u00e9s autour des diff\u00e9rents chantiers voulus par notre \u00e9v\u00eaque dans le cadre de la <a style=\"color: #000000;\" href=\"https:\/\/www.catholique-nancy.fr\/conversion-missionnaire\/\">d\u00e9marche de conversion missionnaire de notre dioc\u00e8se sous l\u2019action de l\u2019Esprit Saint<\/a>. Pour d\u00e9couvrir les r\u00e9sultats de la consultation lanc\u00e9e en janvier dernier suivre <a style=\"color: #000000;\" href=\"https:\/\/www.catholique-nancy.fr\/accueil\/65049-retour-sur-lassemblee-diocesaine-ordinaire\/\">ce lien\u00a0<\/a><\/span><br \/><span style=\"color: #000000;\"><strong><br \/><span style=\"text-decoration: underline;\">Conf\u00e9rence de l\u2019Espace Ada\u00a0: \u2018\u2019<em>Peut-on choisir sa mort\u00a0?\u2019\u2019<br \/><\/em><\/span><\/strong><strong>Le mardi 26 mars \u00e0 20h30 <\/strong>avec le m\u00e9decin Jean-Marie Gomas et le docteur Pascale Favre.<\/span><\/p>\n<p><span style=\"color: #000000;\"><span style=\"text-decoration: underline;\"><strong>Malgr\u00e9 la souffrance, retrouver du souffle.<br \/><\/strong><\/span><strong>Jeudi 4 avril, <\/strong>une journ\u00e9e pour les soignants les aidants, les accompagnants, de 9h \u00e0 16h30, au Domaine de l\u2019Asn\u00e9e, avec des ateliers, des interventions, avec le P\u00e8re S\u00e9bastien Klam et Marie-Emmanu\u00e8le Philippe. Inscription\u00a0: Martine Dourdin au 06 72 31 13 71.<\/span><\/p>\n<p><span style=\"color: #000000;\"><span style=\"text-decoration: underline;\"><strong>Pr\u00e9paration \u00e0 l\u2019effusion de l\u2019Esprit Saint<br \/><\/strong><\/span>Notre \u00e9v\u00eaque Pierre-Yves Michel a souhait\u00e9 que nous entrions dans une belle d\u00e9marche de conversion missionnaire sous l\u2019action de l\u2019Esprit Saint. Une r\u00e9flexion a \u00e9t\u00e9 men\u00e9e sur ce qu\u2019est le \u00ab bapt\u00eame \u00bb, ou \u00ab effusion \u00bb, du Saint Esprit. Le \u00ab\u00a0bapt\u00eame dans l&rsquo;Esprit\u00a0\u00bb, que nous appelons plus commun\u00e9ment \u2018\u2019effusion de l&rsquo;Esprit\u2019\u2019, est la r\u00e9ponse de Dieu pour aujourd\u2019hui, pour \u00ab\u00a0revivifier\u00a0\u00bb, \u00ab\u00a0lib\u00e9rer\u00a0\u00bb la gr\u00e2ce de notre Bapt\u00eame. Il ne s\u2019agit, en fait, rien d\u2019autre que de retrouver sa joie et sa force. <strong>Ce sera le 18 mai 2024, <\/strong>veille de la f\u00eate de Pentec\u00f4te, \u00e0 la coll\u00e9giale Saint-Gengoult de Toul \u00e0 20h. <strong>Deux parcours de pr\u00e9paration<\/strong> sont propos\u00e9s \u00e0 Nancy\u00a0: <strong>mardis 9 avril<\/strong>, 16 avril, 7mai, 14 mai \u00e0 20h30 \u00e0 la cath\u00e9drale ou <strong>le mardi 2 avril<\/strong> puis lundis 15 avril, 6 mai et 13 mai \u00e0 20h pr\u00e8s de St L\u00e9on.<\/span><\/p>\n<p><span style=\"text-decoration: underline; color: #000000;\"><strong>Pri\u00e8re pour entrer en semaine sainte :<\/strong><\/span><\/p>\n<p style=\"text-align: center;\"><span style=\"color: #000000;\"><em>Sur le chemin de la croix, Seigneur J\u00e9sus, <\/em><\/span><br \/><span style=\"color: #000000;\"><em>malgr\u00e9 les acclamations de la foule qui te salue comme le messie attendu,<\/em><\/span><br \/><span style=\"color: #000000;\"><em><span style=\"font-size: revert;\">c\u2019est en homme abandonn\u00e9 et livr\u00e9 \u00e0 la solitude<br \/>que tu parcours le chemin sur lequel bient\u00f4t tu porteras la croix, <br \/>sous les cris d\u2019injures de la m\u00eame foule.<br \/><\/span>Tu seras trahi, reni\u00e9, condamn\u00e9, tortur\u00e9, ridiculis\u00e9, injuri\u00e9, mis \u00e0 mort.<\/em><\/span><br \/><span style=\"color: #000000;\"><em>Tu sembleras avoir \u00e9t\u00e9 abandonn\u00e9 m\u00eame par Dieu.<\/em><\/span><br \/><span style=\"color: #000000;\"><em>Tout \u00eatre humain, dont la dignit\u00e9 est bafou\u00e9e, reconna\u00eetra son visage dans le tien.<\/em><\/span><br \/><span style=\"color: #000000;\"><em>Aide-nous \u00e0 discerner, dans le t\u00e9moignage de ton amour illimit\u00e9<\/em><\/span><br \/><span style=\"color: #000000;\"><em> la voix \u00e0 suivre pour transformer le monde \u00e0 l\u2019image du Royaume<strong>.<\/strong><\/em><\/span><\/p>\n<p><\/p>\n","protected":false},"excerpt":{"rendered":"","protected":false},"author":5,"featured_media":2464,"comment_status":"closed","ping_status":"open","sticky":false,"template":"","format":"standard","meta":[],"categories":[7],"tags":[],"acf":[],"_links":{"self":[{"href":"https:\/\/paroisses-nancy-sud.fr\/HOME\/wp-json\/wp\/v2\/posts\/3733"}],"collection":[{"href":"https:\/\/paroisses-nancy-sud.fr\/HOME\/wp-json\/wp\/v2\/posts"}],"about":[{"href":"https:\/\/paroisses-nancy-sud.fr\/HOME\/wp-json\/wp\/v2\/types\/post"}],"author":[{"embeddable":true,"href":"https:\/\/paroisses-nancy-sud.fr\/HOME\/wp-json\/wp\/v2\/users\/5"}],"replies":[{"embeddable":true,"href":"https:\/\/paroisses-nancy-sud.fr\/HOME\/wp-json\/wp\/v2\/comments?post=3733"}],"version-history":[{"count":2,"href":"https:\/\/paroisses-nancy-sud.fr\/HOME\/wp-json\/wp\/v2\/posts\/3733\/revisions"}],"predecessor-version":[{"id":3735,"href":"https:\/\/paroisses-nancy-sud.fr\/HOME\/wp-json\/wp\/v2\/posts\/3733\/revisions\/3735"}],"wp:featuredmedia":[{"embeddable":true,"href":"https:\/\/paroisses-nancy-sud.fr\/HOME\/wp-json\/wp\/v2\/media\/2464"}],"wp:attachment":[{"href":"https:\/\/paroisses-nancy-sud.fr\/HOME\/wp-json\/wp\/v2\/media?parent=3733"}],"wp:term":[{"taxonomy":"category","embeddable":true,"href":"https:\/\/paroisses-nancy-sud.fr\/HOME\/wp-json\/wp\/v2\/categories?post=3733"},{"taxonomy":"post_tag","embeddable":true,"href":"https:\/\/paroisses-nancy-sud.fr\/HOME\/wp-json\/wp\/v2\/tags?post=3733"}],"curies":[{"name":"wp","href":"https:\/\/api.w.org\/{rel}","templated":true}]}}