{"id":3764,"date":"2024-03-31T10:00:00","date_gmt":"2024-03-31T08:00:00","guid":{"rendered":"https:\/\/paroisses-nancy-sud.fr\/HOME\/?p=3764"},"modified":"2024-03-29T17:20:13","modified_gmt":"2024-03-29T16:20:13","slug":"la-victoire-de-la-vie","status":"publish","type":"post","link":"https:\/\/paroisses-nancy-sud.fr\/HOME\/la-victoire-de-la-vie\/","title":{"rendered":"La Victoire de la Vie"},"content":{"rendered":"\n<p class=\"Standard\" style=\"margin-bottom: 5.65pt; text-align: justify;\"><span style=\"color: #000000;\"><b><span style=\"font-size: 16.0pt; font-family: Caladea;\">La Victoire de la Vie<\/span><\/b><\/span><\/p>\n<p class=\"Standard\" style=\"margin-bottom: 5.65pt; text-align: justify;\"><span style=\"font-size: 16pt; font-family: Caladea; color: #000000;\">\u00ab\u00a0Christ est ressuscit\u00e9 des morts. Par la mort, il a \u00e9cras\u00e9 la mort. \u00c0 ceux qui \u00e9taient au tombeau, il a rendu la vie.\u00a0\u00bb All\u00e9luia\u00a0! All\u00e9luia\u00a0!<\/span><\/p>\n<p class=\"Standard\" style=\"margin-bottom: 5.65pt; text-align: justify;\"><span style=\"font-size: 16pt; font-family: Caladea; color: #000000;\">Fr\u00e8res et s\u0153urs, nous voici au matin de la f\u00eate de la R\u00e9surrection du Seigneur. En pensant \u00e0 ce que je souhaitais vous dire ce matin, il m&rsquo;a sembl\u00e9 qu&rsquo;il fallait aller au plus simple. Nous avons v\u00e9cu des c\u00e9l\u00e9brations tr\u00e8s riches ces derniers jours. De plus, voici que s&rsquo;ouvre le temps pascal, o\u00f9 nous aurons amplement le temps de go\u00fbter les diff\u00e9rentes facettes de la R\u00e9surrection.<\/span><\/p>\n<p class=\"Standard\" style=\"margin-bottom: 5.65pt; text-align: justify;\"><span style=\"font-size: 16pt; font-family: Caladea; color: #000000;\">La R\u00e9surrection, c&rsquo;est bien s\u00fbr le grand oui du P\u00e8re \u00e0 tout ce que J\u00e9sus avait dit et fait\u00a0: oui, cet homme a vraiment parl\u00e9 de la part de Dieu\u00a0; oui, cet homme est vraiment le Fils de Dieu et Dieu lui-m\u00eame.<\/span><\/p>\n<p class=\"Standard\" style=\"margin-bottom: 5.65pt; text-align: justify;\"><span style=\"font-size: 16pt; font-family: Caladea; color: #000000;\">La R\u00e9surrection, c&rsquo;est aussi l&rsquo;accomplissement des promesses de l&rsquo;Ancien Testament\u00a0: Dieu est fid\u00e8le \u00e0 sa promesse et \u00e0 son alliance.<\/span><\/p>\n<p class=\"Standard\" style=\"margin-bottom: 5.65pt; text-align: justify;\"><span style=\"font-size: 16pt; font-family: Caladea; color: #000000;\">La R\u00e9surrection, c&rsquo;est encore l&rsquo;ultime lib\u00e9ration, la lib\u00e9ration du p\u00e9ch\u00e9. Aussi s\u00fbr que la pierre n&rsquo;a pu retenir le Christ au tombeau, nos p\u00e9ch\u00e9s peuvent \u00eatre bris\u00e9s pour que nous soyons unis \u00e0 Dieu. En m\u00eame temps, la R\u00e9surrection nous assure que nous qui avons \u00e9t\u00e9 unis au Christ par le bapt\u00eame, nous sommes adopt\u00e9s comme fils et filles de Dieu. Nous vivons d\u00e9j\u00e0 de la vie divine.<\/span><\/p>\n<p class=\"Standard\" style=\"margin-bottom: 5.65pt; text-align: justify;\"><span style=\"font-size: 16pt; font-family: Caladea; color: #000000;\">La R\u00e9surrection de J\u00e9sus, c&rsquo;est enfin la source et la promesse de notre propre r\u00e9surrection\u00a0: \u00e0 tout homme, \u00e0 toute femme, il est offert de vivre pour toujours de cette vie qui d\u00e9j\u00e0 resplendit en J\u00e9sus.<\/span><\/p>\n<p class=\"Standard\" style=\"margin-bottom: 5.65pt; text-align: justify;\"><span style=\"color: #000000;\"><span style=\"font-size: 16.0pt; font-family: Caladea;\">\u00a0<\/span><span style=\"font-size: 16.0pt; font-family: Caladea;\">Tout cela, fr\u00e8res et s\u0153urs, nous aurons tout le temps pascal pour le red\u00e9couvrir. Retenons simplement une chose pour aujourd&rsquo;hui\u00a0: la R\u00e9surrection, c&rsquo;est la Victoire de la Vie. \u00c0 condition toutefois d&rsquo;\u00e9crire \u00ab\u00a0Victoire\u00a0\u00bb et \u00ab\u00a0Vie\u00a0\u00bb avec des V majuscules.<\/span><\/span><\/p>\n<p class=\"Standard\" style=\"margin-bottom: 5.65pt; text-align: justify;\"><span style=\"font-size: 16pt; font-family: Caladea; color: #000000;\">Car la Vie est bien plus que la vie dont nous faisons l&rsquo;exp\u00e9rience. C&rsquo;est bien plus que la vie biologique des plantes et des animaux\u00a0: se nourrir, se reproduire, durer dans le temps. M\u00eame si un jour la m\u00e9decine pouvait prolonger ind\u00e9finiment la vie biologique, cela emp\u00eacherait les hommes et les femmes de mourir, mais cela ne les rendrait pas forc\u00e9ment heureux.<\/span><\/p>\n<p class=\"Standard\" style=\"margin-bottom: 5.65pt; text-align: justify;\"><span style=\"font-size: 16pt; font-family: Caladea; color: #000000;\">La Vie, c&rsquo;est m\u00eame plus encore que cette vie que nous avons ici, avec les relations que nous tissons. La Vie avec un grand V, c&rsquo;est une vie d&rsquo;une telle qualit\u00e9, d&rsquo;une telle pl\u00e9nitude, que toute autre vie, \u00e0 c\u00f4t\u00e9 d&rsquo;elle, ressemble \u00e0 une mort.<\/span><\/p>\n<p class=\"Standard\" style=\"margin-bottom: 5.65pt; text-align: justify;\"><span style=\"font-size: 16pt; font-family: Caladea; color: #000000;\">La Vie, c&rsquo;est une vie sur laquelle la mort n&rsquo;a plus aucun pouvoir. Nous qui sommes ici, nous savons que nous sommes tous vivants et que nous allons tous mourir. Le Ressuscit\u00e9, lui, vit d&rsquo;une Vie qui ne conna\u00eetra jamais de fin. Dans la premi\u00e8re lecture, saint Pierre rappelle que J\u00e9sus, en Galil\u00e9e et en Jud\u00e9e, \u00e9tait habit\u00e9 d&rsquo;une puissance de vie telle qu&rsquo;il gu\u00e9rissait les malades, chassait les d\u00e9mons et ramenait les morts \u00e0 la vie. Il fallait la passion, la mort et la r\u00e9surrection pour manifester que cette vie qui \u00e9tait en J\u00e9sus \u00e9tait la Vie.<\/span><\/p>\n<p class=\"Standard\" style=\"margin-bottom: 5.65pt; text-align: justify;\"><span style=\"font-size: 16pt; font-family: Caladea; color: #000000;\">Car la Vie, c&rsquo;est tout simplement la Vie de Dieu, celle qui circule de toute \u00e9ternit\u00e9 entre le P\u00e8re, le Fils et l&rsquo;Esprit Saint, cette Vie qu&rsquo;est Dieu lui-m\u00eame, cette Vie dont saint Jean disait en parlant de J\u00e9sus\u00a0: \u00ab\u00a0Oui, la Vie s\u2019est manifest\u00e9e, nous l\u2019avons vue, et nous rendons t\u00e9moignage\u00a0: nous vous annon\u00e7ons la vie \u00e9ternelle qui \u00e9tait aupr\u00e8s du P\u00e8re et qui s\u2019est manifest\u00e9e \u00e0 nous.\u00a0\u00bb<\/span><\/p>\n<p class=\"Standard\" style=\"margin-bottom: 5.65pt; text-align: justify;\"><span style=\"color: #000000;\"><span style=\"font-size: 16.0pt; font-family: Caladea;\">\u00a0<\/span><span style=\"font-size: 16.0pt; font-family: Caladea;\">Et la Victoire\u00a0? Il faut aussi l&rsquo;\u00e9crire avec un V majuscule. D&rsquo;abord pour dire que ce n&rsquo;est pas une petite victoire, une victoire \u00e0 l&rsquo;arrach\u00e9, une victoire sur le fil, une victoire aux tirs aux buts. La Victoire de la Vie, c&rsquo;est une victoire large, sans appel, totale, absolue, incontestable, d\u00e9finitive. Christ est ressuscit\u00e9 des morts. Par la mort, il a \u00e9cras\u00e9 la mort.<\/span><\/span><\/p>\n<p class=\"Standard\" style=\"margin-bottom: 5.65pt; text-align: justify;\"><span style=\"font-size: 16pt; font-family: Caladea; color: #000000;\">La Victoire du Seigneur J\u00e9sus est si totale qu&rsquo;elle d\u00e9borde. La R\u00e9surrection n&rsquo;est pas que la victoire de J\u00e9sus\u00a0; elle est aussi la n\u00f4tre. Descendu au s\u00e9jour des morts, le Ressuscit\u00e9 en remonte victorieux, entra\u00eenant dans son \u00e9lan tous les hommes justes qui avaient v\u00e9cu avant lui, ouvrant une voie pour tous ceux qui vivront apr\u00e8s lui. La cr\u00e9ation tout enti\u00e8re se r\u00e9jouit du triomphe du Seigneur.<\/span><\/p>\n<p class=\"Standard\" style=\"margin-bottom: 5.65pt; text-align: justify;\"><span style=\"font-size: 16pt; font-family: Caladea; color: #000000;\">La Victoire du Seigneur J\u00e9sus se r\u00e9percute dans toute l&rsquo;histoire humaine, dans chacune de nos histoires. Chaque fois qu&rsquo;un homme ou une femme remporte une victoire sur le p\u00e9ch\u00e9, chaque fois que quelqu&rsquo;un opte pour la foi, l&rsquo;esp\u00e9rance et la charit\u00e9, chaque fois qu&rsquo;un mourant s&rsquo;endort dans la mort et s&rsquo;\u00e9veille \u00e0 la vraie Vie, c&rsquo;est un \u00e9cho de la Victoire du Seigneur dans sa vie.<\/span><\/p>\n<p class=\"Standard\" style=\"margin-bottom: 5.65pt; text-align: justify;\"><span style=\"font-size: 16pt; font-family: Caladea; color: #000000;\">La Victoire du Seigneur J\u00e9sus est absolument certaine. Quelles que soient les forces de mort \u00e0 l&rsquo;\u0153uvre dans notre monde, quelle que soit leur effrayante puissance de destruction, nous croyons et nous affirmons que la Vie a d\u00e9j\u00e0 gagn\u00e9. \u00ab\u00a0Car notre agneau pascal a \u00e9t\u00e9 immol\u00e9\u00a0: c\u2019est le Christ\u00a0\u00bb, nous disait saint Paul \u00e0 l&rsquo;instant. Chaque fois que nous c\u00e9l\u00e9brons l&rsquo;eucharistie, que nous communions \u00e0 son corps et \u00e0 son sang, nous r\u00e9affirmons notre foi en la Victoire de la Vie. Comme l&rsquo;\u00e9crivait saint Jean-Paul\u00a0II en 1995 dans son encyclique <i>l&rsquo;\u00c9vangile de la Vie<\/i>, \u00ab\u00a0[Le sang du Christ] est justement la raison la plus forte d&rsquo;esp\u00e9rer et m\u00eame le fondement de la certitude absolue que, selon le plan de Dieu, la vie remportera la victoire.\u00a0\u00bb<\/span><\/p>\n<p class=\"Standard\" style=\"margin-bottom: 5.65pt; text-align: justify;\"><span style=\"color: #000000;\"><span style=\"font-size: 16.0pt; font-family: Caladea;\">\u00a0<\/span><span style=\"font-size: 16.0pt; font-family: Caladea;\">Aujourd&rsquo;hui, fr\u00e8res et s\u0153urs, la Vie a remport\u00e9 la Victoire\u00a0! Christ est ressuscit\u00e9, il est vraiment ressuscit\u00e9. All\u00e9luia\u00a0!<\/span><\/span><\/p>\n<p style=\"text-align: right;\"><span style=\"color: #000000;\"><em>P\u00e8re Alexandre-Marie Valder<\/em><\/span><\/p>\n<p class=\"Standard\" style=\"margin-bottom: 5.65pt; text-align: justify;\"><span style=\"font-size: 16pt; font-family: Caladea; color: #000000;\">\u00a0<\/span><\/p>\n<p class=\"Standard\" style=\"margin-bottom: 5.65pt; text-align: justify;\"><span style=\"font-size: 16pt; font-family: Caladea; color: #000000;\">\u00a0<\/span><\/p>\n","protected":false},"excerpt":{"rendered":"<p>La Victoire de la Vie \u00ab\u00a0Christ est ressuscit\u00e9 des morts. Par la mort, il a \u00e9cras\u00e9 la mort. \u00c0 ceux qui \u00e9taient au tombeau, il a rendu la vie.\u00a0\u00bb All\u00e9luia\u00a0! All\u00e9luia\u00a0! Fr\u00e8res et s\u0153urs, nous voici au matin de la f\u00eate de la R\u00e9surrection du Seigneur. En pensant \u00e0 ce que je souhaitais vous dire&hellip; <br \/> <a class=\"read-more\" href=\"https:\/\/paroisses-nancy-sud.fr\/HOME\/la-victoire-de-la-vie\/\">Lire la suite<\/a><\/p>\n","protected":false},"author":9,"featured_media":290,"comment_status":"closed","ping_status":"open","sticky":false,"template":"","format":"standard","meta":[],"categories":[9],"tags":[],"acf":[],"_links":{"self":[{"href":"https:\/\/paroisses-nancy-sud.fr\/HOME\/wp-json\/wp\/v2\/posts\/3764"}],"collection":[{"href":"https:\/\/paroisses-nancy-sud.fr\/HOME\/wp-json\/wp\/v2\/posts"}],"about":[{"href":"https:\/\/paroisses-nancy-sud.fr\/HOME\/wp-json\/wp\/v2\/types\/post"}],"author":[{"embeddable":true,"href":"https:\/\/paroisses-nancy-sud.fr\/HOME\/wp-json\/wp\/v2\/users\/9"}],"replies":[{"embeddable":true,"href":"https:\/\/paroisses-nancy-sud.fr\/HOME\/wp-json\/wp\/v2\/comments?post=3764"}],"version-history":[{"count":2,"href":"https:\/\/paroisses-nancy-sud.fr\/HOME\/wp-json\/wp\/v2\/posts\/3764\/revisions"}],"predecessor-version":[{"id":3770,"href":"https:\/\/paroisses-nancy-sud.fr\/HOME\/wp-json\/wp\/v2\/posts\/3764\/revisions\/3770"}],"wp:featuredmedia":[{"embeddable":true,"href":"https:\/\/paroisses-nancy-sud.fr\/HOME\/wp-json\/wp\/v2\/media\/290"}],"wp:attachment":[{"href":"https:\/\/paroisses-nancy-sud.fr\/HOME\/wp-json\/wp\/v2\/media?parent=3764"}],"wp:term":[{"taxonomy":"category","embeddable":true,"href":"https:\/\/paroisses-nancy-sud.fr\/HOME\/wp-json\/wp\/v2\/categories?post=3764"},{"taxonomy":"post_tag","embeddable":true,"href":"https:\/\/paroisses-nancy-sud.fr\/HOME\/wp-json\/wp\/v2\/tags?post=3764"}],"curies":[{"name":"wp","href":"https:\/\/api.w.org\/{rel}","templated":true}]}}