{"id":3773,"date":"2024-03-30T21:05:00","date_gmt":"2024-03-30T20:05:00","guid":{"rendered":"https:\/\/paroisses-nancy-sud.fr\/HOME\/?p=3773"},"modified":"2024-03-30T18:40:28","modified_gmt":"2024-03-30T17:40:28","slug":"vigile-de-paques","status":"publish","type":"post","link":"https:\/\/paroisses-nancy-sud.fr\/HOME\/vigile-de-paques\/","title":{"rendered":"Vigile de P\u00e2ques"},"content":{"rendered":"\n<p><span style=\"color: #000000;\">Et, voil\u00e0, J\u00e9sus, tu n&rsquo;as pas \u00e9t\u00e9 abandonn\u00e9&#8230;<\/span><\/p>\n<p><span style=\"color: #000000;\">Le psalmiste ( Ps 15):<\/span><br \/><span style=\"color: #000000;\">\u00a0\u00bb <em>Tu ne peux m&rsquo;abandonner \u00e0 la mort, ni laisser ton ami voir la corruption\u00a0\u00bb.<\/em><\/span><\/p>\n<p><span style=\"color: #000000;\">Cri que le Christ a fait sien, au moment de ses angoisses, de ses sueurs \u00e0 Geths\u00e9mani\u00a0 \u00e0 l&rsquo;approche de sa mort, ou sur la croix, quand le sentiment d&rsquo;abandon s&#8217;empara de lui : \u00ab\u00a0mon Dieu, mon Dieu, pourquoi m&rsquo;as-tu abandonn\u00e9?\u00a0\u00bb<\/span><\/p>\n<p><span style=\"color: #000000;\">Lui, qui, par ce cri, maintenait encore le lien invisible avec le p\u00e8re, a pu s&rsquo;\u00e9crier, \u00e0 la suite d&rsquo;Ez\u00e9chias ( Is 38) : \u00a0\u00bb <em>Des puissances de la mort, d\u00e9livre-moi, Seigneur\u00a0\u00bb<\/em>&#8230;<\/span><\/p>\n<p><span style=\"color: #000000;\">Oui, en cette nuit de P\u00e2ques, la lumi\u00e8re a gagn\u00e9 sur l&rsquo;obscurit\u00e9. Le crucifi\u00e9, J\u00e9sus de Nazareth, n&rsquo;est plus \u00e0 chercher en fouillant du regard l&rsquo;obscurit\u00e9 du tombeau, du froid tombeau : \u00ab\u00a0<em>Il n&rsquo;est plus ici&#8230; Il vous pr\u00e9c\u00e8de en Galil\u00e9e!\u00a0\u00bb<\/em><\/span><\/p>\n<p><span style=\"color: #000000;\">Oui, Dieu l&rsquo;a ressuscit\u00e9,<\/span><br \/><span style=\"color: #000000;\">Dieu ne l&rsquo;a pas abandonn\u00e9 \u00e0 la mort.<\/span><\/p>\n<p><span style=\"color: #000000;\">D\u00e9sormais d\u00e9livr\u00e9 des puissances de la mort, il a un temps d&rsquo;avance sur nous, il est le premier n\u00e9 d&rsquo;entre les morts, le premier de la cord\u00e9e des vivants, des vivants de la nouvelle naissance, cette naissance \u00ab\u00a0d&rsquo;en haut\u00a0\u00bb dont il avait parl\u00e9 \u00e0 Nicod\u00e8me interloqu\u00e9.<\/span><\/p>\n<p><span style=\"color: #000000;\">Vit-il, J\u00e9sus-Christ, de cette vie nouvelle, seul ? Comme si l&rsquo;Evangile racontait la belle et forte aventure de J\u00e9sus de Nazareth, une \u00ab\u00a0aventure perso\u00a0\u00bb : le Fils de Dieu, apr\u00e8s une visite de quelques ann\u00e9es parmi les hommes, leur a d\u00e9livr\u00e9 un beau message, puis s&rsquo;en est retourn\u00e9, seul, vers son P\u00e8re. Visite termin\u00e9e, \u00e0 nous de jouer !&#8230;<\/span><\/p>\n<p><span style=\"color: #000000;\">Nous l&rsquo;aurons devin\u00e9, non. Son dessein, son \u0153uvre, \u00e9tait et demeure infiniment plus grand : NOUS avons \u00e9t\u00e9 emport\u00e9 avec Lui au tombeau pour que NOUS partagions d\u00e9sormais sa Vie nouvelle de ressuscit\u00e9. Oui, une r\u00e9surrection comme la sienne nous\u00a0 a \u00e9t\u00e9 acquise !<\/span><\/p>\n<p><span style=\"color: #000000;\">Nous l&rsquo;avons dit tout au long de ces trois jours saints, le Fils-de-Dieu fait homme n&rsquo;est pas \u00ab\u00a0l&rsquo;homme d&rsquo;un moment\u00a0\u00bb, le h\u00e9ros-sauveur-influenceur-s\u00e9ducteur d&rsquo;un moment, non, le Fils-de-Dieu fait homme, J\u00e9sus-Christ, est un homme de parole, et de parole tenue. Il EST la Parole et la Parole tenue, la Parole \u00e9ternelle, le Verbe de Dieu, le verbe fait chair, qui a pris notre chair, c&rsquo;est \u00e0 dire notre humanit\u00e9 si fragile, si \u00e9ph\u00e9m\u00e8re, si tiraill\u00e9e, travers\u00e9e de part en part par des peurs, rebelle \u00e0 accueillir avec confiance la vie comme un Don de son Cr\u00e9ateur.<\/span><\/p>\n<p><span style=\"color: #000000;\">C&rsquo;est avec toutes les pesanteurs de nos c\u0153urs de pierre qu&rsquo;il est crucifi\u00e9, J\u00e9sus, pour que d\u00e9sormais nos duret\u00e9s de c\u0153urs n&rsquo;aient plus le dernier mot. Pour que nous soyons, gr\u00e2ce \u00e0 lui, un homme nouveau, vivant DE sa Vie plus forte, DE son Esprit\u00a0 qui est son souffle divin.<\/span><\/p>\n<p><span style=\"color: #000000;\">Ayant r\u00e9pondu au mal par le bien, le Christ est d\u00e9sormais d\u00e9finitivement le dernier mot, ce bien comme r\u00e9ponse au mal, c&rsquo;est \u00e0 dire son Amour qui est \u00ab\u00a0de toujours \u00e0 toujours\u00a0\u00bb.<\/span><\/p>\n<p><span style=\"color: #000000;\">Le \u00ab\u00a0prince de ce monde\u00a0\u00bb qui est cet esprit malin, cet esprit de la tromperie, des fausses grandeurs, des mensonges pour accabler, faire d\u00e9sesp\u00e9rer, cet esprit malin et malicieux, <em>n&rsquo;est pas<\/em> le plus fort, et c&rsquo;est un fait acquit !<\/span><\/p>\n<p><span style=\"color: #000000;\">En d\u00e9pit des apparences, en d\u00e9pit des d\u00e9cha\u00eenements de violence qui peuvent encore tuer les corps, un mot, un cri, un nom sauve de la mort \u00e9ternelle : J\u00e9sus-Christ sauveur, Agneau vainqueur.<\/span><\/p>\n<p><span style=\"color: #000000;\">D\u00e9sormais, nous pouvons exalter avec le psalmiste ( Ps 29) :<\/span><\/p>\n<p style=\"text-align: center;\"><span style=\"color: #000000;\"><em>Avec le soir, viennent les larmes,<\/em><\/span><br \/><span style=\"color: #000000;\"><em>mais au matin, les cris de joie.<\/em><\/span><br \/><span style=\"color: #000000;\"><em>Tu as chang\u00e9 mon deuil en une danse,<\/em><\/span><br \/><span style=\"color: #000000;\"><em>mes habits fun\u00e8bres en parure de joie.<\/em><\/span><\/p>\n<p style=\"text-align: center;\"><span style=\"color: #000000;\"><em>Que mon coeur ne se taise pas,<\/em><\/span><br \/><span style=\"color: #000000;\"><em>qu&rsquo;il soit en f\u00eate pour toi,<\/em><\/span><br \/><span style=\"color: #000000;\"><em>et que sans fin, Seigneur, mon Dieu,<\/em><\/span><br \/><span style=\"color: #000000;\"><em>je te rende gr\u00e2ce!<\/em><\/span><\/p>\n<p style=\"text-align: right;\"><span style=\"color: #000000;\"><em>P\u00e8re Marc Haeussler<\/em><\/span><\/p>\n","protected":false},"excerpt":{"rendered":"<p>Et, voil\u00e0, J\u00e9sus, tu n&rsquo;as pas \u00e9t\u00e9 abandonn\u00e9&#8230; Le psalmiste ( Ps 15):\u00a0\u00bb Tu ne peux m&rsquo;abandonner \u00e0 la mort, ni laisser ton ami voir la corruption\u00a0\u00bb. Cri que le Christ a fait sien, au moment de ses angoisses, de ses sueurs \u00e0 Geths\u00e9mani\u00a0 \u00e0 l&rsquo;approche de sa mort, ou sur la croix, quand le&hellip; <br \/> <a class=\"read-more\" href=\"https:\/\/paroisses-nancy-sud.fr\/HOME\/vigile-de-paques\/\">Lire la suite<\/a><\/p>\n","protected":false},"author":7,"featured_media":290,"comment_status":"closed","ping_status":"open","sticky":false,"template":"","format":"standard","meta":[],"categories":[9],"tags":[],"acf":[],"_links":{"self":[{"href":"https:\/\/paroisses-nancy-sud.fr\/HOME\/wp-json\/wp\/v2\/posts\/3773"}],"collection":[{"href":"https:\/\/paroisses-nancy-sud.fr\/HOME\/wp-json\/wp\/v2\/posts"}],"about":[{"href":"https:\/\/paroisses-nancy-sud.fr\/HOME\/wp-json\/wp\/v2\/types\/post"}],"author":[{"embeddable":true,"href":"https:\/\/paroisses-nancy-sud.fr\/HOME\/wp-json\/wp\/v2\/users\/7"}],"replies":[{"embeddable":true,"href":"https:\/\/paroisses-nancy-sud.fr\/HOME\/wp-json\/wp\/v2\/comments?post=3773"}],"version-history":[{"count":1,"href":"https:\/\/paroisses-nancy-sud.fr\/HOME\/wp-json\/wp\/v2\/posts\/3773\/revisions"}],"predecessor-version":[{"id":3774,"href":"https:\/\/paroisses-nancy-sud.fr\/HOME\/wp-json\/wp\/v2\/posts\/3773\/revisions\/3774"}],"wp:featuredmedia":[{"embeddable":true,"href":"https:\/\/paroisses-nancy-sud.fr\/HOME\/wp-json\/wp\/v2\/media\/290"}],"wp:attachment":[{"href":"https:\/\/paroisses-nancy-sud.fr\/HOME\/wp-json\/wp\/v2\/media?parent=3773"}],"wp:term":[{"taxonomy":"category","embeddable":true,"href":"https:\/\/paroisses-nancy-sud.fr\/HOME\/wp-json\/wp\/v2\/categories?post=3773"},{"taxonomy":"post_tag","embeddable":true,"href":"https:\/\/paroisses-nancy-sud.fr\/HOME\/wp-json\/wp\/v2\/tags?post=3773"}],"curies":[{"name":"wp","href":"https:\/\/api.w.org\/{rel}","templated":true}]}}