{"id":3806,"date":"2024-04-12T11:00:04","date_gmt":"2024-04-12T09:00:04","guid":{"rendered":"https:\/\/paroisses-nancy-sud.fr\/HOME\/?p=3806"},"modified":"2024-04-12T11:00:04","modified_gmt":"2024-04-12T09:00:04","slug":"annonces-de-la-visitation-du-14-avril","status":"publish","type":"post","link":"https:\/\/paroisses-nancy-sud.fr\/HOME\/annonces-de-la-visitation-du-14-avril\/","title":{"rendered":"Annonces de la Visitation du 14 avril"},"content":{"rendered":"\n<p><span style=\"color: #000000;\"><strong><span style=\"text-decoration: underline;\">Lundi 15 avril,<\/span> <\/strong>de 14h \u00e0 16h, lecture suivie de la lettre de St Paul aux \u00c9ph\u00e9siens, en 2 groupes, dans les salles paroissiales du RDC du presbyt\u00e8re.<\/span><\/p>\n<p><span style=\"color: #000000;\"><span style=\"text-decoration: underline;\"><strong>Mercredi 17 avril, <\/strong><\/span>rencontre Inter-EAP \u00e0 Jarville.<\/span><\/p>\n<p><span style=\"color: #000000;\"><span style=\"text-decoration: underline;\"><strong>Le dimanche 21 avril\u00a0: Journ\u00e9e Mondiale de pri\u00e8re pour les vocations\u00a0<br \/><\/strong><\/span>Depuis plus de 50 ans, \u00e0 l\u2019initiative de la France qui fut la premi\u00e8re \u00e0 cr\u00e9er un Service national des vocations en 1959 et \u00e0 sugg\u00e9rer au pape Paul VI d\u2019instaurer une\u00a0Journ\u00e9e Mondiale de pri\u00e8re pour les vocations, la journ\u00e9e du 4\u00e8me\u00a0dimanche de P\u00e2ques rappelle l\u2019importance de prier pour les vocations. C\u2019est une journ\u00e9e d\u2019invitation \u00e0 la r\u00e9flexion : quand on parle de vocation, on parle de ce qui touche l\u2019\u00eatre humain au plus intime de sa libert\u00e9. C\u2019est aussi une journ\u00e9e d\u2019invitation \u00e0 la pri\u00e8re\u00a0: pour qu\u2019une libert\u00e9 humaine d\u00e9couvre son chemin, elle a besoin d\u2019\u00eatre \u00e9clair\u00e9e et stimul\u00e9e. C\u2019est le r\u00f4le du Saint Esprit.<\/span><br \/><span style=\"color: #000000;\">Dans le cadre de cette journ\u00e9e, le\u00a0<a style=\"color: #000000;\" href=\"https:\/\/www.catholique-nancy.fr\/sites\/service-diocesain-des-vocations\/\">service dioc\u00e9sain des vocations<\/a>\u00a0de notre dioc\u00e8se vous propose diff\u00e9rents \u00e9v\u00e9nements :<\/span><\/p>\n<ul>\n<li><span style=\"color: #000000;\"><strong>Jeudi 18 avril<\/strong>, au Cam\u00e9o Saint-S\u00e9bastien \u00e0 Nancy \u00e0 20h : Projection du film Sacerdoce suivie d\u2019une table-ronde avec notre \u00e9v\u00eaque, Monseigneur Pierre-Yves Michel.<\/span><\/li>\n<li><span style=\"color: #000000;\"><strong style=\"font-size: revert;\">Samedi 20 avril<\/strong><span style=\"font-size: revert;\">, \u00e0 la Cath\u00e9drale de Nancy \u00e0 partir de 13h : Marche des vocations jusque Saint-Nicolas-de-Port, \u00e0 l\u2019initiative du secteur de Nancy-Ville.<\/span><\/span><\/li>\n<li><span style=\"color: #000000;\"><strong style=\"font-size: revert;\">\u00c9glise Saint-Jacques de Lun\u00e9ville \u00e0 20h :<\/strong><span style=\"font-size: revert;\"> Veill\u00e9e de pri\u00e8re pour les vocations pour le secteur Sud du dioc\u00e8se.<\/span><\/span><\/li>\n<li><span style=\"color: #000000;\"><strong style=\"font-size: revert;\">Dimanche 21 avril <\/strong><span style=\"font-size: revert;\">\u00e0 la Cath\u00e9drale de Nancy \u00e0 17h30 : V\u00eapres solennelles.<\/span><\/span><\/li>\n<li><span style=\"color: #000000;\"><strong style=\"font-size: revert;\">Le\u00a0dimanche 21 avril 2024<\/strong><span style=\"font-size: revert;\">, une qu\u00eate imp\u00e9r\u00e9e sera r\u00e9alis\u00e9e\u00a0en faveur de l\u2019<\/span><a style=\"font-size: revert; color: #000000;\" href=\"https:\/\/www.mavocation.org\/\">\u0152uvre des Vocations<\/a><span style=\"font-size: revert;\">\u00a0afin de contribuer \u00e0 la pastorale des vocations religieuses et sacerdotales mais aussi au financement de la formation des s\u00e9minaristes.<\/span><\/span><\/li>\n<\/ul>\n<p><span style=\"color: #000000;\"><strong><span style=\"text-decoration: underline;\">Du 15 au 21 juillet\u00a0: p\u00e8lerinage dioc\u00e9sain \u00e0 Lourdes\u00a0;<\/span> <\/strong>pr\u00e9sid\u00e9 par Mgr Pierre-Yves Michel<\/span><br \/><span style=\"color: #000000;\">En famille, en paroisse, seul, quel que soit votre \u00e2ge ou votre sant\u00e9\u00a0;<\/span><br \/><span style=\"color: #000000;\">Inscription avant le <strong>11 juin<\/strong>\u00a0; Bulletins \u00e0 disposition \u00e0 la maison paroissiale ou au fond de l\u2019\u00e9glise\u00a0;<\/span><\/p>\n<p><span style=\"color: #000000;\"><span style=\"text-decoration: underline;\"><strong>22 juin 2024<\/strong>\u00a0: Rassemblement dioc\u00e9sain \u00e0 Sion<\/span> pour les jeunes et enfants cat\u00e9chis\u00e9s\u00a0;<\/span><br \/><span style=\"color: #000000;\">Date limite d\u2019inscription, le 19 avril.<\/span><\/p>\n<p><span style=\"color: #000000;\"><strong>\u00a0<\/strong><strong><span style=\"text-decoration: underline;\">Messes en semaine.<\/span><em><span style=\"text-decoration: underline;\">\u00a0<\/span><br \/><\/em><\/strong>Jeudi 18 avril: Pas de messe<\/span><br \/><span style=\"color: #000000;\">Vendredi 19 avril: Pas de messe<\/span><br \/><span style=\"color: #000000;\">Maintien de la messe le vendredi 19 avril \u00e0 la r\u00e9sidence de Maizi\u00e8res<\/span><\/p>\n<p><span style=\"color: #000000;\"><span style=\"text-decoration: underline;\"><strong>Messes \u00e0 la Visitation<br \/><\/strong><\/span>Samedi 20 avril \u00e0 18h00\u00a0: Chaligny<\/span><br \/><span style=\"color: #000000;\">Dimanche 21 avril \u00e0 10h00\u00a0: Pulligny et \u00e0 10h30\u00a0: Neuves-Maisons.<\/span><\/p>\n<p><span style=\"color: #000000;\"><strong><u>Permanences \u00e0 la maison paroissiale :<\/u><\/strong> <\/span><br \/><span style=\"color: #000000;\">Mardi de 14h \u00e0 16h30 et Samedi de 9h30 \u00e0 11h30<\/span><br \/><span style=\"color: #000000;\">tel : 03 83 47 25 54 \u2013 <em><strong>adresse mail<\/strong><\/em><strong> : <\/strong><a style=\"color: #000000;\" href=\"mailto:visitationmm@orange.fr\">visitationmm@orange.fr<\/a>\u00a0 <\/span><br \/><span style=\"color: #000000;\">Horaires des messes :\u00a0 <a style=\"color: #000000;\" href=\"https:\/\/messes.info\/\">messesinfo<\/a><em> (cliquer sur le lien)<\/em><\/span><\/p>\n","protected":false},"excerpt":{"rendered":"<p>Lundi 15 avril, de 14h \u00e0 16h, lecture suivie de la lettre de St Paul aux \u00c9ph\u00e9siens, en 2 groupes, dans les salles paroissiales du RDC du presbyt\u00e8re. Mercredi 17 avril, rencontre Inter-EAP \u00e0 Jarville. Le dimanche 21 avril\u00a0: Journ\u00e9e Mondiale de pri\u00e8re pour les vocations\u00a0Depuis plus de 50 ans, \u00e0 l\u2019initiative de la France&hellip; <br \/> <a class=\"read-more\" href=\"https:\/\/paroisses-nancy-sud.fr\/HOME\/annonces-de-la-visitation-du-14-avril\/\">Lire la suite<\/a><\/p>\n","protected":false},"author":5,"featured_media":471,"comment_status":"closed","ping_status":"open","sticky":false,"template":"","format":"standard","meta":[],"categories":[10],"tags":[],"acf":[],"_links":{"self":[{"href":"https:\/\/paroisses-nancy-sud.fr\/HOME\/wp-json\/wp\/v2\/posts\/3806"}],"collection":[{"href":"https:\/\/paroisses-nancy-sud.fr\/HOME\/wp-json\/wp\/v2\/posts"}],"about":[{"href":"https:\/\/paroisses-nancy-sud.fr\/HOME\/wp-json\/wp\/v2\/types\/post"}],"author":[{"embeddable":true,"href":"https:\/\/paroisses-nancy-sud.fr\/HOME\/wp-json\/wp\/v2\/users\/5"}],"replies":[{"embeddable":true,"href":"https:\/\/paroisses-nancy-sud.fr\/HOME\/wp-json\/wp\/v2\/comments?post=3806"}],"version-history":[{"count":1,"href":"https:\/\/paroisses-nancy-sud.fr\/HOME\/wp-json\/wp\/v2\/posts\/3806\/revisions"}],"predecessor-version":[{"id":3807,"href":"https:\/\/paroisses-nancy-sud.fr\/HOME\/wp-json\/wp\/v2\/posts\/3806\/revisions\/3807"}],"wp:featuredmedia":[{"embeddable":true,"href":"https:\/\/paroisses-nancy-sud.fr\/HOME\/wp-json\/wp\/v2\/media\/471"}],"wp:attachment":[{"href":"https:\/\/paroisses-nancy-sud.fr\/HOME\/wp-json\/wp\/v2\/media?parent=3806"}],"wp:term":[{"taxonomy":"category","embeddable":true,"href":"https:\/\/paroisses-nancy-sud.fr\/HOME\/wp-json\/wp\/v2\/categories?post=3806"},{"taxonomy":"post_tag","embeddable":true,"href":"https:\/\/paroisses-nancy-sud.fr\/HOME\/wp-json\/wp\/v2\/tags?post=3806"}],"curies":[{"name":"wp","href":"https:\/\/api.w.org\/{rel}","templated":true}]}}