{"id":3889,"date":"2024-05-24T18:31:03","date_gmt":"2024-05-24T16:31:03","guid":{"rendered":"https:\/\/paroisses-nancy-sud.fr\/HOME\/?p=3889"},"modified":"2024-05-24T18:31:03","modified_gmt":"2024-05-24T16:31:03","slug":"annonces-de-la-visitation-du-26-mai","status":"publish","type":"post","link":"https:\/\/paroisses-nancy-sud.fr\/HOME\/annonces-de-la-visitation-du-26-mai\/","title":{"rendered":"Annonces de la Visitation du 26 mai"},"content":{"rendered":"\n<p><span style=\"color: #000000;\"><span style=\"text-decoration: underline;\"><strong>Samedi 08 juin,<\/strong><\/span> mariages de Nicolas et Maud en l\u2019\u00e9glise de Frolois, et de Philippe et Sylvie en l\u2019\u00e9glise de Neuves-Maisons.<\/span><br \/><span style=\"color: #000000;\"><strong>R\u00e9jouissons-nous et portons-les dans nos pri\u00e8res\u00a0!<\/strong><\/span><\/p>\n<p style=\"text-align: left;\"><span style=\"color: #000000;\"><strong><span style=\"text-decoration: underline;\">Vers plus de fraternit\u00e9<\/span> :<br \/><\/strong><strong>Ce dimanche de Pentec\u00f4te<\/strong>, notre \u00e9v\u00eaque a publi\u00e9 sa premi\u00e8re lettre pastorale intitul\u00e9e\u00a0\u00ab\u00a0Vers plus de fraternit\u00e9\u00a0\u00bb. Elle repr\u00e9sente une \u00e9tape importante dans la d\u00e9marche de conversion missionnaire.<\/span><br \/><span style=\"color: #000000;\">Un r\u00e9sum\u00e9 de la lettre pastorale est diffus\u00e9 dans le dioc\u00e8se.<\/span><br \/><span style=\"color: #000000;\">Chacun est invit\u00e9 \u00e0 lire cette lettre : vous pouvez <strong>la t\u00e9l\u00e9charger <a style=\"color: #000000;\" href=\"https:\/\/www.catholique-nancy.fr\/accueil\/69320-lettre-pastorale-vers-plus-de-fraternite\/\">sur notre site<\/a> ou demander le livret dans votre paroisse\u00a0 \u00a0 \u00a0<\/strong><\/span><\/p>\n<p><span style=\"color: #000000;\"><span style=\"text-decoration: underline;\"><strong>\u00a0<\/strong><\/span><strong><span style=\"text-decoration: underline;\">\u00c9quipes du Rosaire<\/span>\u00a0<\/strong>: comme chaque d\u00e9but de mois, les \u00e9quipes du secteur se r\u00e9unissent. Pour juin, ce sera le lundi 03 \u00e0 14h30 et elles invitent toutes personnes int\u00e9ress\u00e9es \u00e0 les rejoindre.<\/span><\/p>\n<p><span style=\"color: #000000;\"><span style=\"text-decoration: underline;\"><strong>Qu\u00eate charges paroissiales<\/strong>\u00a0: C<\/span>omme tous les premiers dimanches du mois, une qu\u00eate en fin de messe est assur\u00e9e pour une participation aux charges paroissiales. Elle est valable pour toute la paroisse de la Visitation. Merci pour votre don\u00a0!<\/span><\/p>\n<p><span style=\"color: #000000;\"><strong><span style=\"text-decoration: underline;\">Notre \u00e9v\u00eaque \u00e0 la rencontre des jeunes, le 2 juin\u00a0<\/span><br \/><\/strong>Mgr Michel passera la journ\u00e9e \u00e0 Jarville pour rencontrer les adolescents et jeunes adultes de notre secteur.<\/span><br \/><span style=\"color: #000000;\"><em>10h30, messe puis table ouverte pour tous\u00a0; 13h30 : grand jeu au parc de Montaigu<br \/><\/em><em>15h : \u00ab Aimer pleinement, aimer toujours, c\u2019est possible \u00bb 16h30 : go\u00fbter, puis enseignement par l\u2019\u00e9v\u00eaque et temps de pri\u00e8re. Fin vers 18h. <\/em>Baptis\u00e9s ou non, membres d\u2019une aum\u00f4nerie ou d\u2019un mouvement, tous sont bienvenus. Les a\u00een\u00e9s peuvent le proposer autour d\u2019eux.<\/span><br \/><span style=\"color: #000000;\">Si possible, pr\u00e9venir le P. Alexandre-Marie Valder. (<a style=\"color: #000000;\" href=\"mailto:amvalder@lilo.org\">amvalder@lilo.org<\/a>) .<\/span><\/p>\n<p><span style=\"color: #000000;\"><strong><span style=\"text-decoration: underline;\">Les samedi 1er juin et dimanche 2 juin<\/span>,<\/strong> concerts donn\u00e9s en l&rsquo;\u00e9glise Saint Martin\u00a0de Frolois<\/span><br \/><span style=\"color: #000000;\">D\u00e9couvrez le programme tr\u00e8s riche ainsi que les horaires\u00a0sur les affiches et flyers au fond de l\u2019\u00e9glise<\/span><\/p>\n<p><span style=\"color: #000000;\"><strong><span style=\"text-decoration: underline;\">Du 15 au 21 juillet\u00a0: p\u00e8lerinage dioc\u00e9sain \u00e0 Lourdes<\/span>\u00a0; <\/strong>pr\u00e9sid\u00e9 par Mgr Pierre-Yves Michel<\/span><br \/><span style=\"color: #000000;\">En famille, en paroisse, seul, quel que soit votre \u00e2ge ou votre sant\u00e9\u00a0;<\/span><br \/><span style=\"color: #000000;\">* Inscription avant le <strong>11 juin<\/strong> ; Bulletins \u00e0 disposition \u00e0 la maison paroissiale ou au fond de l\u2019\u00e9glise, ou sur le <a style=\"color: #000000;\" href=\"https:\/\/www.catholique-nancy.fr\/sites\/service-diocesain-des-pelerinages\/agenda\/37341-pelerinage-diocesain-a-lourdes\/\">site du dioc\u00e8se<\/a>\u00a0<\/span><\/p>\n<p><span style=\"color: #000000;\"><span style=\"text-decoration: underline;\"><strong>Apr\u00e8s plusieurs ann\u00e9es de fermeture, la biblioth\u00e8que dioc\u00e9saine rouvre ses portes !<br \/><\/strong><\/span>Cette r\u00e9ouverture sera marqu\u00e9e par une c\u00e9r\u00e9monie d\u2019ouverture le 1er juin puis par un mois d\u2019activit\u00e9s (<em>conf\u00e9rences, ateliers, livres \u00e0 d\u00e9couvrir<\/em>). \u00ab\u00a0On voudrait que cet espace devienne un lieu [\u2026] o\u00f9 les usagers de la maison de l\u2019Asn\u00e9e puissent venir se l\u2019approprier et qu\u2019on puisse organiser des conf\u00e9rences, des rencontres, des \u00e9changes.\u00a0\u00bb <em>C\u00e9dric Andriot, directeur de la biblioth\u00e8que dioc\u00e9saine<\/em><\/span><\/p>\n<p><span style=\"color: #000000;\"><strong>\u00a0<\/strong><span style=\"text-decoration: underline;\"><strong>Messes en semaine.<br \/><\/strong><\/span><strong>Vendredi 31 mai, <\/strong>f\u00eate de Notre Dame de la Visitation<strong>, messe \u00e0 14h30<\/strong> \u00e0 l\u2019\u00e9glise de Neuves-Maisons.<\/span><br \/><span style=\"color: #000000;\">Jeudi\u00a0: adoration \u00e0 16h00 et messe \u00e0 16h30 \u00e0 la chapelle.<\/span><\/p>\n<p><span style=\"color: #000000;\"><span style=\"text-decoration: underline;\"><strong>Messes \u00e0 la Visitation<br \/><\/strong><\/span>Samedi 01 juin \u00e0 18h00\u00a0: Pas de messe<\/span><br \/><span style=\"color: #000000;\">Dimanche 02 juin\u00a0: 10h00 \u00e0 Xeuilley et 10h30 \u00e0 Neuves-Maisons.<\/span><\/p>\n<p><span style=\"color: #000000;\"><strong><u>Permanences \u00e0 la maison paroissiale :<\/u><\/strong> <\/span><br \/><span style=\"color: #000000;\">Mardi de 14h \u00e0 16h30 et Samedi de 9h30 \u00e0 11h30<\/span><br \/><span style=\"color: #000000;\">tel : 03 83 47 25 54 \u2013 <em><strong>adresse mail<\/strong><\/em><strong> : <\/strong><a style=\"color: #000000;\" href=\"mailto:visitationmm@orange.fr\">visitationmm@orange.fr<\/a>\u00a0 <\/span><br \/><span style=\"color: #000000;\">Horaires des messes :\u00a0 <a style=\"color: #000000;\" href=\"https:\/\/messes.info\/\">messesinfo<\/a><em> (cliquer sur le lien)<\/em><\/span><\/p>\n","protected":false},"excerpt":{"rendered":"<p>Samedi 08 juin, mariages de Nicolas et Maud en l\u2019\u00e9glise de Frolois, et de Philippe et Sylvie en l\u2019\u00e9glise de Neuves-Maisons.R\u00e9jouissons-nous et portons-les dans nos pri\u00e8res\u00a0! Vers plus de fraternit\u00e9 :Ce dimanche de Pentec\u00f4te, notre \u00e9v\u00eaque a publi\u00e9 sa premi\u00e8re lettre pastorale intitul\u00e9e\u00a0\u00ab\u00a0Vers plus de fraternit\u00e9\u00a0\u00bb. Elle repr\u00e9sente une \u00e9tape importante dans la d\u00e9marche de&hellip; <br \/> <a class=\"read-more\" href=\"https:\/\/paroisses-nancy-sud.fr\/HOME\/annonces-de-la-visitation-du-26-mai\/\">Lire la suite<\/a><\/p>\n","protected":false},"author":5,"featured_media":472,"comment_status":"closed","ping_status":"open","sticky":false,"template":"","format":"standard","meta":[],"categories":[10],"tags":[],"acf":[],"_links":{"self":[{"href":"https:\/\/paroisses-nancy-sud.fr\/HOME\/wp-json\/wp\/v2\/posts\/3889"}],"collection":[{"href":"https:\/\/paroisses-nancy-sud.fr\/HOME\/wp-json\/wp\/v2\/posts"}],"about":[{"href":"https:\/\/paroisses-nancy-sud.fr\/HOME\/wp-json\/wp\/v2\/types\/post"}],"author":[{"embeddable":true,"href":"https:\/\/paroisses-nancy-sud.fr\/HOME\/wp-json\/wp\/v2\/users\/5"}],"replies":[{"embeddable":true,"href":"https:\/\/paroisses-nancy-sud.fr\/HOME\/wp-json\/wp\/v2\/comments?post=3889"}],"version-history":[{"count":2,"href":"https:\/\/paroisses-nancy-sud.fr\/HOME\/wp-json\/wp\/v2\/posts\/3889\/revisions"}],"predecessor-version":[{"id":3894,"href":"https:\/\/paroisses-nancy-sud.fr\/HOME\/wp-json\/wp\/v2\/posts\/3889\/revisions\/3894"}],"wp:featuredmedia":[{"embeddable":true,"href":"https:\/\/paroisses-nancy-sud.fr\/HOME\/wp-json\/wp\/v2\/media\/472"}],"wp:attachment":[{"href":"https:\/\/paroisses-nancy-sud.fr\/HOME\/wp-json\/wp\/v2\/media?parent=3889"}],"wp:term":[{"taxonomy":"category","embeddable":true,"href":"https:\/\/paroisses-nancy-sud.fr\/HOME\/wp-json\/wp\/v2\/categories?post=3889"},{"taxonomy":"post_tag","embeddable":true,"href":"https:\/\/paroisses-nancy-sud.fr\/HOME\/wp-json\/wp\/v2\/tags?post=3889"}],"curies":[{"name":"wp","href":"https:\/\/api.w.org\/{rel}","templated":true}]}}