{"id":3891,"date":"2024-05-24T18:25:24","date_gmt":"2024-05-24T16:25:24","guid":{"rendered":"https:\/\/paroisses-nancy-sud.fr\/HOME\/?p=3891"},"modified":"2024-05-24T18:25:53","modified_gmt":"2024-05-24T16:25:53","slug":"annonces-de-sain-francois-de-sales-et-sainte-jeanne-de-chantal-du-26-mai","status":"publish","type":"post","link":"https:\/\/paroisses-nancy-sud.fr\/HOME\/annonces-de-sain-francois-de-sales-et-sainte-jeanne-de-chantal-du-26-mai\/","title":{"rendered":"Annonces de Saint-Fran\u00e7ois-de-Sales et Sainte-Jeanne-de-Chantal du 26 mai"},"content":{"rendered":"\n<p><span style=\"color: #000000;\"><span style=\"text-decoration: underline;\"><strong>Notre \u00e9v\u00eaque \u00e0 notre rencontre\u00a0!<br \/><\/strong><\/span><strong>Le dimanche 2 juin,<\/strong> Mgr Michel pr\u00e9sidera la c\u00e9l\u00e9bration de la Solennit\u00e9 du Saint Sacrement \u00e0<strong> Jarville.<br \/><\/strong><strong>&#8211; 10h30, messe<\/strong> puis <strong>table ouverte pour tous, jeunes et adultes de nos paroisses<br \/><\/strong><strong>Apr\u00e8s-midi\u00a0: rencontre de l\u2019\u00e9v\u00eaque avec les jeunes\u00a0:<br \/><\/strong>&#8211; <strong>13h30 <\/strong>: <strong>grand jeu<\/strong> au parc de Montaigu<\/span><br \/><span style=\"color: #000000;\">&#8211; <strong>15h :<\/strong> <strong>atelier<\/strong>\u00a0: \u00ab\u00a0Aimer pleinement, aimer toujours, c\u2019est possible\u00a0\u00bb<\/span><br \/><span style=\"color: #000000;\">&#8211; <strong>16h30 : go\u00fbter<\/strong>, puis enseignement par l\u2019\u00e9v\u00eaque et temps de pri\u00e8re &#8211; <strong>Fin vers 18h.<br \/><\/strong>Baptis\u00e9s ou non, membres d\u2019une aum\u00f4nerie ou d\u2019un mouvement, tous sont bienvenus.<\/span><br \/><span style=\"color: #000000;\">Les a\u00een\u00e9s peuvent le proposer autour d\u2019eux. Si possible, pr\u00e9venir le P. Alexandre-Marie Valder (<a style=\"color: #000000;\" href=\"mailto:amvalder@lilo.org\">amvalder@lilo.org<\/a>) pour mieux s\u2019organiser.<\/span><br \/><span style=\"color: #000000;\"><strong>Attention\u00a0! Pas de messe \u00e0 Ludres, donc \u00e0 Sainte-Jeanne-de-Chantal, ce dimanche 2 juin.<\/strong><\/span><\/p>\n<p><span style=\"color: #000000;\"><span style=\"text-decoration: underline;\"><strong>Bapt\u00eames, Mariages.<br \/><\/strong><\/span><strong style=\"font-size: revert;\">Samedi 25 mai, \u00e0 Flavigny, mariage <\/strong><span style=\"font-size: revert;\">de Cl\u00e9mence et Ludovic<\/span><strong style=\"font-size: revert;\">,\u00a0<\/strong><strong>\u00e0 Laneuveville mariages de <\/strong>Laur\u00e9l\u00e8ne et Jordan <strong>puis de <\/strong>Alexia et Julien.<\/span><br \/><span style=\"color: #000000;\"><strong>Samedi 25 mai, \u00e0 Laneuveville, bapt\u00eame<\/strong> de L\u00e9ane.<\/span><br \/><span style=\"color: #000000;\"><strong>Dimanche 26 mai, \u00e0 Flavigny, accueil de familles<\/strong> pr\u00e9parant le bapt\u00eame de leurs enfants.<\/span><br \/><span style=\"color: #000000;\"><strong>Samedi 1<sup>er<\/sup> juin \u00e0 Ludres, mariage de <\/strong>Annick et Rodolphe.<\/span><br \/><span style=\"color: #000000;\"><strong>Dimanche 2 juin, \u00e0 Ludres, bapt\u00eame de <\/strong>L\u00e9onie.<\/span><br \/><span style=\"color: #000000;\"><strong>Dimanche 2 juin \u00e0 Jarville accueil de familles<\/strong> pr\u00e9parant le bapt\u00eame de leurs b\u00e9b\u00e9s.<\/span><\/p>\n<p><span style=\"color: #000000;\"><em>Prions pour ces enfants et ces adultes et leur cheminement<\/em><strong>. <\/strong><\/span><\/p>\n<p><span style=\"color: #000000;\"><span style=\"text-decoration: underline;\"><strong>Premi\u00e8res communions<br \/><\/strong><\/span>Les enfants de 2<sup>\u00e8me<\/sup> ann\u00e9e de cat\u00e9 font leur premi\u00e8re communion <strong>dimanche 2 juin \u00e0 Jarville et le dimanche 9 juin \u00e0 Flavigny et Neuves-Maisons<\/strong>. Nous accompagnerons Adrien, Jade, Jean, Laura, Mathis, Rapha\u00eblle, du groupe d\u2019Heillecourt, le 2 Juin \u00e0 Jarville.<\/span><\/p>\n<p><span style=\"color: #000000;\"><span style=\"text-decoration: underline;\"><strong>Mois de mai, mois de Marie :<br \/><\/strong><\/span><strong>Ce lundi 27 mai, \u00e0 17h, la pri\u00e8re du rosaire sera propos\u00e9e \u00e0 la fois \u00e0 Jarville et \u00e0 Richardm\u00e9nil.<\/strong><\/span><\/p>\n<p><span style=\"color: #000000;\"><span style=\"text-decoration: underline;\"><strong>Qu\u00eate du premier dimanche du mois :<br \/><\/strong><\/span><strong>Samedi 1<sup>er<\/sup> juin et dimanche 2 juin, <\/strong>la qu\u00eate sera faite \u00e0 la sortie des messes. Ces qu\u00eates aident \u00e0 couvrir les frais pastoraux et de fonctionnement de nos paroisses. Merci de votre participation.<\/span><\/p>\n<p><span style=\"color: #000000;\"><span style=\"text-decoration: underline;\"><strong>D\u00e9part du p\u00e8re Marc vers une nouvelle mission<br \/><\/strong><\/span>Vu le d\u00e9part du p\u00e8re Marc, nous nous retrouverons pour rendre gr\u00e2ce pour les ann\u00e9es partag\u00e9es et prendre le temps d\u2019un au revoir les\u00a0:<\/span><br \/><span style=\"color: #000000;\"><strong>\u00a0&#8211; Dimanche 23 juin \u00e0 10h30 \u00e0 Jarville<br \/><\/strong>\u00a0&#8211; <strong>Dimanche 30 juin \u00e0 10h 30 \u00e0 Neuves-Maisons<br \/><\/strong><strong style=\"font-size: revert;\">\u00a0&#8211; Dimanche 7 juillet \u00e0 11h \u00e0 Ludres<\/strong><span style=\"font-size: revert;\"> (<\/span><em style=\"font-size: revert;\">ce sera aussi la journ\u00e9e des b\u00e9n\u00e9voles de la paroisse SJC<\/em><span style=\"font-size: revert;\">).<br \/><\/span>Un moment convivial suivra bien s\u00fbr les temps de c\u00e9l\u00e9bration.<\/span><br \/><span style=\"color: #000000;\">Vous trouverez, \u00e0 la sortie des \u00e9glises, <strong>une urne en pr\u00e9vision d\u2019un cadeau de remerciement au p\u00e8re Marc<\/strong>. D\u2019avance merci\u00a0de votre participation ! Toutes autres id\u00e9es sont les bienvenues.<\/span><\/p>\n<p><span style=\"color: #000000;\"><span style=\"text-decoration: underline;\"><strong>\u00a0<\/strong><strong>Conf\u00e9rence\u00a0: <\/strong><strong><em>\u2018\u2019Tout num\u00e9rique, pouvoir technologique\u00a0: renon\u00e7ons-nous \u00e0 notre libert\u00e9\u00a0? \u2019\u2019<br \/><\/em><\/strong><\/span>Le p\u00e8re Marc Haeussler propose une r\u00e9flexion sur le th\u00e8me\u00a0:\u2019\u2019le num\u00e9rique, un enjeu de libert\u00e9\u00a0? \u2019\u2019 <strong>le vendredi 24 mai<\/strong> <strong>\u00e0 20h <\/strong>\u00e0 la salle Notre-Dame des Anges \u00e0 l\u2019\u00e9glise St L\u00e9on<strong>.<\/strong><\/span><\/p>\n<p><span style=\"color: #000000;\"><span style=\"text-decoration: underline;\"><strong>\u00a0<\/strong><strong>Notre cur\u00e9 pour le secteur Nancy-Sud est nomm\u00e9 :<br \/><\/strong><\/span>Mgr Pierre-Yves Michel a nomm\u00e9 le successeur du p\u00e8re Marc Haeussler\u00a0: ce sera le p\u00e8re <strong>Fran\u00e7ois Weber,<\/strong> pr\u00eatre de l\u2019Oratoire et actuellement au Sacr\u00e9-C\u0153ur de Nancy. Nomination pour le 1<sup>er<\/sup> septembre 2024. Il rencontrera l\u2019\u00e9quipe pr\u00eatres coordinateurs ce jeudi 30 mai.<\/span><\/p>\n<p><span style=\"color: #000000;\"><span style=\"text-decoration: underline;\"><strong>Marche des 14-16 ans du secteur Sud du dioc\u00e8se<br \/><\/strong><\/span><strong><em>\u2018\u2019 Viens t\u2019\u00e9merveiller<\/em><\/strong><strong><em> devant la beaut\u00e9 de la Cr\u00e9ation\u2019\u2019<br \/><\/em><\/strong><strong>Le dimanche 9 juin<\/strong>, le Service des Jeunes propose \u00e0 tous les 14-16 ans du Secteur Sud (Secteurs du\u00a0 Lun\u00e9villois, Saintois-Bayonnais, Nancy Ville, Est, Ouest et Sud) <strong>une marche en pleine nature \u00e0 la suite de J\u00e9sus, pour s\u2019\u00e9merveiller devant la beaut\u00e9 de la cr\u00e9ation divine<\/strong>\u00a0et d\u00e9couvrir quelle est la place de l\u2019Homme au sein de celle-ci !\u00a0<\/span><br \/><span style=\"color: #000000;\">Le 9 juin, <strong>rendez-vous \u00e0 l\u2019\u00e9tang du Breuil (Flavigny) \u00e0 9h30<\/strong>\u00a0pour vivre un temps d\u2019action de gr\u00e2ce lors d\u2019une petite marche jusqu\u2019\u00e0 Cr\u00e8vechamps ! Inscription aupr\u00e8s du p\u00e8re Raj.<\/span><\/p>\n<p><span style=\"color: #000000;\"><span style=\"text-decoration: underline;\"><strong>Horaires des messes dominicales des 1<sup>er<\/sup> et 2 juin 2024\u00a0: Solennit\u00e9 du Saint Sacrement<br \/><\/strong><\/span><strong>Samedi 1<sup>er<\/sup> juin\u00a0:\u00a0 18h <\/strong>Heillecourt, Laneuveville.<\/span><br \/><span style=\"color: #000000;\"><strong>Dimanche 2 juin : 10h<\/strong> Xeuilley.\u00a0\u00a0\u00a0\u00a0\u00a0\u00a0\u00a0\u00a0\u00a0\u00a0\u00a0\u00a0\u00a0\u00a0\u00a0\u00a0\u00a0\u00a0\u00a0\u00a0\u00a0\u00a0\u00a0\u00a0\u00a0\u00a0\u00a0\u00a0\u00a0\u00a0\u00a0\u00a0\u00a0\u00a0\u00a0\u00a0\u00a0\u00a0 <strong>10h30 <\/strong>Jarville, Neuves-Maisons\u00a0\u00a0\u00a0\u00a0\u00a0\u00a0\u00a0\u00a0\u00a0\u00a0\u00a0\u00a0 <strong>\u00a0\u00a0\u00a0\u00a0<\/strong><\/span><\/p>\n<p><span style=\"color: #000000;\"><strong>\u00a0<\/strong><span style=\"text-decoration: underline;\"><strong>A<\/strong><strong>utres<\/strong><strong> Annonces\u00a0<br \/><\/strong><\/span><strong>\u00a0&#8211; Lettre pastorale de Mgr Pierre-Yves Michel, Pentec\u00f4te 2024 : \u2018\u2019 Vers plus de fraternit\u00e9 \u2018\u2019<br \/><\/strong><em>\u2018\u2019Envoy\u00e9 par le Seigneur comme successeur des ap\u00f4tres pour vous conduire sur les chemins de l\u2019Evangile du Christ, je trace dans cette lettre le cap missionnaire pour notre dioc\u00e8se. Pour cela, je vous ai \u00e9cout\u00e9s avec attention en circulant dans nos quartiers, nos villes, nos villages et j\u2019ai appel\u00e9 l\u2019Esprit Saint pour mener ce discernement\u00a0: Qu\u2019est-ce que Dieu veut pour son Eglise ici, au c\u0153ur de la Lorraine<\/em>\u00a0?\u2019\u2019Mgr Pierre-Yves Michel.<\/span><\/p>\n<p><span style=\"color: #000000;\"><strong>La lettre pastorale de Mgr Michel, r\u00e9sume ces pistes pour notre dioc\u00e8se,<\/strong> lettre qui a comme objectif d\u2018<em>\u2019ouvrir un processus\u2019\u2019<\/em>. Le document complet est sur <a style=\"color: #000000;\" href=\"https:\/\/www.catholique-nancy.fr\/sites\/paroisse-saint-gerard-du-toulois-nord\/69627-lettre-pastorale-vers-plus-de-fraternite-2\/\">le site du dioc\u00e8se.<\/a> <strong>Chaque groupe d\u00e9j\u00e0 constitu\u00e9e peut prendre un temps pour s\u2019approprier la lettre. <\/strong>D\u00e9j\u00e0 <strong>une proposition en 10 conseils pour cr\u00e9er \u2018\u2019des fraternit\u00e9s locales missionnaires\u2019\u2019 est propos\u00e9e<\/strong>.\u00a0<\/span><\/p>\n<p><span style=\"color: #000000;\"><strong>\u00a0 &#8211; <\/strong><strong>R\u00e9ouverture de la biblioth\u00e8que dioc\u00e9saine<br \/><\/strong>Apr\u00e8s plusieurs ann\u00e9es de fermeture, la biblioth\u00e8que dioc\u00e9saine rouvre ses portes !<\/span><br \/><span style=\"color: #000000;\"><strong>Une c\u00e9r\u00e9monie d\u2019ouverture est pr\u00e9vue le 1<sup>er<\/sup> juin suivie d\u2019 un mois d\u2019activit\u00e9s\u00a0: <\/strong>conf\u00e9rences, ateliers, livres \u00e0 d\u00e9couvrir<strong>, autour du Cardinal Tisserant<\/strong>, premier contributeur de notre biblioth\u00e8que. Cet espace pourra organiser des conf\u00e9rences, des rencontres, des \u00e9changes. C\u00e9dric Andriot est le directeur de la biblioth\u00e8que dioc\u00e9saine<\/span><\/p>\n<p><span style=\"color: #000000;\"><strong>\u00a0&#8211; P\u00e8lerinage des enfants et des jeunes \u00e0 Sion :<br \/><\/strong><strong>Samedi 22 juin 2024, de 10 h \u00e0 16 h 30 <\/strong>(accueil \u00e0 partir de 9 h)\u00a0: Le service dioc\u00e9sain de la cat\u00e9ch\u00e8se propose <strong>un grand rassemblement des enfants, du CE1 \u00e0 la 5<sup>\u00e8me<\/sup>, \u00e0 Sion, pr\u00e9sid\u00e9 par Mgr Michel, <\/strong>sur le th\u00e8me<strong> <em>: \u2018\u2019A vous d\u2019en \u00eatre les t\u00e9moins<\/em> !\u2019\u2019 <\/strong>(Lc 24,48)<\/span><br \/><span style=\"color: #000000;\"><strong>S\u2019inscrire, rapidement, aupr\u00e8s de votre paroisse ou aupr\u00e8s de Thierry Toussaint\u00a0au 06 43 29 36 22.<br \/><\/strong>Pour tout renseignement, vous pouvez vous adresser au\u00a0 06.86.89.96.01.<\/span><\/p>\n<p><span style=\"color: #000000;\"><strong>\u00a0 &#8211; <\/strong><strong>P\u00e8lerinage dioc\u00e9sain \u00e0 Lourdes en juillet \u2018<\/strong><strong><em>\u2019 Allez dire aux pr\u00eatres que l\u2019on vienne en procession\u2019\u2019<br \/><\/em><\/strong>Comme chaque ann\u00e9e <strong>le service dioc\u00e9sain des p\u00e8lerinages et l\u2019Hospitalit\u00e9 Notre-Dame de Lourdes<\/strong>, organisent le <strong>p\u00e8lerinage \u00e0 Lourdes du 15 au 21 juillet<\/strong>. Mgr Michel vous y invite et vous demande d\u2019inviter largement \u00e0 ce p\u00e8lerinage, qu\u2019il pr\u00e9sidera. Il est accessible \u00e0 tous, en famille, en paroisse ou seul, quel que soit votre \u00e2ge ou votre \u00e9tat de sant\u00e9. T\u00e9l : \u00a003 83 27 06 17, service des p\u00e8lerinages.\u00a0 \u00a0 (<a style=\"color: #000000;\" href=\"https:\/\/www.catholique-nancy.fr\/sites\/service-diocesain-des-pelerinages\/agenda\/37341-pelerinage-diocesain-a-lourdes\/\">site du dioc\u00e8se)<\/a><\/span><\/p>\n","protected":false},"excerpt":{"rendered":"<p>Notre \u00e9v\u00eaque \u00e0 notre rencontre\u00a0!Le dimanche 2 juin, Mgr Michel pr\u00e9sidera la c\u00e9l\u00e9bration de la Solennit\u00e9 du Saint Sacrement \u00e0 Jarville.&#8211; 10h30, messe puis table ouverte pour tous, jeunes et adultes de nos paroissesApr\u00e8s-midi\u00a0: rencontre de l\u2019\u00e9v\u00eaque avec les jeunes\u00a0:&#8211; 13h30 : grand jeu au parc de Montaigu&#8211; 15h : atelier\u00a0: \u00ab\u00a0Aimer pleinement, aimer toujours,&hellip; <br \/> <a class=\"read-more\" href=\"https:\/\/paroisses-nancy-sud.fr\/HOME\/annonces-de-sain-francois-de-sales-et-sainte-jeanne-de-chantal-du-26-mai\/\">Lire la suite<\/a><\/p>\n","protected":false},"author":5,"featured_media":2464,"comment_status":"closed","ping_status":"open","sticky":false,"template":"","format":"standard","meta":[],"categories":[7],"tags":[],"acf":[],"_links":{"self":[{"href":"https:\/\/paroisses-nancy-sud.fr\/HOME\/wp-json\/wp\/v2\/posts\/3891"}],"collection":[{"href":"https:\/\/paroisses-nancy-sud.fr\/HOME\/wp-json\/wp\/v2\/posts"}],"about":[{"href":"https:\/\/paroisses-nancy-sud.fr\/HOME\/wp-json\/wp\/v2\/types\/post"}],"author":[{"embeddable":true,"href":"https:\/\/paroisses-nancy-sud.fr\/HOME\/wp-json\/wp\/v2\/users\/5"}],"replies":[{"embeddable":true,"href":"https:\/\/paroisses-nancy-sud.fr\/HOME\/wp-json\/wp\/v2\/comments?post=3891"}],"version-history":[{"count":2,"href":"https:\/\/paroisses-nancy-sud.fr\/HOME\/wp-json\/wp\/v2\/posts\/3891\/revisions"}],"predecessor-version":[{"id":3893,"href":"https:\/\/paroisses-nancy-sud.fr\/HOME\/wp-json\/wp\/v2\/posts\/3891\/revisions\/3893"}],"wp:featuredmedia":[{"embeddable":true,"href":"https:\/\/paroisses-nancy-sud.fr\/HOME\/wp-json\/wp\/v2\/media\/2464"}],"wp:attachment":[{"href":"https:\/\/paroisses-nancy-sud.fr\/HOME\/wp-json\/wp\/v2\/media?parent=3891"}],"wp:term":[{"taxonomy":"category","embeddable":true,"href":"https:\/\/paroisses-nancy-sud.fr\/HOME\/wp-json\/wp\/v2\/categories?post=3891"},{"taxonomy":"post_tag","embeddable":true,"href":"https:\/\/paroisses-nancy-sud.fr\/HOME\/wp-json\/wp\/v2\/tags?post=3891"}],"curies":[{"name":"wp","href":"https:\/\/api.w.org\/{rel}","templated":true}]}}