{"id":3910,"date":"2024-06-07T09:56:37","date_gmt":"2024-06-07T07:56:37","guid":{"rendered":"https:\/\/paroisses-nancy-sud.fr\/HOME\/?p=3910"},"modified":"2024-06-07T09:59:52","modified_gmt":"2024-06-07T07:59:52","slug":"annonces-de-la-visitation-du-9-juin","status":"publish","type":"post","link":"https:\/\/paroisses-nancy-sud.fr\/HOME\/annonces-de-la-visitation-du-9-juin\/","title":{"rendered":"Annonces de la Visitation du 9 juin"},"content":{"rendered":"\n<p><span style=\"color: #000000;\"><strong>\u00a0<\/strong><span style=\"text-decoration: underline;\"><strong>Dimanche 16 juin : <\/strong><\/span>bapt\u00eame d\u2019Elyna\u00a0<\/span><br \/><span style=\"color: #000000;\"><strong>R\u00e9jouissons-nous et portons-la dans nos pri\u00e8res\u00a0!<\/strong><\/span><\/p>\n<p><span style=\"color: #000000;\"><span style=\"text-decoration: underline;\"><strong>Pri\u00e8re \u00e0 la cath\u00e9drale :<\/strong><\/span> Remplis d\u2019une grande confiance jusqu\u2019\u00e0 l\u2019audace, nous vous proposons de nous retrouver autour de notre \u00e9v\u00eaque Mgr Pierre-Yves Michel, lors <strong>d\u2019une\u00a0grande pri\u00e8re dioc\u00e9saine\u00a0le dimanche\u00a09 juin \u00e0 16h\u00a0\u00e0 la\u00a0cath\u00e9drale de Nancy. <\/strong>Venez, venez pour vous, venez pour vos proches qui souffrent\u00a0!<\/span><\/p>\n<p><span style=\"color: #000000;\"><span style=\"text-decoration: underline;\"><strong>Mardi 11 juin \u00e0 20h30,<\/strong><\/span> concert de l\u2019\u00e9cole de musique \u00e0 l\u2019\u00e9glise St R\u00e9my de Xeuilley\u00a0; Entr\u00e9e libre.<\/span><\/p>\n<p><span style=\"color: #000000;\"><strong>\u00a0<\/strong><strong><span style=\"text-decoration: underline;\">Samedi 22 juin 2024, de 10 h \u00e0 16 h 30 \u00e0 Sion :<\/span>(accueil \u00e0 partir de 9 h).\u00a0<br \/><\/strong>Le service dioc\u00e9sain de la cat\u00e9ch\u00e8se propose un grand rassemblement des enfants, du CE1 \u00e0 la 5\u00e8me \u00e0 Sion, pr\u00e9sid\u00e9 par Mgr Michel, sur le th\u00e8me : \u00ab\u00a0<strong>A vous d\u2019en \u00eatre les t\u00e9moins !<\/strong>\u00a0\u00bb (Lc 24,48),\u00a0 renseignements au secr\u00e9tariat ou service de la cat\u00e9ch\u00e8se du dioc\u00e8se\u00a0:\u00a006.86.89.96.01.<\/span><\/p>\n<p><span style=\"color: #000000;\"><strong><span style=\"text-decoration: underline;\">Pour sa r\u00e9ouverture, animations chaque samedi du mois de juin \u00e0 la biblioth\u00e8que dioc\u00e9saine<\/span> :<br \/><\/strong>15 juin \u00e0 15h :\u00a0<span style=\"text-decoration: underline;\"><a style=\"color: #000000; text-decoration: underline;\" href=\"https:\/\/www.catholique-nancy.fr\/agenda\/70478-conference-vincenzo-bellini-romantique-de-lextreme-ou-la-melodie-de-lextase\/\">conf\u00e9rence intitul\u00e9e \u00ab\u00a0Vincenzo Bellini, romantique de l\u2019extr\u00eame,\u00bb par Y. Buldrini.<\/a><\/span><\/span><br \/><span style=\"color: #000000;\">22 juin \u00e0 15h :\u00a0<a style=\"color: #000000;\" href=\"https:\/\/www.catholique-nancy.fr\/agenda\/70482-conference-eugene-tisserant-lorientaliste\/\">conf\u00e9rence intitul\u00e9 \u00ab\u00a0Eug\u00e8ne Tisserant l\u2019orientaliste\u00a0\u00bb par Bernard Combettes<\/a>.<\/span><br \/><span style=\"color: #000000;\">29 juin \u00e0 15h :\u00a0<a style=\"color: #000000;\" href=\"https:\/\/www.catholique-nancy.fr\/agenda\/70486-portraits-sonores-sur-la-memoire-vivante-du-cardinal-tisserant\/\">pr\u00e9sentation de \u00ab\u00a0portraits sonores\u00a0\u00bb sur la m\u00e9moire vivante du Cardinal Tisserant, par Olivier Dautrey et Nicolas Dufour.<\/a><\/span><\/p>\n<p><span style=\"color: #000000;\"><strong><span style=\"text-decoration: underline;\">Vers plus de fraternit\u00e9 :<br \/><\/span><\/strong><strong>Le dimanche de Pentec\u00f4te<\/strong>, notre \u00e9v\u00eaque a publi\u00e9 sa premi\u00e8re lettre pastorale intitul\u00e9e\u00a0\u00ab\u00a0Vers plus de fraternit\u00e9\u00a0\u00bb. Elle repr\u00e9sente une \u00e9tape importante dans la d\u00e9marche de conversion missionnaire. Un r\u00e9sum\u00e9 de la lettre pastorale est diffus\u00e9 dans le dioc\u00e8se.<\/span><br \/><span style=\"color: #000000;\">Chacun est invit\u00e9 \u00e0 lire cette lettre : vous pouvez <strong>\u00a0le demander le livret dans votre paroisse ou <a style=\"color: #000000;\" href=\"https:\/\/www.catholique-nancy.fr\/sites\/paroisse-saint-gerard-du-toulois-nord\/69627-lettre-pastorale-vers-plus-de-fraternite-2\/\">sur le site du dioc\u00e8se\u00a0\u00a0<\/a><\/strong><\/span><\/p>\n<p><span style=\"color: #000000;\"><span style=\"text-decoration: underline;\"><strong>Du 15 au 21 juillet\u00a0: p\u00e8lerinage dioc\u00e9sain \u00e0 Lourdes\u00a0; <\/strong><\/span>pr\u00e9sid\u00e9 par Mgr Pierre-Yves Michel<\/span><br \/><span style=\"color: #000000;\">En famille, en paroisse, seul, quel que soit votre \u00e2ge ou votre sant\u00e9\u00a0;<\/span><br \/><span style=\"color: #000000;\">* Inscription le plus t\u00f4t possible; Bulletins \u00e0 disposition \u00e0 la maison paroissiale ou au fond de l\u2019\u00e9glise\u00a0<\/span><\/p>\n<p><span style=\"color: #000000;\"><span style=\"text-decoration: underline;\"><strong>\u00a0<\/strong><\/span><strong><span style=\"text-decoration: underline;\">Messes en semaine.<\/span><br \/><\/strong>Jeudi\u00a0: adoration \u00e0 16h00 et messe \u00e0 16h30 \u00e0 la chapelle.<\/span><br \/><span style=\"color: #000000;\">Vendredi\u00a0: messe \u00e0 08h20 chez les s\u0153urs \u00e0 Bainville, 67 rue Jacques Callot.<\/span><\/p>\n<p><span style=\"color: #000000;\"><span style=\"text-decoration: underline;\"><strong>Messes \u00e0 la Visitation<br \/><\/strong><\/span>Samedi 15 juin \u00e0 18h00\u00a0: Chaligny<\/span><br \/><span style=\"color: #000000;\">Dimanche 16 juin\u00a0: 10h00 \u00e0 Pulligny et 10h30 \u00e0 Neuves-Maisons.<\/span><\/p>\n<p><span style=\"color: #000000;\"><strong><u>Permanences \u00e0 la maison paroissiale :<\/u><\/strong> <\/span><br \/><span style=\"color: #000000;\">Mardi de 14h \u00e0 16h30 et Samedi de 9h30 \u00e0 11h30<\/span><br \/><span style=\"color: #000000;\">tel : 03 83 47 25 54 \u2013 <em><strong>adresse mail<\/strong><\/em><strong> : <\/strong><a style=\"color: #000000;\" href=\"mailto:visitationmm@orange.fr\">visitationmm@orange.fr<\/a>\u00a0 <\/span><br \/><span style=\"color: #000000;\">Horaires des messes :\u00a0 <a style=\"color: #000000;\" href=\"https:\/\/messes.info\/\">messesinfo<\/a><em> (cliquer sur le lien)<\/em><\/span><\/p>\n","protected":false},"excerpt":{"rendered":"<p>\u00a0Dimanche 16 juin : bapt\u00eame d\u2019Elyna\u00a0R\u00e9jouissons-nous et portons-la dans nos pri\u00e8res\u00a0! Pri\u00e8re \u00e0 la cath\u00e9drale : Remplis d\u2019une grande confiance jusqu\u2019\u00e0 l\u2019audace, nous vous proposons de nous retrouver autour de notre \u00e9v\u00eaque Mgr Pierre-Yves Michel, lors d\u2019une\u00a0grande pri\u00e8re dioc\u00e9saine\u00a0le dimanche\u00a09 juin \u00e0 16h\u00a0\u00e0 la\u00a0cath\u00e9drale de Nancy. Venez, venez pour vous, venez pour vos proches qui&hellip; <br \/> <a class=\"read-more\" href=\"https:\/\/paroisses-nancy-sud.fr\/HOME\/annonces-de-la-visitation-du-9-juin\/\">Lire la suite<\/a><\/p>\n","protected":false},"author":5,"featured_media":344,"comment_status":"closed","ping_status":"open","sticky":false,"template":"","format":"standard","meta":[],"categories":[10],"tags":[],"acf":[],"_links":{"self":[{"href":"https:\/\/paroisses-nancy-sud.fr\/HOME\/wp-json\/wp\/v2\/posts\/3910"}],"collection":[{"href":"https:\/\/paroisses-nancy-sud.fr\/HOME\/wp-json\/wp\/v2\/posts"}],"about":[{"href":"https:\/\/paroisses-nancy-sud.fr\/HOME\/wp-json\/wp\/v2\/types\/post"}],"author":[{"embeddable":true,"href":"https:\/\/paroisses-nancy-sud.fr\/HOME\/wp-json\/wp\/v2\/users\/5"}],"replies":[{"embeddable":true,"href":"https:\/\/paroisses-nancy-sud.fr\/HOME\/wp-json\/wp\/v2\/comments?post=3910"}],"version-history":[{"count":3,"href":"https:\/\/paroisses-nancy-sud.fr\/HOME\/wp-json\/wp\/v2\/posts\/3910\/revisions"}],"predecessor-version":[{"id":3913,"href":"https:\/\/paroisses-nancy-sud.fr\/HOME\/wp-json\/wp\/v2\/posts\/3910\/revisions\/3913"}],"wp:featuredmedia":[{"embeddable":true,"href":"https:\/\/paroisses-nancy-sud.fr\/HOME\/wp-json\/wp\/v2\/media\/344"}],"wp:attachment":[{"href":"https:\/\/paroisses-nancy-sud.fr\/HOME\/wp-json\/wp\/v2\/media?parent=3910"}],"wp:term":[{"taxonomy":"category","embeddable":true,"href":"https:\/\/paroisses-nancy-sud.fr\/HOME\/wp-json\/wp\/v2\/categories?post=3910"},{"taxonomy":"post_tag","embeddable":true,"href":"https:\/\/paroisses-nancy-sud.fr\/HOME\/wp-json\/wp\/v2\/tags?post=3910"}],"curies":[{"name":"wp","href":"https:\/\/api.w.org\/{rel}","templated":true}]}}