{"id":3930,"date":"2024-06-08T22:15:45","date_gmt":"2024-06-08T20:15:45","guid":{"rendered":"https:\/\/paroisses-nancy-sud.fr\/HOME\/?p=3930"},"modified":"2024-06-08T22:15:45","modified_gmt":"2024-06-08T20:15:45","slug":"annonces-de-saint-francois-de-sales-et-sainte-jeanne-de-chantal-du-9-juin","status":"publish","type":"post","link":"https:\/\/paroisses-nancy-sud.fr\/HOME\/annonces-de-saint-francois-de-sales-et-sainte-jeanne-de-chantal-du-9-juin\/","title":{"rendered":"Annonces de Saint-Fran\u00e7ois-de-Sales et Sainte-Jeanne-de-Chantal du 9 juin"},"content":{"rendered":"\n<p><span style=\"color: #000000;\"><span style=\"text-decoration: underline;\"><strong>Entr\u00e9e en cat\u00e9chum\u00e9nat<br \/><\/strong><\/span><strong style=\"font-size: revert;\">Dimanche 9 juin, \u00e0 Fl\u00e9ville, <\/strong><span style=\"font-size: revert;\">Adeline et Lucas, deux jeunes adultes vont exprimer leur <\/span><strong style=\"font-size: revert;\">d\u00e9sir d\u2019entrer dans la communaut\u00e9 des <\/strong><span style=\"font-size: revert;\">chr\u00e9tiens devant l\u2019assembl\u00e9e, qui les accueille. Ils seront baptis\u00e9s \u00e0 la Vigile de P\u00e2ques 2025.<\/span><\/span><\/p>\n<p><span style=\"color: #000000;\"><span style=\"text-decoration: underline;\"><strong>Premi\u00e8res communions et bapt\u00eames :<br \/><\/strong><\/span>Les enfants de 2<sup>\u00e8me<\/sup> ann\u00e9e de cat\u00e9 font leur premi\u00e8re communion\u00a0<strong>: ce<\/strong> <strong>dimanche 9 juin, \u00e0 Flavigny,<\/strong> <em>Alice, Antoine, Charline, Cl\u00e9ment, Enolan, H\u00e9lo\u00efse, Honorine, Marie<\/em>, du groupe de Ludres, <strong>et \u00e0 Neuves-Maisons<\/strong> <em>Margaux, Tristan<\/em><em>, <\/em><em>Emma, Djeson, Lina, Lukas, Solenne, Alice, Jeanne, Charlotte avec<strong> bapt\u00eames<\/strong> de Alice, Jeanne, Charlotte, Sohan et Sacha.<\/em><\/span><\/p>\n<p><span style=\"color: #000000;\"> <strong>Portons dans notre pri\u00e8re ces enfants et ces adultes et leurs cheminements<\/strong><strong><em>.<\/em><\/strong><\/span><\/p>\n<p><span style=\"color: #000000;\"><span style=\"text-decoration: underline;\"><strong>Elections europ\u00e9ennes du dimanche 9 juin.<br \/><\/strong><\/span>Chr\u00e9tiens, discernons, et votons en vue du bien commun.<\/span><\/p>\n<p><span style=\"color: #000000;\"><span style=\"text-decoration: underline;\"><strong>Marche des 14-16 ans du secteur Sud du dioc\u00e8se<br \/><\/strong><\/span><strong><em>\u2018\u2019 Viens t\u2019\u00e9merveiller devant la beaut\u00e9 de la Cr\u00e9ation\u2019\u2019<br \/><\/em><\/strong><strong>Le dimanche 9 juin<\/strong>, <strong>une marche en pleine nature, \u00e0 la suite de J\u00e9sus, pour s\u2019\u00e9merveiller devant la beaut\u00e9 de la cr\u00e9ation divine<\/strong>\u00a0et d\u00e9couvrir quelle est la place de l\u2019Homme au sein de celle-ci. <strong>\u00a0Rendez-vous \u00e0 l\u2019\u00e9tang du Breuil (Flavigny) \u00e0 9h30.<\/strong> ! Inscription aupr\u00e8s du p\u00e8re Raj.<\/span><\/p>\n<p><span style=\"color: #000000;\"><span style=\"text-decoration: underline;\"><strong>Table ouverte du 2<sup>\u00e8me<\/sup> dimanche du mois\u00a0<br \/><\/strong><\/span><strong>Ce dimanche 9 juin, \u00e0 Jarville, table ouverte \u00e0 Jarville. <\/strong>Chacun apporte un plat sal\u00e9 ou sucr\u00e9 ou une boisson\u2026 N\u2019h\u00e9sitez pas \u00e0 inviter voisins ou amis pour ce moment fraternel\u00a0!<\/span><\/p>\n<p><span style=\"color: #000000;\"><span style=\"text-decoration: underline;\"><strong>Pri\u00e8re du soir du 2<sup>\u00e8me<\/sup> vendredi du mois<br \/><\/strong><\/span><strong>Vendredi 14 juin, \u00e0 Jarville, \u00e0 20h30 <\/strong>Pri\u00e8re du soir avec chants\u00a0de louange, m\u00e9ditation, complies.<\/span><\/p>\n<p><span style=\"color: #000000;\"><strong><span style=\"text-decoration: underline;\">Horaires des messes dominicales des 15 et 16 juin 2024\u00a0<\/span><br \/><\/strong><strong>Samedi 15 juin\u00a0:\u00a0 18h <\/strong>Heillecourt, Laneuveville, Chaligny<\/span><br \/><span style=\"color: #000000;\"><strong>Dimanche 16 juin : 10h <\/strong>Pulligny\u00a0\u00a0\u00a0\u00a0\u00a0\u00a0\u00a0\u00a0\u00a0\u00a0\u00a0\u00a0\u00a0\u00a0\u00a0\u00a0\u00a0\u00a0\u00a0\u00a0\u00a0\u00a0 <strong>10h30 <\/strong>Jarville, Neuves-Maisons\u00a0\u00a0\u00a0\u00a0\u00a0\u00a0\u00a0 \u00a0\u00a0\u00a0\u00a0\u00a0\u00a0\u00a0<strong>11h<\/strong> Ludres<\/span><\/p>\n<p><span style=\"color: #000000;\"><strong><span style=\"text-decoration: underline;\">P\u00e8lerinage des enfants et des jeunes \u00e0 Sion<\/span><br \/><\/strong><strong>Samedi 22 juin 2024, de 10 h \u00e0 16 h 30 <\/strong>(accueil \u00e0 partir de 9 h)\u00a0: Le service dioc\u00e9sain de la cat\u00e9ch\u00e8se propose <strong>un grand rassemblement des enfants, du CE1 \u00e0 la 5<sup>\u00e8me<\/sup>, \u00e0 Sion, pr\u00e9sid\u00e9 par Mgr Michel, <\/strong>sur le th\u00e8me<strong> <em>: \u2018\u2019A vous d\u2019en \u00eatre les t\u00e9moins<\/em> !\u2019\u2019 (<\/strong>Luc 24,48)<\/span><br \/><span style=\"color: #000000;\"><strong>S\u2019inscrire, rapidement, aupr\u00e8s de votre paroisse ou aupr\u00e8s de Thierry Toussaint\u00a0au 06 43 29 36 22.<br \/><\/strong>Pour tout renseignement, vous pouvez vous adresser au 06 86 89 96 01<\/span><\/p>\n<p><span style=\"color: #000000;\"><span style=\"text-decoration: underline;\"><strong>Jeunes et vieux jouent ensemble : Rencontre entre les g\u00e9n\u00e9rations<br \/><\/strong><\/span><strong>L\u2019\u00e9quipe de l\u2019EAP de la paroisse Sainte-Jeanne-de-Chantal vous invite \u00e0 un apr\u00e8s-midi ludique le dimanche 30 juin de 14h30 \u00e0 16h30 \u00e0 la salle paroissiale de Ludres<\/strong>. <em>\u00ab Jeunes et vieux jouent ensemble \u00bb.<\/em> On vous attend nombreux en famille (Enfants, Adultes, Parents, Grands-parents). Apportez vos jeux pr\u00e9f\u00e9r\u00e9s. Nous terminerons par un go\u00fbter. Vous pouvez apporter de quoi partager (Boissons \u2013 g\u00e2teaux ). *** M\u00eame si vous ne jouez pas, vous pouvez passer l\u2019apr\u00e8s-midi avec nous.<\/span><br \/><span style=\"color: #000000;\">*** On peut pr\u00e9voir aussi des jeux d\u2019ext\u00e9rieur si le temps le permet (Ballons \u2013 Raquettes)\u00a0<\/span><\/p>\n<p><span style=\"color: #000000;\"><span style=\"text-decoration: underline;\"><strong>R\u00e9union de l\u2019Inter-EAP<br \/><\/strong><\/span><strong style=\"font-size: revert;\">Le lundi 17 juin \u00e0 18h \u00e0 Ludres les membres des trois EAP se retrouvent <\/strong><span style=\"font-size: revert;\">pour un temps d\u2019action de gr\u00e2ce et de bilan\u00a0: messe \u00e0 l\u2019\u00e9glise, nouvelles de nos paroisses puis repas.<\/span><\/span><\/p>\n<p><span style=\"color: #000000;\"><span style=\"text-decoration: underline;\"><strong>\u2018\u2019Prier en Eglise\u2019\u2019<br \/><\/strong><\/span><strong>Le mardi 18 juin \u00e0 15h, \u00e0 l\u2019\u00e9glise de Fl\u00e9ville, <\/strong>le temps de pri\u00e8re mensuelle \u00e0 partir du livret \u2018\u2019Venez et priez\u2019\u2019<\/span><\/p>\n<p><span style=\"color: #000000;\"><span style=\"text-decoration: underline;\"><strong>D\u00e9part du p\u00e8re Marc vers une nouvelle mission<br \/><\/strong><\/span>Vu le d\u00e9part du p\u00e8re Marc, nous nous retrouverons pour rendre gr\u00e2ce pour les ann\u00e9es partag\u00e9es et prendre le temps d\u2019un au revoir les\u00a0:<\/span><br \/><span style=\"color: #000000;\"><strong>\u00a0&#8211; Dimanche 23 juin \u00e0 10h30 \u00e0 Jarville <\/strong>suivie d\u2019un ap\u00e9ritif puis d\u2019un repas partag\u00e9<\/span><br \/><span style=\"color: #000000;\">&#8211; <strong>Dimanche 30 juin \u00e0 10h 30 \u00e0 Neuves-Maisons\u00a0<br \/><\/strong><strong>&#8211; Dimanche 7 juillet \u00e0 11h \u00e0 Ludres<\/strong> suivie d\u2019un ap\u00e9ritif puis d\u2019un repas partag\u00e9<\/span><\/p>\n<p><span style=\"color: #000000;\">Vous trouverez, \u00e0 la sortie des \u00e9glises, <strong>une urne en pr\u00e9vision d\u2019un cadeau de remerciement au p\u00e8re Marc<\/strong>. D\u2019avance merci\u00a0de votre participation ! Toutes autres id\u00e9es sont les bienvenues.<\/span><\/p>\n<p><span style=\"color: #000000;\"><strong><span style=\"text-decoration: underline;\">Notre cur\u00e9 pour le secteur Nancy-Sud est nomm\u00e9\u00a0<\/span><br \/><\/strong>Mgr Pierre-Yves Michel a nomm\u00e9 le successeur du p\u00e8re Marc Haeussler\u00a0: ce sera le p\u00e8re <strong>Fran\u00e7ois Weber,<\/strong> pr\u00eatre de l\u2019Oratoire et actuellement au Sacr\u00e9-C\u0153ur de Nancy. Nomination pour le 1<sup>er<\/sup> septembre 2024. <strong>Il rencontrera les membres des trois Equipes d\u2019Animation Pastorale le mercredi 26 juin \u00e0 Ludres.<\/strong><\/span><\/p>\n<p><span style=\"color: #000000;\"><span style=\"text-decoration: underline;\"><strong>\u00a0<\/strong><strong>A<\/strong><strong>utres<\/strong><\/span><strong><span style=\"text-decoration: underline;\"> Annonces<\/span><br \/><\/strong><strong>\u00a0&#8211; Assembl\u00e9e dioc\u00e9saine de pri\u00e8re pour les souffrants<br \/><\/strong><strong><em>\u00ab\u00a0Consolez, oui consolez mon peuple\u2026\u00a0\u00bb. Isa\u00efe 40,1<br \/><\/em><\/strong><strong>Le dimanche 09 juin 2024\u00a0de 16h00 \u00e0 18h00 \u00e0 la Cath\u00e9drale de Nancy\u00a0: <\/strong>Beaucoup autour de nous souffrent de toutes sortes de maux et ne savent plus vers qui aller\u2026. C\u2019est vers le Seigneur que nous voulons nous tourner. Nous allons prier ensemble, les uns pour les autres, pour qu\u2019Il nous aide, Lui, \u00e0 qui rien n\u2019est impossible. Il est la Vie et Il peut tout.<\/span><br \/><span style=\"color: #000000;\">Nous vous proposons de nous retrouver autour de notre \u00e9v\u00eaque Mgr Pierre-Yves Michel,\u00a0le dimanche\u00a0<strong>9 juin 2024 \u00e0 16h<\/strong>\u00a0\u00e0 la\u00a0<strong>cath\u00e9drale de Nancy<\/strong>.<\/span><\/p>\n<p><span style=\"color: #000000;\"><span style=\"text-decoration: underline;\"><strong>\u00a0&#8211; Conf\u00e9rence <em>\u2018\u2019Comment parler d\u2019amour et de sexualit\u00e9 \u00e0 nos enfants\u2019\u2019<br \/><\/em><\/strong><\/span><strong style=\"font-size: revert;\">Le 13 juin, \u00e0 20h30 au Domaine de l\u2019Asn\u00e9e, <\/strong><span style=\"font-size: revert;\">organis\u00e9e par l\u2019AFC conf\u00e9rence avec Th\u00e9r\u00e8se Hargot, essayiste et th\u00e9rapeute de couple et sexologue.\u00a0 Comment le porno d\u00e9truit l\u2019amour et comment prot\u00e9ger nos familles\u00a0?<\/span><\/span><\/p>\n<p><span style=\"color: #000000;\"><strong>\u00a0 &#8211; <span style=\"text-decoration: underline;\">Jubil\u00e9 des pr\u00eatres<br \/><\/span><\/strong><strong style=\"font-size: revert;\">Le 23 juin \u00e0 17h, \u00e0 la cath\u00e9drale de Nancy, V\u00eapres pour les pr\u00eatres jubilaires de l\u2019ann\u00e9e<\/strong><strong style=\"font-size: revert;\">.<\/strong><\/span><\/p>\n<p><span style=\"color: #000000;\"><strong>\u00a0 &#8211; <\/strong><span style=\"text-decoration: underline;\"><strong>P\u00e8lerinage dioc\u00e9sain \u00e0 Lourdes en juillet \u2018<\/strong><\/span><strong><em><span style=\"text-decoration: underline;\">\u2019 Allez dire aux pr\u00eatres que l\u2019on vienne en procession\u2019\u2019<\/span><br \/><\/em><\/strong><strong>Le service dioc\u00e9sain des p\u00e8lerinages et l\u2019Hospitalit\u00e9 Notre-Dame de Lourdes<\/strong>, organisent le <strong>p\u00e8lerinage \u00e0 Lourdes du 15 au 21 juillet<\/strong>. Mgr Michel vous y invite et vous demande d\u2019inviter largement \u00e0 ce p\u00e8lerinage, qu\u2019il pr\u00e9sidera. Il est accessible \u00e0 tous, en famille, en paroisse ou seul, quel que soit votre \u00e2ge ou votre \u00e9tat de sant\u00e9.\u00a0 03 83 27 06 17 ou 07 89 29 41 49 service des p\u00e8lerinages.<\/span><\/p>\n<p><span style=\"color: #000000;\"><strong>\u00a0 &#8211; <\/strong><span style=\"text-decoration: underline;\"><strong>Lettre pastorale de Mgr Pierre-Yves Michel, Pentec\u00f4te 2024\u00a0<\/strong><\/span><strong><span style=\"text-decoration: underline;\">: \u2018\u2019 Vers plus de fraternit\u00e9 \u2018\u2019<\/span><br \/><\/strong><em>\u2018\u2019Envoy\u00e9 par le Seigneur comme successeur des ap\u00f4tres pour vous conduire sur les chemins de l\u2019Evangile du Christ, je trace dans cette lettre le cap missionnaire pour notre dioc\u00e8se. Pour cela, je vous ai \u00e9cout\u00e9s avec attention en circulant dans nos quartiers, nos villes, nos villages et j\u2019ai appel\u00e9 l\u2019Esprit Saint pour mener ce discernement\u00a0: Qu\u2019est-ce que Dieu veut pour son Eglise ici, au c\u0153ur de la Lorraine<\/em>\u00a0?\u2019\u2019Mgr Pierre-Yves Michel. <strong>La lettre pastorale de Mgr Michel, r\u00e9sume ces pistes pour notre dioc\u00e8se<\/strong>. <a style=\"color: #000000;\" href=\"https:\/\/www.catholique-nancy.fr\/wp-content\/uploads\/sites\/45\/2024\/05\/lettre-pastorale-vf2.pdf\">Lien vers Le document<\/a>\u00a0<\/span><\/p>\n<p><span style=\"color: #000000;\"><strong>\u00a0 &#8211; <\/strong><span style=\"text-decoration: underline;\"><strong>Pour sa r\u00e9ouverture, animations chaque samedi du mois de juin \u00e0 la biblioth\u00e8que dioc\u00e9saine\u00a0<\/strong><\/span><strong><span style=\"text-decoration: underline;\">:<\/span><br \/><\/strong><strong>15 juin \u00e0 15h<\/strong> : <a style=\"color: #000000;\" href=\"https:\/\/www.catholique-nancy.fr\/agenda\/70478-conference-vincenzo-bellini-romantique-de-lextreme-ou-la-melodie-de-lextase\/\">conf\u00e9rence intitul\u00e9e \u00ab Vincenzo Bellini, romantique de l\u2019extr\u00eame \u00bb par Y. Buldrini.<\/a><\/span><br \/><span style=\"color: #000000;\"><strong>22 juin \u00e0 15h<\/strong> : <a style=\"color: #000000;\" href=\"https:\/\/www.catholique-nancy.fr\/agenda\/70482-conference-eugene-tisserant-lorientaliste\/\">conf\u00e9rence intitul\u00e9 \u00ab\u00a0Eug\u00e8ne Tisserant l\u2019orientaliste\u00a0\u00bb par Bernard Combettes<\/a>.<\/span><br \/><span style=\"color: #000000;\"><strong>29 juin \u00e0 15h<\/strong> : <a style=\"color: #000000;\" href=\"https:\/\/www.catholique-nancy.fr\/agenda\/70486-portraits-sonores-sur-la-memoire-vivante-du-cardinal-tisserant\/\">pr\u00e9sentation de \u00ab\u00a0portraits sonores\u00a0\u00bb sur la m\u00e9moire vivante du Cardinal Tisserant, par Olivier Dautrey et Nicolas Dufour.<\/a><\/span><\/p>\n","protected":false},"excerpt":{"rendered":"<p>Entr\u00e9e en cat\u00e9chum\u00e9natDimanche 9 juin, \u00e0 Fl\u00e9ville, Adeline et Lucas, deux jeunes adultes vont exprimer leur d\u00e9sir d\u2019entrer dans la communaut\u00e9 des chr\u00e9tiens devant l\u2019assembl\u00e9e, qui les accueille. Ils seront baptis\u00e9s \u00e0 la Vigile de P\u00e2ques 2025. Premi\u00e8res communions et bapt\u00eames :Les enfants de 2\u00e8me ann\u00e9e de cat\u00e9 font leur premi\u00e8re communion\u00a0: ce dimanche 9&hellip; <br \/> <a class=\"read-more\" href=\"https:\/\/paroisses-nancy-sud.fr\/HOME\/annonces-de-saint-francois-de-sales-et-sainte-jeanne-de-chantal-du-9-juin\/\">Lire la suite<\/a><\/p>\n","protected":false},"author":5,"featured_media":554,"comment_status":"closed","ping_status":"open","sticky":false,"template":"","format":"standard","meta":[],"categories":[7],"tags":[],"acf":[],"_links":{"self":[{"href":"https:\/\/paroisses-nancy-sud.fr\/HOME\/wp-json\/wp\/v2\/posts\/3930"}],"collection":[{"href":"https:\/\/paroisses-nancy-sud.fr\/HOME\/wp-json\/wp\/v2\/posts"}],"about":[{"href":"https:\/\/paroisses-nancy-sud.fr\/HOME\/wp-json\/wp\/v2\/types\/post"}],"author":[{"embeddable":true,"href":"https:\/\/paroisses-nancy-sud.fr\/HOME\/wp-json\/wp\/v2\/users\/5"}],"replies":[{"embeddable":true,"href":"https:\/\/paroisses-nancy-sud.fr\/HOME\/wp-json\/wp\/v2\/comments?post=3930"}],"version-history":[{"count":1,"href":"https:\/\/paroisses-nancy-sud.fr\/HOME\/wp-json\/wp\/v2\/posts\/3930\/revisions"}],"predecessor-version":[{"id":3931,"href":"https:\/\/paroisses-nancy-sud.fr\/HOME\/wp-json\/wp\/v2\/posts\/3930\/revisions\/3931"}],"wp:featuredmedia":[{"embeddable":true,"href":"https:\/\/paroisses-nancy-sud.fr\/HOME\/wp-json\/wp\/v2\/media\/554"}],"wp:attachment":[{"href":"https:\/\/paroisses-nancy-sud.fr\/HOME\/wp-json\/wp\/v2\/media?parent=3930"}],"wp:term":[{"taxonomy":"category","embeddable":true,"href":"https:\/\/paroisses-nancy-sud.fr\/HOME\/wp-json\/wp\/v2\/categories?post=3930"},{"taxonomy":"post_tag","embeddable":true,"href":"https:\/\/paroisses-nancy-sud.fr\/HOME\/wp-json\/wp\/v2\/tags?post=3930"}],"curies":[{"name":"wp","href":"https:\/\/api.w.org\/{rel}","templated":true}]}}