{"id":3935,"date":"2024-06-08T22:25:09","date_gmt":"2024-06-08T20:25:09","guid":{"rendered":"https:\/\/paroisses-nancy-sud.fr\/HOME\/?p=3935"},"modified":"2024-06-08T22:25:09","modified_gmt":"2024-06-08T20:25:09","slug":"le-renouveau-de-leurope","status":"publish","type":"post","link":"https:\/\/paroisses-nancy-sud.fr\/HOME\/le-renouveau-de-leurope\/","title":{"rendered":"Le renouveau de l&rsquo;Europe"},"content":{"rendered":"\n<p class=\"intertitre2\" style=\"text-align: justify; background: white; margin: 0cm 0cm 7.5pt 0cm;\"><span style=\"font-size: 15pt; font-family: Arial, sans-serif; color: #000000; letter-spacing: 0.25pt;\">En 1982 \u00e0 Compostelle, Jean-Paul II appelait d\u00e9j\u00e0 au renouveau de l\u2019Europe\u00a0:<\/span><\/p>\n<p class=\"intertitre2\" style=\"text-align: justify; background: white; margin: 0cm 0cm 7.5pt 0cm;\"><span style=\"font-size: 15pt; font-family: Arial, sans-serif; color: #000000; letter-spacing: 0.25pt;\">\u00ab\u00a0(\u2026) <span style=\"background: white;\">Et de nos jours encore, l\u2019\u00e2me de l\u2019Europe reste unie car, en plus de son origine commune, elle poss\u00e8de des valeurs chr\u00e9tiennes et humaines identiques, comme la dignit\u00e9 de la personne humaine, le sens profond de la justice et de la libert\u00e9, l\u2019application au travail, l\u2019esprit initiative, l\u2019amour de la famille, le respect de la vie, la tol\u00e9rance et le d\u00e9sir de coop\u00e9ration et de paix, toutes valeurs qui la caract\u00e9risent.(\u2026)<\/span><\/span><\/p>\n<p style=\"text-align: justify; background: white; margin: 0cm 0cm 7.5pt 0cm;\"><span style=\"font-size: 15pt; font-family: Arial, sans-serif; color: #000000; letter-spacing: 0.25pt;\">C\u2019est pourquoi, moi, Jean-Paul, fils de la nation polonaise qui s\u2019est toujours consid\u00e9r\u00e9e comme europ\u00e9enne par ses origines, ses traditions, sa culture et ses relations vitales ; slave parmi les Latins et latine parmi les Slaves ; moi, successeur de Pierre sur le si\u00e8ge de Rome, si\u00e8ge que le Christ a voulu placer en Europe qu\u2019il aime \u00e0 cause des efforts qu\u2019elle a faits pour diffuser le christianisme \u00e0 travers le monde. Moi, \u00e9v\u00eaque de Rome et pasteur de l\u2019\u00c9glise universelle, depuis Saint-Jacques-de-Compostelle, je lance vers toi, vieille Europe, un cri plein d\u2019amour : Retrouve-toi toi-m\u00eame. Sois toi-m\u00eame. D\u00e9couvre tes origines. Avive tes racines. (\u2026) Reconstruis ton unit\u00e9 spirituelle, dans un climat de plein respect des autres religions et des libert\u00e9s authentiques. Rends \u00e0 C\u00e9sar ce qui est \u00e0 C\u00e9sar et \u00e0 Dieu ce qui est \u00e0 Dieu. (\u2026) Ne te laisse pas abattre par la perte quantitative de ta grandeur dans le monde, ou par les crises sociales et culturelles qui te touchent aujourd\u2019hui. Tu peux \u00eatre encore un phare de civilisation et un \u00e9lan de progr\u00e8s pour le monde. Les autres continents te regardent et attendent aussi de toi la r\u00e9ponse que saint Jacques a donn\u00e9e au Christ : \u00ab Je le peux\u00a0\u00bb.<\/span><\/p>\n<p>\u00a0<\/p>\n","protected":false},"excerpt":{"rendered":"<p>En 1982 \u00e0 Compostelle, Jean-Paul II appelait d\u00e9j\u00e0 au renouveau de l\u2019Europe\u00a0: \u00ab\u00a0(\u2026) Et de nos jours encore, l\u2019\u00e2me de l\u2019Europe reste unie car, en plus de son origine commune, elle poss\u00e8de des valeurs chr\u00e9tiennes et humaines identiques, comme la dignit\u00e9 de la personne humaine, le sens profond de la justice et de la libert\u00e9,&hellip; <br \/> <a class=\"read-more\" href=\"https:\/\/paroisses-nancy-sud.fr\/HOME\/le-renouveau-de-leurope\/\">Lire la suite<\/a><\/p>\n","protected":false},"author":5,"featured_media":523,"comment_status":"closed","ping_status":"open","sticky":false,"template":"","format":"standard","meta":[],"categories":[6],"tags":[],"acf":[],"_links":{"self":[{"href":"https:\/\/paroisses-nancy-sud.fr\/HOME\/wp-json\/wp\/v2\/posts\/3935"}],"collection":[{"href":"https:\/\/paroisses-nancy-sud.fr\/HOME\/wp-json\/wp\/v2\/posts"}],"about":[{"href":"https:\/\/paroisses-nancy-sud.fr\/HOME\/wp-json\/wp\/v2\/types\/post"}],"author":[{"embeddable":true,"href":"https:\/\/paroisses-nancy-sud.fr\/HOME\/wp-json\/wp\/v2\/users\/5"}],"replies":[{"embeddable":true,"href":"https:\/\/paroisses-nancy-sud.fr\/HOME\/wp-json\/wp\/v2\/comments?post=3935"}],"version-history":[{"count":1,"href":"https:\/\/paroisses-nancy-sud.fr\/HOME\/wp-json\/wp\/v2\/posts\/3935\/revisions"}],"predecessor-version":[{"id":3936,"href":"https:\/\/paroisses-nancy-sud.fr\/HOME\/wp-json\/wp\/v2\/posts\/3935\/revisions\/3936"}],"wp:featuredmedia":[{"embeddable":true,"href":"https:\/\/paroisses-nancy-sud.fr\/HOME\/wp-json\/wp\/v2\/media\/523"}],"wp:attachment":[{"href":"https:\/\/paroisses-nancy-sud.fr\/HOME\/wp-json\/wp\/v2\/media?parent=3935"}],"wp:term":[{"taxonomy":"category","embeddable":true,"href":"https:\/\/paroisses-nancy-sud.fr\/HOME\/wp-json\/wp\/v2\/categories?post=3935"},{"taxonomy":"post_tag","embeddable":true,"href":"https:\/\/paroisses-nancy-sud.fr\/HOME\/wp-json\/wp\/v2\/tags?post=3935"}],"curies":[{"name":"wp","href":"https:\/\/api.w.org\/{rel}","templated":true}]}}