{"id":3966,"date":"2024-06-29T23:00:00","date_gmt":"2024-06-29T21:00:00","guid":{"rendered":"https:\/\/paroisses-nancy-sud.fr\/HOME\/?p=3966"},"modified":"2024-06-30T21:23:39","modified_gmt":"2024-06-30T19:23:39","slug":"annonces-paroissiales-du-29-juin-au-7-juillet-2024","status":"publish","type":"post","link":"https:\/\/paroisses-nancy-sud.fr\/HOME\/annonces-paroissiales-du-29-juin-au-7-juillet-2024\/","title":{"rendered":"Annonces des paroisses Saint Fran\u00e7ois-de-Sales et Sainte-Jeanne-de-Chantal du 29 juin au 7 juillet 2024."},"content":{"rendered":"\n<p><span style=\"color: #000000;\"><strong><span style=\"text-decoration: underline;\">Mariages et bapt\u00eames<\/span> :\u00a0<br \/><\/strong><strong>Samedi 29 juin \u00e0 Fl\u00e9ville, mariage de <\/strong>Emilie DILLENENSEGER et Mathieu MOREAU, et dans les Charentes, mariage de Chlo\u00e9 GEX et Julien POLLANTTRU.\u00a0<strong>Dimanche 30 juin \u00e0 Jarville, bapt\u00eame <\/strong>de Constance LAINE<strong> et \u00e0 Ludres, bapt\u00eame de <\/strong>Ma\u00ebl LUCAT-PESSY.\u00a0<strong>Dimanche 7 juillet \u00e0 Jarville, bapt\u00eames <\/strong>de Valentin Paul CORNIER, de Simon FRESSE et de Lou HUSSON <strong>et \u00e0 Ludres bapt\u00eame <\/strong>de Valentin HOUBRE.\u00a0Portons dans notre pri\u00e8re ces enfants, ces adultes et leurs familles<em>.<\/em><\/span><\/p>\n<p><span style=\"background-color: #ffffff; color: #000000;\"><strong><span style=\"text-decoration: underline;\">Denier du pape et de l\u2019Eglise<\/span> : <br \/>30 juin 2024 :\u00a0<\/strong>Lors de la\u00a0f\u00eate de saint Pierre et de saint Paul, (29 juin) est organis\u00e9e une journ\u00e9e mondiale qualifi\u00e9e de \u00ab\u00a0journ\u00e9e mondiale de la charit\u00e9 du pape\u00a0\u00bb. \u00c0 cette occasion,\u00a0une qu\u00eate <em>imp\u00e9r\u00e9e <\/em>a lieu pour le Denier de Saint-Pierre. Celle-ci est destin\u00e9e \u00e0 soutenir les activit\u00e9s du Saint-Si\u00e8ge, ses \u0153uvres missionnaires, ses initiatives humanitaires et ses actions de promotion sociale.\u00a0L\u2019action va \u00e9galement en soutien aux dioc\u00e8ses pauvres, aux instituts religieux d\u00e9munis et aux fid\u00e8les confront\u00e9s \u00e0 de graves difficult\u00e9s.\u00a0<em>Pape Beno\u00eet XVI (Discours aux membres du Cercle de Saint-Pierre, 25 f\u00e9vrier 2006).<\/em><em>La qu\u00eate imp\u00e9r\u00e9e, qu\u2019est-ce que c\u2019est ?\u00a0Ce sont des qu\u00eates faites lors de messes qui sont affect\u00e9es \u00e0 des causes sp\u00e9cifiques ayant une place particuli\u00e8re pour l\u2019\u00c9glise. Ces qu\u00eates mobilisent les fid\u00e8les autour des grands enjeux de l\u2019\u00c9glise dans leur dioc\u00e8se, en France et dans le monde.<\/em><\/span><\/p>\n<p><span style=\"background-color: #000000; color: #000000;\"><strong><span style=\"background-color: #ffffff;\"><span style=\"text-decoration: underline;\">Jeunes et vieux jouent ensemble\u2019\u2019<\/span> : <br \/>Rencontre entre les g\u00e9n\u00e9rations : <\/span><\/strong><span style=\"background-color: #ffffff;\"><strong>Le dimanche 30 juin de 14h30 \u00e0 16h30 \u00e0 la salle paroissiale de Ludres, l\u2019\u00e9quipe de l\u2019EAP de la paroisse Sainte-Jeanne-de-Chantal vous invite \u00e0 un apr\u00e8s-midi ludique<\/strong>. <em>\u00ab Jeunes et vieux jouent ensemble \u00bb.<\/em> On vous attend nombreux en famille (Enfants, Adultes, Parents, Grands-parents). Apportez vos jeux pr\u00e9f\u00e9r\u00e9s. Nous terminerons par un go\u00fbter. Vous pouvez apporter de quoi partager (Boissons \u2013 g\u00e2teaux). Merci d\u2019avance et \u00e0 bient\u00f4t. *** M\u00eame si vous ne jouez pas, vous pouvez passer l\u2019apr\u00e8s-midi avec nous.\u00a0<\/span><span style=\"background-color: #ffffff;\">*** On peut pr\u00e9voir aussi des jeux d\u2019ext\u00e9rieur si le temps le permet (Ballons \u2013 Raquettes)\u00a0<\/span><\/span><\/p>\n<p><span style=\"color: #000000;\"><strong><span style=\"text-decoration: underline;\">Rencontre AJC (jeunes coll\u00e9giens et lyc\u00e9ens)<\/span> :<br \/>\u00a0<\/strong><strong>Rendez-vous \u00e0 Ludres \u00e0 11h pour la messe<\/strong> puis repas tir\u00e9 du sac et <strong>apr\u00e8s-midi jeux \u00e0 14h30 \u00e0<\/strong> <strong>la maison paroissiale.<\/strong> Chacun pourra d\u00e9couvrir ou faire d\u00e9couvrir tel jeu de soci\u00e9t\u00e9, de plateau, d\u2019ext\u00e9rieur et y jouer avec les autres. Venez donc avec votre jeu favori. Vers 16h00, il y aura un go\u00fbter pr\u00e9vu par la paroisse, puis nous ach\u00e8verons par un temps de pri\u00e8re.<\/span><\/p>\n<p><span style=\"color: #000000;\"><strong><span style=\"text-decoration: underline;\">D\u00e9part du p\u00e8re Marc vers une nouvelle mission<\/span> :\u00a0<br \/><\/strong>Vu le d\u00e9part du p\u00e8re Marc, nous nous retrouverons pour rendre gr\u00e2ce pour les ann\u00e9es partag\u00e9es et prendre le temps d\u2019un au revoir les\u00a0: &#8211; <strong>Dimanche 30 juin \u00e0 10h 30 \u00e0 Neuves-Maisons &#8211; Dimanche 7 juillet \u00e0 11h \u00e0 Ludres<\/strong> pour la messe suivie d\u2019un ap\u00e9ritif puis d\u2019un repas partag\u00e9.\u00a0Vous trouverez, \u00e0 la sortie des \u00e9glises, <strong>une urne en pr\u00e9vision d\u2019un cadeau de remerciement au p\u00e8re Marc<\/strong>. D\u2019avance merci\u00a0de votre participation ! Toutes autres id\u00e9es sont les bienvenues.<\/span><\/p>\n<p><span style=\"color: #000000;\"><span style=\"text-decoration: underline;\"><strong>\u00a0 <\/strong><\/span><strong><span style=\"text-decoration: underline;\">Fran\u00e7ois Weber nouveau cur\u00e9 pour notre secteur Nancy-Sud<\/span> :\u00a0<br \/><\/strong>Le p\u00e8re <strong>Fran\u00e7ois Weber,<\/strong> pr\u00eatre de l\u2019Oratoire, et actuellement au Sacr\u00e9-C\u0153ur de Nancy, a \u00e9t\u00e9 nomm\u00e9 par Mgr Pierre-Yves Michel comme successeur du p\u00e8re Marc Haeussler\u00a0: sa nomination prendra effet le 1<sup>er<\/sup> septembre 2024.<\/span><\/p>\n<p><span style=\"color: #000000;\"><strong>\u00a0<\/strong><strong><span style=\"text-decoration: underline;\">Jeudi 4 juillet : Pri\u00e8re du premier jeudi du mois\u00a0<\/span> :\u00a0\u00a0<br \/><\/strong><strong>\u00a0&#8211; 17h \u00e0 Jarville<\/strong> : pri\u00e8re d\u2019intercession pour les malades et les personnes qui souffrent &#8211;\u00a0<br \/><strong>\u00a0&#8211; 20h30 \u00e0 Jarville<\/strong>\u00a0: Heure sainte \u00a0<\/span><\/p>\n<p><span style=\"color: #000000;\"><strong><span style=\"text-decoration: underline;\">Qu\u00eate du premier dimanche du mois<\/span> :\u00a0<br \/><\/strong><strong>Samedi 6 juillet et dimanche 7 juillet<\/strong>, \u00e0 la sortie des messes de nos paroisses sera propos\u00e9e la qu\u00eate suppl\u00e9mentaire de d\u00e9but de mois pour couvrir les frais pastoraux et de fonctionnement. Merci de votre g\u00e9n\u00e9rosit\u00e9.<\/span><\/p>\n<p><span style=\"color: #000000;\"><strong><span style=\"text-decoration: underline;\">Pri\u00e8re \u00e0 l\u2019\u00e9glise de Fl\u00e9ville<\/span> :\u00a0<br \/><\/strong><strong>Le mardi 9 juillet, \u00e0 15h, un temps de pri\u00e8re \u00e0 partir du livret \u2018\u2019Venez \u00e0 moi\u2019\u2019.<\/strong><\/span><\/p>\n<p><span style=\"color: #000000;\"><strong><span style=\"text-decoration: underline;\">Horaires des messes dominicales des 6 et 7 juillet 2024\u00a0<\/span> :\u00a0<br \/><\/strong><strong>Samedi 6 juillet\u00a0:\u00a0 18h <\/strong>Heillecourt, Laneuveville, Sexey-aux-Forges &#8211;\u00a0<br \/><strong>Dimanche 7 juillet :10h <\/strong>Xeuilley<strong> ,\u00a0 10h30 <\/strong>Jarville, Neuves-Maisons , <strong>11h<\/strong> Ludres\u00a0\u00a0\u00a0\u00a0<\/span><\/p>\n<p><span style=\"color: #000000;\"><span style=\"text-decoration: underline;\"><strong>\u00a0<\/strong><strong>A<\/strong><strong>utres<\/strong><strong> Annonces<br \/><\/strong><\/span><strong>\u00a0 &#8211; <\/strong><strong>Nuit des \u00e9glises du 22 juin au 3 juillet :\u00a0<\/strong>Voir le site du dioc\u00e8se pour les diff\u00e9rentes propositions<\/span><br \/><span style=\"color: #000000;\"><strong>Les 100 ans de l\u2019\u00e9glise Notre Dame de Lourdes :\u00a0<\/strong><strong>La Paroisse Notre Dame de Lourdes de Nancy<\/strong> f\u00eate les 100 ans de la basilique du 29 juin au 05 juillet. Pour en savoir plus :\u00a0 <a style=\"color: #000000;\" href=\"https:\/\/www.catholique-nancy.fr\/agenda\/67294-semaine-festive-pour-le-centenaire-de-la-basilique-notre-dame-de-lourdes\/\">cliquer sur le lien<\/a> <br \/><strong>Le<\/strong> <strong>Jeudi 4 juillet<\/strong> est propos\u00e9 <strong>\u00e0 19h30 un repas partag\u00e9<\/strong>, salle Saint Jean Paul II et, <strong>\u00e0 20h30<\/strong>, une <strong>conf\u00e9rence <\/strong>donn\u00e9e par le p\u00e8re R\u00e9gis-Marie de la Teyssonni\u00e8re, chapelain du sanctuaire de Lourdes qui nous introduira au message de la cit\u00e9 Mariale : \u00ab <strong>Lourdes, le myst\u00e8re pascal\u00a0\u00bb.<\/strong> <strong>Les p\u00e8lerins de Lourdes sont plus particuli\u00e8rement invit\u00e9s \u00e0 participer \u00e0 cette conf\u00e9rence qui devrait les pr\u00e9parer de fa\u00e7on remarquable au p\u00e8lerinage.<\/strong><\/span><\/p>\n<p><span style=\"color: #000000;\"><strong><span style=\"text-decoration: underline;\">Journ\u00e9e de fin d\u2019ann\u00e9e du MEJ (Mouvement Eucharistique des Jeunes)<\/span> :\u00a0<br \/><\/strong><strong>Le dimanche 7 juillet, <\/strong>au Sacr\u00e9 C\u0153ur de Nancy\u00a0: messe \u00e0 10h30 puis repas partag\u00e9 et animations pour les jeunes, <strong>concert \u00e0 15h<\/strong> avec Jean-Jacques Juven, Julien Carton, Benjamin Fromont et Mathieu Grass.<\/span><\/p>\n<p><span style=\"color: #000000;\"><strong><span style=\"text-decoration: underline;\">Camp pour les 14-17 ans\u00a0: <\/span><em><span style=\"text-decoration: underline;\">\u2019\u2019 Si tu savais le don de Dieu.\u2019\u2019<\/span> :\u00a0<br \/><\/em><\/strong><strong>Du 8 au 11 juillet, camp \u00e0 l\u2019abbaye d\u2019Autrey<\/strong>, organis\u00e9 par les services des vocations de Lorraine.\u00a0\u00a0 Pour grandir dans la d\u00e9couverte de notre bapt\u00eame et de notre appel personnel \u00e0 travers jeux, activit\u00e9s de\u00a0plein air, temps de r\u00e9flexion et de pri\u00e8re. Ouvert \u00e0 tous\u00a0; Contact\u00a0: <a style=\"color: #000000;\" href=\"mailto:vocations57@gmail.com\">vocations57@gmail.com<\/a> ou tel\u00a0: 03 87 75 85 98.<\/span><\/p>\n<p><span style=\"color: #000000;\"><strong><span style=\"text-decoration: underline;\">P\u00e8lerinage dioc\u00e9sain \u00e0 Lourdes en juillet \u2018<\/span><em><span style=\"text-decoration: underline;\">\u2019 Allez dire aux pr\u00eatres que l\u2019on vienne en procession\u2019\u2019<\/span>\u00a0 : <br \/><\/em><\/strong><strong>Le service dioc\u00e9sain des p\u00e8lerinages et l\u2019Hospitalit\u00e9 Notre-Dame de Lourdes<\/strong>, organisent le <strong>p\u00e8lerinage \u00e0 Lourdes du 15 au 21 juillet<\/strong>. Mgr Michel vous y invite et vous demande d\u2019inviter largement \u00e0 ce p\u00e8lerinage, qu\u2019il pr\u00e9sidera. Il est accessible \u00e0 tous, en famille, en paroisse ou seul, quel que soit votre \u00e2ge ou votre \u00e9tat de sant\u00e9.\u00a0 03 83 27 06 17 ou 07 89 29 41 49 au Service des P\u00e8lerinages.<\/span><\/p>\n<p><span style=\"color: #000000;\"><span style=\"text-decoration: underline;\"><strong>\u00a0<\/strong><\/span><strong><span style=\"text-decoration: underline;\">Lettre pastorale de Mgr Pierre-Yves Michel, Pentec\u00f4te 2024 : \u2018\u2019 Vers plus de fraternit\u00e9 \u2018\u2019<\/span> :\u00a0<br \/><\/strong>\u00c0 la Pentec\u00f4te derni\u00e8re, notre \u00e9v\u00eaque, Monseigneur Pierre-Yves Michel, publiait sa premi\u00e8re lettre pastorale\u00a0<a style=\"color: #000000;\" href=\"https:\/\/www.catholique-nancy.fr\/accueil\/69320-lettre-pastorale-vers-plus-de-fraternite\/\"><strong><em>Vers plus de fraternit\u00e9<\/em><\/strong><\/a><em>, <\/em>pour, apr\u00e8s une ann\u00e9e \u00e0 nos c\u00f4t\u00e9s, donner un cap et un \u00e9lan missionnaire \u00e0 notre dioc\u00e8se. Il a souhait\u00e9, dans <strong>une s\u00e9rie en 3 vid\u00e9os, vous partager le contenu de cette lettre.<\/strong> D\u00e9couvrez, le troisi\u00e8me et dernier \u00e9pisode sur le site du dioc\u00e8se et les questions qu\u2019il souhaite ouvrir pour l\u2019avenir de notre dioc\u00e8se. <br \/>\u00ab\u00a0<strong>Le conseil, ce serait : ne la rangez pas trop vite sur un rayonnage en vous disant \u2018oui je l\u2019ai lue\u2019. Prenez le temps de la relire en \u00e9quipe d\u2019animation pastorale mais aussi avec des amis, des voisins. Vous-m\u00eame, relisez-la, notez ce qu\u2019elle vous inspire. Merci de la recevoir .\u00a0 \u00a0 \u00a0 \u00a0 \u00a0 \u00a0 \u00a0 \u00a0 \u00a0 \u00a0 \u00a0 \u00a0 \u00a0 \u00a0 \u00a0 \u00a0 \u00a0 \u00a0 \u00a0 \u00a0 \u00a0 \u00a0 \u00a0 \u00a0<\/strong>Monseigneur Pierre-Yves Michel, \u00e9v\u00eaque de Nancy et Toul<\/span><\/p>\n<p><span style=\"color: #000000;\"><strong>\u00a0<\/strong><span style=\"background-color: #ffffff;\"><strong><span style=\"text-decoration: underline;\">Sorties ouvertes \u00e0 tous, des voyageurs chr\u00e9tiens<\/span> :\u00a0<br \/><\/strong><strong>22 ao\u00fbt<\/strong> : Visites guid\u00e9es de F\u00e9n\u00e9trange, du mus\u00e9e Chagall \u00e0 Sarrebourg et de l&rsquo;\u00e9glise Jeanne d&rsquo;Arc de Lun\u00e9ville. D\u00e9couverte libre de l&rsquo;abbaye Saint Ulrich. <br \/><strong>Du 20 au 23 octobre :<\/strong> S\u00e9jour \u00e0 Versailles avec d\u00e9couvertes du patrimoine religieux et historique. Participation au nouveau son et lumi\u00e8res de Damien Fontaine \u00e0 l&rsquo;\u00e9glise Saint Sulpice. Inscriptions : Madame CHAMBON ou Jean-Fran\u00e7ois : 03 83 56 34 31.<\/span><\/span><\/p>\n<p>\u00a0<\/p>\n","protected":false},"excerpt":{"rendered":"<p>Mariages et bapt\u00eames :\u00a0Samedi 29 juin \u00e0 Fl\u00e9ville, mariage de Emilie DILLENENSEGER et Mathieu MOREAU, et dans les Charentes, mariage de Chlo\u00e9 GEX et Julien POLLANTTRU.\u00a0Dimanche 30 juin \u00e0 Jarville, bapt\u00eame de Constance LAINE et \u00e0 Ludres, bapt\u00eame de Ma\u00ebl LUCAT-PESSY.\u00a0Dimanche 7 juillet \u00e0 Jarville, bapt\u00eames de Valentin Paul CORNIER, de Simon FRESSE et de&hellip; <br \/> <a class=\"read-more\" href=\"https:\/\/paroisses-nancy-sud.fr\/HOME\/annonces-paroissiales-du-29-juin-au-7-juillet-2024\/\">Lire la suite<\/a><\/p>\n","protected":false},"author":6,"featured_media":553,"comment_status":"closed","ping_status":"open","sticky":false,"template":"","format":"standard","meta":[],"categories":[7],"tags":[],"acf":[],"_links":{"self":[{"href":"https:\/\/paroisses-nancy-sud.fr\/HOME\/wp-json\/wp\/v2\/posts\/3966"}],"collection":[{"href":"https:\/\/paroisses-nancy-sud.fr\/HOME\/wp-json\/wp\/v2\/posts"}],"about":[{"href":"https:\/\/paroisses-nancy-sud.fr\/HOME\/wp-json\/wp\/v2\/types\/post"}],"author":[{"embeddable":true,"href":"https:\/\/paroisses-nancy-sud.fr\/HOME\/wp-json\/wp\/v2\/users\/6"}],"replies":[{"embeddable":true,"href":"https:\/\/paroisses-nancy-sud.fr\/HOME\/wp-json\/wp\/v2\/comments?post=3966"}],"version-history":[{"count":5,"href":"https:\/\/paroisses-nancy-sud.fr\/HOME\/wp-json\/wp\/v2\/posts\/3966\/revisions"}],"predecessor-version":[{"id":3981,"href":"https:\/\/paroisses-nancy-sud.fr\/HOME\/wp-json\/wp\/v2\/posts\/3966\/revisions\/3981"}],"wp:featuredmedia":[{"embeddable":true,"href":"https:\/\/paroisses-nancy-sud.fr\/HOME\/wp-json\/wp\/v2\/media\/553"}],"wp:attachment":[{"href":"https:\/\/paroisses-nancy-sud.fr\/HOME\/wp-json\/wp\/v2\/media?parent=3966"}],"wp:term":[{"taxonomy":"category","embeddable":true,"href":"https:\/\/paroisses-nancy-sud.fr\/HOME\/wp-json\/wp\/v2\/categories?post=3966"},{"taxonomy":"post_tag","embeddable":true,"href":"https:\/\/paroisses-nancy-sud.fr\/HOME\/wp-json\/wp\/v2\/tags?post=3966"}],"curies":[{"name":"wp","href":"https:\/\/api.w.org\/{rel}","templated":true}]}}