{"id":3973,"date":"2024-06-29T23:06:39","date_gmt":"2024-06-29T21:06:39","guid":{"rendered":"https:\/\/paroisses-nancy-sud.fr\/HOME\/?p=3973"},"modified":"2024-06-30T21:27:25","modified_gmt":"2024-06-30T19:27:25","slug":"en-famille-en-peuple-en-eglise","status":"publish","type":"post","link":"https:\/\/paroisses-nancy-sud.fr\/HOME\/en-famille-en-peuple-en-eglise\/","title":{"rendered":"En famille, en peuple, en Eglise."},"content":{"rendered":"\n<p class=\"Standard\" style=\"margin-bottom: 5.65pt;\"><span style=\"font-family: Arial, sans-serif; color: #000000;\">Fr\u00e8res et s\u0153urs, autant vous pr\u00e9venir, je ne vais pas partir directement de la parole de Dieu\u00a0; ou, du moins, pas de la parole de Dieu que nous venons de proclamer.<\/span><\/p>\n<p class=\"Standard\" style=\"margin-bottom: 5.65pt;\"><span style=\"font-family: Arial, sans-serif; color: #000000;\">Il y a quelques jours, quelqu&rsquo;un chantait les louanges d&rsquo;une personne \u00ab\u00a0tr\u00e8s engag\u00e9e dans la paroisse\u00a0\u00bb, comme on dit. Cette personne a r\u00e9pondu tr\u00e8s justement\u00a0: \u00ab\u00a0Mais non, ce n&rsquo;est pas une histoire de faire beaucoup de choses pour la paroisse. La paroisse, c&rsquo;est comme une famille. Dans une famille, on s&rsquo;entraide, c&rsquo;est normal.\u00a0\u00bb En effet, l&rsquo;\u00c9glise est comparable \u00e0 une famille.<\/span><\/p>\n<p class=\"Standard\" style=\"margin-bottom: 5.65pt;\"><span style=\"font-family: Arial, sans-serif; color: #000000;\">Autrefois l&rsquo;\u00c9glise apparaissait comme une institution. Il y avait des professionnels de Dieu, assist\u00e9s de nombreux b\u00e9n\u00e9voles, (des agents des services sacr\u00e9s\u00a0!) charg\u00e9s de fournir une prestation religieuse aux usagers qui venaient s&rsquo;adresser \u00e0 eux au guichet des paroisses. Il me semble que l&rsquo;Esprit Saint nous invite aujourd&rsquo;hui \u00e0 passer de l&rsquo;Eglise-administration \u00e0 l&rsquo;Eglise-famille dans laquelle chacun apporte et re\u00e7oit en fonction de ses besoins et de ses moyens. D&rsquo;ailleurs, notre \u00e9v\u00eaque ne nous invite-t-il pas \u00e0 aller \u00ab\u00a0Vers plus de fraternit\u00e9\u00a0\u00bb\u00a0?<\/span><\/p>\n<p class=\"Standard\" style=\"margin-bottom: 5.65pt;\"><span style=\"font-family: Arial, sans-serif; color: #000000;\">Par notre bapt\u00eame, nous sommes fr\u00e8res et s\u0153urs. Plusieurs pri\u00e8res de la messe nous appellent de ce beau nom\u00a0: \u00ab\u00a0Fr\u00e8res et s\u0153urs, pr\u00e9parons-nous \u00e0 c\u00e9l\u00e9brer le myst\u00e8re de l&rsquo;eucharistie etc.\u00a0\u00bb, \u00ab\u00a0Priez, fr\u00e8res et s\u0153urs, que mon sacrifice etc.\u00a0\u00bb, \u00ab\u00a0Fr\u00e8res et s\u0153urs, dans la charit\u00e9 du Christ, donnez-vous la paix\u00a0\u00bb. La pri\u00e8re d&rsquo;ouverture fait m\u00e9moire de notre adoption filiale qui fait de nous des enfants de lumi\u00e8re. Et il y a bien s\u00fbr ce moment o\u00f9 nous prions ensemble le \u00ab\u00a0Notre P\u00e8re\u00a0\u00bb.<\/span><\/p>\n<p class=\"Standard\" style=\"margin-bottom: 5.65pt;\"><span style=\"font-family: Arial, sans-serif; color: #000000;\">\u00ab\u00a0Ma fille, ta foi t\u2019a sauv\u00e9e&#8230;\u00a0\u00bb, dit le Seigneur \u00e0 la femme gu\u00e9rie de ses pertes de sang. \u00ab\u00a0Jeune fille, je te le dis, l\u00e8ve-toi\u00a0!\u00a0\u00bb, ordonne-t-il \u00e0 la fillette relev\u00e9e de la mort. M\u00eame si J\u00e9sus est d&rsquo;abord notre fr\u00e8re, il pose aussi sur nous le regard du P\u00e8re. Fr\u00e8res et s\u0153urs du Seigneur J\u00e9sus, anim\u00e9s du m\u00eame Esprit Saint que lui, nous sommes devenus fils et filles du P\u00e8re c\u00e9leste. Tous baptis\u00e9s au Nom du P\u00e8re et du Fils et du Saint-Esprit, nous partageons le m\u00eame Nom, le Nom m\u00eame de Dieu. Nous sommes de la m\u00eame famille, la famille de Dieu. Nous sommes tous des princes et des princesses du Royaume.<\/span><\/p>\n<p class=\"Standard\" style=\"margin-bottom: 5.65pt;\"><span style=\"font-family: Arial, sans-serif; color: #000000;\">De quelle famille parle-t-on\u00a0? L&rsquo;\u00c9glise-famille a vocation \u00e0 rassembler tous les hommes et les femmes dans l&rsquo;\u00e9ternit\u00e9. C&rsquo;est la mission que J\u00e9sus nous a confi\u00e9e en nous demandant de proposer largement la foi, de ne pas la garder pour nous. C&rsquo;est pourquoi nous disons que l&rsquo;\u00c9glise est catholique, c&rsquo;est-\u00e0-dire qu&rsquo;elle tend vers l&rsquo;universel. Cela implique que, \u00e0 l&rsquo;instant t, certains sont d\u00e9j\u00e0 dedans et d&rsquo;autres pas encore. La Bible parle souvent des deux chemins, celui de la vie et celui de la mort. Nous en avons un \u00e9cho dans la premi\u00e8re lecture qui dit \u00ab\u00a0ils font l&rsquo;exp\u00e9rience de la mort, ceux qui prennent parti pour le diable\u00a0\u00bb.<\/span><\/p>\n<p class=\"Standard\" style=\"margin-bottom: 5.65pt;\"><span style=\"font-family: Arial, sans-serif; color: #000000;\">\u00c0 l&rsquo;instant t, il y a ceux qui sont du c\u00f4t\u00e9 de la mort, et ceux qui sont en communion avec le Dieu vivant. Les ann\u00e9es de notre vie nous sont donn\u00e9es pour choisir. Si certains optent pour la mort, il y en a heureusement bien d&rsquo;autres qui s&rsquo;en d\u00e9tournent pour aller vers le Dieu vivant et recevoir la vie. C&rsquo;est d&rsquo;ailleurs le sens de la triple renonciation et de la triple profession de foi du bapt\u00eame\u00a0: \u00ab\u00a0Rejetez-vous le p\u00e9ch\u00e9\u00a0? Je le rejette. Croyez-vous en Dieu. Je crois.\u00a0\u00bb Autrement dit, je quitte le chemin de la mort et je choisis celui de la vie.<\/span><\/p>\n<p class=\"Standard\" style=\"margin-bottom: 5.65pt;\"><span style=\"font-family: Arial, sans-serif; color: #000000;\">Celui qui touche J\u00e9sus par la foi re\u00e7oit la vie\u00a0: c&rsquo;est le cas pour la femme gu\u00e9rie de ses pertes de sang, et aussi pour la petite fille que ses parents confient \u00e0 J\u00e9sus. C&rsquo;est ce qui se produit lors du bapt\u00eame et qui se renouvelle chaque fois que nous posons un acte de foi, sp\u00e9cialement lorsque nous recevons les sacrements. Un jour, nous avons \u00e9t\u00e9 la fillette r\u00e9veill\u00e9e par J\u00e9sus pour une vie nouvelle. Chaque jour, nous sommes comme la femme malade qui recherche la proximit\u00e9 avec lui afin de vivre.<\/span><\/p>\n<p class=\"Standard\" style=\"margin-bottom: 5.65pt;\"><span style=\"font-family: Arial, sans-serif; color: #000000;\">Un autre mot important pour nous, c&rsquo;est le mot de communion. Dans l&rsquo;\u00c9vangile, une communion se r\u00e9alise autour de J\u00e9sus entre des personnes tr\u00e8s diff\u00e9rentes. D&rsquo;un c\u00f4t\u00e9 il y a Ja\u00efre le chef de synagogue, un notable respectable et respect\u00e9. De l&rsquo;autre, il y a cette femme que ses pertes de sang condamnaient \u00e0 vivre \u00e0 l&rsquo;\u00e9cart de la soci\u00e9t\u00e9\u00a0; sans oublier les disciples. Autour d&rsquo;eux se presse une grande foule qui les \u00e9crase. Ces gens veulent des miracles, des belles paroles, du service religieux, mais la communion avec le Dieu vivant ne les int\u00e9resse pas. Et nous, o\u00f9 nous situons-nous\u00a0?<\/span><\/p>\n<p class=\"Standard\" style=\"margin-bottom: 5.65pt;\"><span style=\"font-family: Arial, sans-serif; color: #000000;\">Dans l&rsquo;\u00c9glise-famille, chacun apporte et re\u00e7oit\u00a0; chacun met en commun (en communion\u00a0!) un morceau de soi. Au fond, nous sommes baptis\u00e9s pour une seule raison\u00a0: pour prendre part \u00e0 l&rsquo;eucharistie, recevoir la communion qui anticipe aujourd&rsquo;hui ce que nous voulons vivre pour l&rsquo;\u00e9ternit\u00e9. La messe, c&rsquo;est bien s\u00fbr beaucoup plus qu&rsquo;un repas de famille\u00a0; gardons pourtant cette image.<\/span><\/p>\n<p class=\"Standard\" style=\"margin-bottom: 5.65pt;\"><span style=\"font-family: Arial, sans-serif; color: #000000;\">Dans un repas de famille, nous mettons en commun ce que nous avons et ce que nous sommes. Ne dit-on pas \u00ab\u00a0donner de soi-m\u00eame\u00a0\u00bb, \u00ab\u00a0y mettre du sien\u00a0\u00bb\u00a0? Au contraire, combien de repas de famille tournent au vinaigre parce que quelqu&rsquo;un n&rsquo;y met pas du sien\u00a0: cette mamie qui, sous pr\u00e9texte de vaisselle, reste confin\u00e9e \u00e0 la cuisine au lieu de prendre part \u00e0 la conversation\u00a0; cet oncle qui ne cesse de parler et qui ne laisse pas de place aux autres\u00a0; cet adolescent riv\u00e9 \u00e0 son t\u00e9l\u00e9phone qui ne d\u00e9croche pas une parole\u00a0; cet enfant qui ne participe pas au service, etc.<\/span><\/p>\n<p class=\"Standard\" style=\"margin-bottom: 5.65pt;\"><span style=\"font-family: Arial, sans-serif; color: #000000;\">Il en va de m\u00eame pour l&rsquo;eucharistie, pour l&rsquo;\u00c9glise et pour la vie chr\u00e9tienne en g\u00e9n\u00e9ral. Abordons-les dans un esprit de famille o\u00f9 chacun y met du sien. D&rsquo;autant que, dans l&rsquo;eucharistie, Dieu le premier y met du sien\u00a0: \u00ab\u00a0Vous connaissez en effet le don g\u00e9n\u00e9reux de notre Seigneur J\u00e9sus Christ, dit S.\u00a0Paul, lui qui est riche, il s\u2019est fait pauvre \u00e0 cause de vous, pour que vous deveniez riches par sa pauvret\u00e9.\u00a0\u00bb<\/span><\/p>\n<p class=\"Standard\" style=\"margin-bottom: 5.65pt;\"><span style=\"font-family: Arial, sans-serif; color: #000000;\">L&rsquo;argent peut \u00eatre le symbole de ce que chacun met en commun, le moyen de la communion entre les communaut\u00e9s chr\u00e9tiennes. Voil\u00e0 pourquoi S.\u00a0Paul accorde tant d&rsquo;importance \u00e0 la collecte d&rsquo;argent dans la deuxi\u00e8me lecture. Aujourd&rsquo;hui encore, notre dioc\u00e8se collecte en faveur du Liban, du Burundi et de l&rsquo;Inde.<\/span><\/p>\n<p class=\"Standard\" style=\"margin-bottom: 5.65pt;\"><span style=\"font-family: Arial, sans-serif; color: #000000;\">Argent, service, visites, participation aux propositions conviviales, temps gratuit offert, pri\u00e8re aux intentions de la paroisse, ou m\u00eame simplement ramasser ce papier dans un coin de l&rsquo;\u00e9glise, autant de moyens bien concrets pour donner de nous-m\u00eames, y mettre du n\u00f4tre, mettre en commun nos richesses.<\/span><\/p>\n<p style=\"text-align: right;\"><span style=\"color: #000000;\"><em>P\u00e8re Alexandre-marie Valder<\/em><\/span><\/p>\n","protected":false},"excerpt":{"rendered":"<p>Fr\u00e8res et s\u0153urs, autant vous pr\u00e9venir, je ne vais pas partir directement de la parole de Dieu\u00a0; ou, du moins, pas de la parole de Dieu que nous venons de proclamer. Il y a quelques jours, quelqu&rsquo;un chantait les louanges d&rsquo;une personne \u00ab\u00a0tr\u00e8s engag\u00e9e dans la paroisse\u00a0\u00bb, comme on dit. Cette personne a r\u00e9pondu tr\u00e8s&hellip; <br \/> <a class=\"read-more\" href=\"https:\/\/paroisses-nancy-sud.fr\/HOME\/en-famille-en-peuple-en-eglise\/\">Lire la suite<\/a><\/p>\n","protected":false},"author":9,"featured_media":290,"comment_status":"closed","ping_status":"open","sticky":false,"template":"","format":"standard","meta":[],"categories":[9],"tags":[],"acf":[],"_links":{"self":[{"href":"https:\/\/paroisses-nancy-sud.fr\/HOME\/wp-json\/wp\/v2\/posts\/3973"}],"collection":[{"href":"https:\/\/paroisses-nancy-sud.fr\/HOME\/wp-json\/wp\/v2\/posts"}],"about":[{"href":"https:\/\/paroisses-nancy-sud.fr\/HOME\/wp-json\/wp\/v2\/types\/post"}],"author":[{"embeddable":true,"href":"https:\/\/paroisses-nancy-sud.fr\/HOME\/wp-json\/wp\/v2\/users\/9"}],"replies":[{"embeddable":true,"href":"https:\/\/paroisses-nancy-sud.fr\/HOME\/wp-json\/wp\/v2\/comments?post=3973"}],"version-history":[{"count":3,"href":"https:\/\/paroisses-nancy-sud.fr\/HOME\/wp-json\/wp\/v2\/posts\/3973\/revisions"}],"predecessor-version":[{"id":3985,"href":"https:\/\/paroisses-nancy-sud.fr\/HOME\/wp-json\/wp\/v2\/posts\/3973\/revisions\/3985"}],"wp:featuredmedia":[{"embeddable":true,"href":"https:\/\/paroisses-nancy-sud.fr\/HOME\/wp-json\/wp\/v2\/media\/290"}],"wp:attachment":[{"href":"https:\/\/paroisses-nancy-sud.fr\/HOME\/wp-json\/wp\/v2\/media?parent=3973"}],"wp:term":[{"taxonomy":"category","embeddable":true,"href":"https:\/\/paroisses-nancy-sud.fr\/HOME\/wp-json\/wp\/v2\/categories?post=3973"},{"taxonomy":"post_tag","embeddable":true,"href":"https:\/\/paroisses-nancy-sud.fr\/HOME\/wp-json\/wp\/v2\/tags?post=3973"}],"curies":[{"name":"wp","href":"https:\/\/api.w.org\/{rel}","templated":true}]}}