{"id":3975,"date":"2024-06-29T23:17:25","date_gmt":"2024-06-29T21:17:25","guid":{"rendered":"https:\/\/paroisses-nancy-sud.fr\/HOME\/?p=3975"},"modified":"2024-06-30T21:33:45","modified_gmt":"2024-06-30T19:33:45","slug":"annonces-de-la-visitation-du-30-juin-2024","status":"publish","type":"post","link":"https:\/\/paroisses-nancy-sud.fr\/HOME\/annonces-de-la-visitation-du-30-juin-2024\/","title":{"rendered":"Annonces de la Visitation du 30 juin 2024"},"content":{"rendered":"\n<p><span style=\"color: #000000;\"><strong><span style=\"text-decoration: underline;\">Mariage, bapt\u00eame<\/span> :<br \/>Samedi 06 juillet, <\/strong>mariage de K\u00e9vin et Clo\u00e9 en l\u2019\u00e9glise de Chavigny<br \/><strong>Dimanche 07 juillet, <\/strong>bapt\u00eame de No\u00ebh<br \/><em><strong>R\u00e9jouissons-nous et portons-les dans nos pri\u00e8res\u00a0!<\/strong><\/em><\/span><\/p>\n<p><span style=\"color: #000000;\"><strong>\u00a0<span style=\"text-decoration: underline;\">Le document dioc\u00e9sain du 2\u00e8me trimestre 2024<\/span><\/strong> dont le th\u00e8me est \u201cLa conversion missionnaire sous l\u2019action de l\u2019Esprit Saint\u201d sera distribu\u00e9 \u00e0 la sortie des messes dominicales.<strong><br \/><\/strong><\/span><\/p>\n<p><span style=\"color: #000000;\"><span style=\"text-decoration: underline;\"><strong>Qu\u00eate charges paroissiales<\/strong><\/span> : <br \/>Comme tous les premiers dimanches du mois, une qu\u00eate en fin de messe, dimanche 07 juillet, sera assur\u00e9e pour une participation aux charges paroissiales. Elle est valable pour toute la paroisse de la Visitation.\u00a0Merci pour votre don\u00a0!<\/span><\/p>\n<p><span style=\"color: #000000;\"><strong><span style=\"text-decoration: underline;\">Dimanche 30 juin \u00e0 10h30 \u00e0 Neuves-Maisons<\/span><u><br \/><\/u><\/strong>Le p\u00e8re Marc Haeussler est appel\u00e9 par notre \u00e9v\u00eaque Mgr Pierre-Yves Michel \u00e0 une nouvelle mission : recteur de la basilique de Sion et cur\u00e9 mod\u00e9rateur du Saintois-Bayonnais.\u00a0 Nous nous retrouverons pour rendre gr\u00e2ce pour les ann\u00e9es partag\u00e9es et prendre le temps d\u2019un au revoir au cours de la messe qu\u2019il c\u00e9l\u00e9brera \u00e0 Neuves-Maisons ;\u00a0Un moment convivial suivra la c\u00e9l\u00e9bration.<\/span><\/p>\n<p><span style=\"color: #000000;\"><span style=\"text-decoration: underline;\"><strong>Lettre pastorale de l&rsquo;\u00e9v\u00eaque<\/strong> <\/span>:<br \/>\u00c0 la Pentec\u00f4te derni\u00e8re, notre \u00e9v\u00eaque, Monseigneur Pierre-Yves Michel, publiait sa premi\u00e8re lettre pastorale <a style=\"color: #000000;\" href=\"https:\/\/www.catholique-nancy.fr\/accueil\/69320-lettre-pastorale-vers-plus-de-fraternite\/\"><em><strong>Vers plus de fraternit\u00e9<\/strong><\/em><\/a>, pour, apr\u00e8s une ann\u00e9e \u00e0 nos c\u00f4t\u00e9s, donner un cap et un \u00e9lan missionnaire \u00e0 notre dioc\u00e8se. Aujourd\u2019hui, il a souhait\u00e9 vous parler de sa lettre en vid\u00e9o dans une <strong>s\u00e9rie en 3 \u00e9pisodes<\/strong>. D\u00e9couvrez avec lui le contenu de cette lettre et ce qu\u2019il a voulu vous transmettre par ses mots. <em>Lien\u00a0: <strong>https:\/\/www.catholique-nancy.fr\/accueil\/70918-mgr-michel-vous-fait-decouvrir-le-contenu-de-sa-lettre-pastorale\/<\/strong><\/em><\/span><\/p>\n<p><span style=\"color: #000000;\"><strong>\u00a0<\/strong><span style=\"text-decoration: underline;\"><strong>Du\u00a030 juin\u00a0au\u00a007 juillet<\/strong> La\u00a0<a style=\"color: #000000; text-decoration: underline;\" href=\"https:\/\/www.ndlourdes-nancy.fr\/\">paroisse Notre-Dame de Lourdes<\/a>\u00a0<br \/><\/span>vous propose une semaine festive dans le cadre du\u00a0centenaire de la cons\u00e9cration de la basilique Notre-Dame de Lourdes\u00a0(1924-2024) \u00e0 Nancy ! Programme sur le site du dioc\u00e8se <strong><em><a style=\"color: #000000;\" href=\"https:\/\/www.catholique-nancy.fr\/\">https:\/\/www.catholique-nancy.fr\/\u00a0 <\/a><\/em><\/strong><strong>Dont une exposition sur l\u2019histoire de la basilique\u00a0<\/strong>du 2 juin au 31 ao\u00fbt sur le parvis et \u00e0 l\u2019int\u00e9rieur de la basilique.<em> Entr\u00e9e libre et livret consacr\u00e9 \u00e0 l\u2019histoire de la basilique en vente \u00e0 la boutique.<\/em><\/span><\/p>\n<p><span style=\"color: #000000;\"><span style=\"text-decoration: underline;\"><strong>Messes en semaine.<br \/><\/strong><\/span>Jeudi\u00a0: adoration \u00e0 16h00 et messe \u00e0 16h30 \u00e0 la chapelle.<\/span><br \/><span style=\"color: #000000;\">Vendredi\u00a0: messe \u00e0 08h20 chez les s\u0153urs \u00e0 Bainville, 67 rue Jacques Callot.<\/span><\/p>\n<p><span style=\"color: #000000;\"><span style=\"text-decoration: underline;\"><strong>Messes \u00e0 la Visitation<br \/><\/strong><\/span>Samedi 06 juillet \u00e0 18h00\u00a0: Sexey<br \/>Dimanche 07 juillet\u00a0: 10h00 \u00e0 Xeuilley et 10h30 \u00e0 Neuves-Maisons.<\/span><\/p>\n<p><span style=\"color: #000000;\"><u><strong>Permanences \u00e0 la maison paroissiale<\/strong> :<\/u> <\/span><br \/><span style=\"color: #000000;\">Mardi de 14h \u00e0 16h30 et Samedi de 9h30 \u00e0 11h30<\/span><br \/><span style=\"color: #000000;\">tel : 03 83 47 25 54 \u2013 <em><strong>adresse mail<\/strong><\/em><strong> : <\/strong><a style=\"color: #000000;\" href=\"mailto:visitationmm@orange.fr\">visitationmm@orange.fr<\/a>\u00a0 <\/span><br \/><span style=\"color: #000000;\">Horaires des messes :\u00a0 <a style=\"color: #000000;\" href=\"https:\/\/messes.info\/\">messesinfo<\/a><em> (cliquer sur le lien)<\/em><\/span><\/p>\n<p>\u00a0<\/p>\n","protected":false},"excerpt":{"rendered":"<p>Mariage, bapt\u00eame :Samedi 06 juillet, mariage de K\u00e9vin et Clo\u00e9 en l\u2019\u00e9glise de ChavignyDimanche 07 juillet, bapt\u00eame de No\u00ebhR\u00e9jouissons-nous et portons-les dans nos pri\u00e8res\u00a0! \u00a0Le document dioc\u00e9sain du 2\u00e8me trimestre 2024 dont le th\u00e8me est \u201cLa conversion missionnaire sous l\u2019action de l\u2019Esprit Saint\u201d sera distribu\u00e9 \u00e0 la sortie des messes dominicales. Qu\u00eate charges paroissiales :&hellip; <br \/> <a class=\"read-more\" href=\"https:\/\/paroisses-nancy-sud.fr\/HOME\/annonces-de-la-visitation-du-30-juin-2024\/\">Lire la suite<\/a><\/p>\n","protected":false},"author":6,"featured_media":471,"comment_status":"closed","ping_status":"open","sticky":false,"template":"","format":"standard","meta":[],"categories":[10],"tags":[],"acf":[],"_links":{"self":[{"href":"https:\/\/paroisses-nancy-sud.fr\/HOME\/wp-json\/wp\/v2\/posts\/3975"}],"collection":[{"href":"https:\/\/paroisses-nancy-sud.fr\/HOME\/wp-json\/wp\/v2\/posts"}],"about":[{"href":"https:\/\/paroisses-nancy-sud.fr\/HOME\/wp-json\/wp\/v2\/types\/post"}],"author":[{"embeddable":true,"href":"https:\/\/paroisses-nancy-sud.fr\/HOME\/wp-json\/wp\/v2\/users\/6"}],"replies":[{"embeddable":true,"href":"https:\/\/paroisses-nancy-sud.fr\/HOME\/wp-json\/wp\/v2\/comments?post=3975"}],"version-history":[{"count":2,"href":"https:\/\/paroisses-nancy-sud.fr\/HOME\/wp-json\/wp\/v2\/posts\/3975\/revisions"}],"predecessor-version":[{"id":3987,"href":"https:\/\/paroisses-nancy-sud.fr\/HOME\/wp-json\/wp\/v2\/posts\/3975\/revisions\/3987"}],"wp:featuredmedia":[{"embeddable":true,"href":"https:\/\/paroisses-nancy-sud.fr\/HOME\/wp-json\/wp\/v2\/media\/471"}],"wp:attachment":[{"href":"https:\/\/paroisses-nancy-sud.fr\/HOME\/wp-json\/wp\/v2\/media?parent=3975"}],"wp:term":[{"taxonomy":"category","embeddable":true,"href":"https:\/\/paroisses-nancy-sud.fr\/HOME\/wp-json\/wp\/v2\/categories?post=3975"},{"taxonomy":"post_tag","embeddable":true,"href":"https:\/\/paroisses-nancy-sud.fr\/HOME\/wp-json\/wp\/v2\/tags?post=3975"}],"curies":[{"name":"wp","href":"https:\/\/api.w.org\/{rel}","templated":true}]}}