{"id":4022,"date":"2024-07-22T10:16:38","date_gmt":"2024-07-22T08:16:38","guid":{"rendered":"https:\/\/paroisses-nancy-sud.fr\/HOME\/?p=4022"},"modified":"2024-07-22T10:16:38","modified_gmt":"2024-07-22T08:16:38","slug":"annonces-de-la-visitation-du-21-juillet","status":"publish","type":"post","link":"https:\/\/paroisses-nancy-sud.fr\/HOME\/annonces-de-la-visitation-du-21-juillet\/","title":{"rendered":"Annonces de la Visitation du 21 juillet"},"content":{"rendered":"\n<p><span style=\"color: #000000;\"><span style=\"text-decoration: underline;\"><strong>Le 15 Ao\u00fbt, f\u00eate de l\u2019Assomption,<\/strong> <\/span>messe \u00e0 10h30\u00a0 \u00e0 Marthemont.<\/span><br \/><span style=\"color: #000000;\">Pour ceux qui le souhaitent, pic nique tir\u00e9 du sac et pour les marcheurs, d\u00e9part \u00e0 09h00 devant l\u2019\u00e9glise de Xeuilley.<\/span><br \/><span style=\"color: #000000;\">* <em>La chapelle restera ouverte la journ\u00e9e.<\/em><\/span><\/p>\n<p><span style=\"color: #000000;\"><span style=\"text-decoration: underline;\"><strong>Le mercredi 28 ao\u00fbt \u00e0 17h00<\/strong>,<\/span> rencontre des \u00e9quipes liturgiques et animation-chants pour l\u2019\u00e9tablissement du calendrier du dernier semestre des messes \u00e0 Neuves-Maisons.<\/span><br \/><span style=\"color: #000000;\"><strong>N\u2019h\u00e9sitez pas \u00e0 nous rejoindre\u00a0!<br \/><\/strong>\u00a0* <em>Si vous \u00eates int\u00e9ress\u00e9s,\u00a0 tous renseignements au secr\u00e9tariat ou par mail.<\/em><\/span><\/p>\n<p><span style=\"color: #000000;\"><span style=\"text-decoration: underline;\"><strong>Le\u00a0samedi 07 septembre\u00a0<br \/><\/strong><\/span>Tous les catholiques de Meurthe-et-Moselle sont invit\u00e9s au traditionnel p\u00e8lerinage dioc\u00e9sain au sanctuaire Notre-Dame de Sion, le\u00a0samedi 7 septembre\u00a0sur le th\u00e8me :\u00a0\u00ab\u00a0Vers plus de fraternit\u00e9 avec Marie\u00a0\u00bb. Ce grand temps fort pour notre dioc\u00e8se, qui r\u00e9unit plusieurs centaines de p\u00e8lerins, sera pr\u00e9sid\u00e9 par notre \u00e9v\u00eaque, Monseigneur Pierre-Yves Michel.<\/span><\/p>\n<p><span style=\"color: #000000;\"><em><span style=\"text-decoration: underline;\">Programme\u00a0:<\/span><br \/><\/em>9h30\u00a0: accueil des p\u00e8lerins\u00a0; 10h : intervention de notre \u00e9v\u00eaque\u00a0; 11h : messe avec l\u2019installation du p\u00e8re Marc Haeussler comme nouveau recteur de la basilique de Sion et cur\u00e9 des paroisses du Saintois-Bayonnais\u00a0; 12h30\u00a0: d\u00e9jeuner\u00a0; 15h\u00a0: procession mariale.<\/span><br \/><span style=\"color: #000000;\"><em>* Possibilit\u00e9 de confessions dans la journ\u00e9e.<br \/><\/em><em>* fiches d\u2019inscription pour plateaux\u00a0 repas sur demande au secr\u00e9tariat avant le 24 ao\u00fbt.<\/em><\/span><\/p>\n<p><span style=\"color: #000000;\"><span style=\"text-decoration: underline;\"><strong>Le dimanche 08 septembre, messe de rentr\u00e9e pour la paroisse de la Visitation. <\/strong><\/span>Nous ferons connaissance du P\u00e8re Fran\u00e7ois Weber, nouveau cur\u00e9 in solidum sur le secteur pastoral Nancy Sud qui nous rejoindra pour l\u2019ap\u00e9ritif offert \u00e0 l\u2019issue de la messe et le repas tir\u00e9s du sac.<\/span><\/p>\n<p><span style=\"color: #000000;\"><strong><span style=\"text-decoration: underline;\">Messes en semaine.<\/span><br \/><\/strong>Jeudi\u00a0: adoration \u00e0 16h00 et messe \u00e0 16h30 \u00e0 la chapelle.<\/span><br \/><span style=\"color: #000000;\">Vendredi\u00a0: messe \u00e0 08h20 chez les s\u0153urs \u00e0 Bainville, 67 rue Jacques Callot.<\/span><\/p>\n<p><span style=\"color: #000000;\"><span style=\"text-decoration: underline;\"><strong>Messes \u00e0 la Visitation<br \/><\/strong><\/span>Samedi 27 juillet \u00e0 18h00\u00a0: Bainville<\/span><br \/><span style=\"color: #000000;\">Dimanche 28 juillet\u00a0: 10h30 \u00e0 Neuves-Maisons.<\/span><\/p>\n","protected":false},"excerpt":{"rendered":"<p>Le 15 Ao\u00fbt, f\u00eate de l\u2019Assomption, messe \u00e0 10h30\u00a0 \u00e0 Marthemont.Pour ceux qui le souhaitent, pic nique tir\u00e9 du sac et pour les marcheurs, d\u00e9part \u00e0 09h00 devant l\u2019\u00e9glise de Xeuilley.* La chapelle restera ouverte la journ\u00e9e. Le mercredi 28 ao\u00fbt \u00e0 17h00, rencontre des \u00e9quipes liturgiques et animation-chants pour l\u2019\u00e9tablissement du calendrier du dernier&hellip; <br \/> <a class=\"read-more\" href=\"https:\/\/paroisses-nancy-sud.fr\/HOME\/annonces-de-la-visitation-du-21-juillet\/\">Lire la suite<\/a><\/p>\n","protected":false},"author":5,"featured_media":471,"comment_status":"closed","ping_status":"open","sticky":false,"template":"","format":"standard","meta":[],"categories":[10],"tags":[],"acf":[],"_links":{"self":[{"href":"https:\/\/paroisses-nancy-sud.fr\/HOME\/wp-json\/wp\/v2\/posts\/4022"}],"collection":[{"href":"https:\/\/paroisses-nancy-sud.fr\/HOME\/wp-json\/wp\/v2\/posts"}],"about":[{"href":"https:\/\/paroisses-nancy-sud.fr\/HOME\/wp-json\/wp\/v2\/types\/post"}],"author":[{"embeddable":true,"href":"https:\/\/paroisses-nancy-sud.fr\/HOME\/wp-json\/wp\/v2\/users\/5"}],"replies":[{"embeddable":true,"href":"https:\/\/paroisses-nancy-sud.fr\/HOME\/wp-json\/wp\/v2\/comments?post=4022"}],"version-history":[{"count":1,"href":"https:\/\/paroisses-nancy-sud.fr\/HOME\/wp-json\/wp\/v2\/posts\/4022\/revisions"}],"predecessor-version":[{"id":4023,"href":"https:\/\/paroisses-nancy-sud.fr\/HOME\/wp-json\/wp\/v2\/posts\/4022\/revisions\/4023"}],"wp:featuredmedia":[{"embeddable":true,"href":"https:\/\/paroisses-nancy-sud.fr\/HOME\/wp-json\/wp\/v2\/media\/471"}],"wp:attachment":[{"href":"https:\/\/paroisses-nancy-sud.fr\/HOME\/wp-json\/wp\/v2\/media?parent=4022"}],"wp:term":[{"taxonomy":"category","embeddable":true,"href":"https:\/\/paroisses-nancy-sud.fr\/HOME\/wp-json\/wp\/v2\/categories?post=4022"},{"taxonomy":"post_tag","embeddable":true,"href":"https:\/\/paroisses-nancy-sud.fr\/HOME\/wp-json\/wp\/v2\/tags?post=4022"}],"curies":[{"name":"wp","href":"https:\/\/api.w.org\/{rel}","templated":true}]}}