{"id":4048,"date":"2024-08-11T10:00:00","date_gmt":"2024-08-11T08:00:00","guid":{"rendered":"https:\/\/paroisses-nancy-sud.fr\/HOME\/?p=4048"},"modified":"2024-08-10T19:07:47","modified_gmt":"2024-08-10T17:07:47","slug":"imitateurs-et-interpretes-de-dieu","status":"publish","type":"post","link":"https:\/\/paroisses-nancy-sud.fr\/HOME\/imitateurs-et-interpretes-de-dieu\/","title":{"rendered":"<strong>Imitateurs et interpr\u00e8tes de Dieu<\/strong>"},"content":{"rendered":"\n<p><span style=\"color: #000000;\"><strong>Imitateurs et interpr\u00e8tes de Dieu<\/strong><\/span><\/p>\n<p><span style=\"color: #000000;\">En cette p\u00e9riode olympique, saint Paul nous lance un d\u00e9fi compar\u00e9 auquel toutes les \u00e9preuves sportives apparaissent comme une promenade de sant\u00e9. Je relis le passage incrimin\u00e9\u00a0: \u00ab\u00a0Oui, cherchez \u00e0 imiter Dieu, puisque vous \u00eates ses enfants bien-aim\u00e9s.\u00a0\u00bb \u00ab\u00a0Imitez Dieu\u00a0\u00bb\u00a0: ben voyons\u00a0! Et puis quoi encore\u00a0?<\/span><\/p>\n<p><span style=\"color: #000000;\">Et pourtant, fr\u00e8res et s\u0153urs, nous avons bien entendu. Cette petite phrase de saint Paul est de celles qui nous titillent et nous emp\u00eachent d&rsquo;oublier qu&rsquo;\u00eatre chr\u00e9tien, ce n&rsquo;est pas n&rsquo;importe quoi, que le bapt\u00eame nous a consacr\u00e9s pour une vocation absolument extraordinaire\u00a0: chercher \u00e0 imiter Dieu.<\/span><\/p>\n<p><span style=\"color: #000000;\">Chr\u00e9tiens, disciples du Seigneur J\u00e9sus-Christ, nous sommes appel\u00e9s \u00e0 vivre \u00e0 la mani\u00e8re de Dieu d\u00e8s aujourd&rsquo;hui et pour toujours. Il y a quelques jours, nous avons c\u00e9l\u00e9br\u00e9 la f\u00eate de la Transfiguration\u00a0: dans le corps du Christ\u00a0 resplendit la lumi\u00e8re de la gloire de Dieu, annon\u00e7ant ce qui s&rsquo;accomplira dans le corps du Christ que nous formons, l&rsquo;\u00c9glise. C&rsquo;est d\u00e9j\u00e0 r\u00e9alis\u00e9 pour la Vierge Marie, la premi\u00e8re en chemin, d\u00e9j\u00e0 \u00e9lev\u00e9e et glorifi\u00e9e aupr\u00e8s de Dieu en son \u00e2me et en son corps, comme le seront un jour tous les fid\u00e8les du Christ. C&rsquo;est ce que nous allons c\u00e9l\u00e9brer tr\u00e8s bient\u00f4t \u00e0 l&rsquo;Assomption.<\/span><\/p>\n<p><span style=\"color: #000000;\">Cependant, nous ne sommes pas au bout de nos \u00e9tonnements avec les lectures d&rsquo;aujourd&rsquo;hui. La liturgie fait un parall\u00e8le entre l&rsquo;histoire du proph\u00e8te Elie et le discours de J\u00e9sus, pain vivant. Comme le proph\u00e8te Elie marche \u00e0 travers le d\u00e9sert vers l&rsquo;Horeb, la montagne de Dieu, de m\u00eame le chr\u00e9tien marche \u00e0 travers les ann\u00e9es de sa vie vers le Ciel o\u00f9 l&rsquo;attend le P\u00e8re. Comme Elie ne peut pas avancer sans \u00eatre fortifi\u00e9 par la nourriture apport\u00e9e par l&rsquo;ange, de m\u00eame le chr\u00e9tien ne peut pas parvenir \u00e0 destination sans le pain de la vie qui est descendu du ciel\u00a0: J\u00e9sus lui-m\u00eame. \u00ab\u00a0Moi, je suis le pain vivant, qui est descendu du ciel\u00a0: si quelqu&rsquo;un mange de ce pain, il vivra \u00e9ternellement.\u00a0\u00bb<\/span><\/p>\n<p><span style=\"color: #000000;\">Chercher \u00e0 imiter Dieu, manger pour avoir la force de marcher \u00e0 travers le d\u00e9sert\u00a0: autant dire que la vie humaine, et la vie chr\u00e9tienne en particulier, est une t\u00e2che. Or, beaucoup, y compris parmi les baptis\u00e9s, ont une id\u00e9e un peu \u00e9trange de la vie humaine. Ils vivent comme si notre vie d&rsquo;ici n&rsquo;avait pas d&rsquo;importance, comme si elle n&rsquo;\u00e9tait pas une pr\u00e9paration \u00e0 la vie \u00e9ternelle. Ils vivent comme si l&rsquo;\u00e2me, prisonni\u00e8re\u00a0 du corps, n&rsquo;attendait que la mort pour s&rsquo;\u00e9lever toute seule vers Dieu, comme un ballon d&rsquo;h\u00e9lium dont on coupe la ficelle.<\/span><\/p>\n<p><span style=\"color: #000000;\">Au contraire, si le Seigneur nous donne la nourriture pour la route, c&rsquo;est bien que cette route requiert un certain effort, comme toutes les belles choses qui ont du prix. Encore faut-il que, comme Elie est attir\u00e9 vers l&rsquo;Horeb, la montagne de Dieu, le chr\u00e9tien soit attir\u00e9 vers le P\u00e8re. \u00ab\u00a0Personne ne peut venir \u00e0 moi, dit J\u00e9sus, si le P\u00e8re qui m&rsquo;a envoy\u00e9 ne l&rsquo;attire, et moi, je le ressusciterai au dernier jour.\u00a0\u00bb<\/span><\/p>\n<p><span style=\"color: #000000;\">Et toi, es-tu attir\u00e9(e) par le P\u00e8re\u00a0? As-tu le d\u00e9sir de parcourir le chemin de la vie \u00e0 sa recherche, de le voir enfin, de te jeter dans ses bras dans l&rsquo;\u00e9ternelle rencontre du ciel\u00a0? Alors viens au Fils qu&rsquo;il a envoy\u00e9 afin qu&rsquo;il t&rsquo;instruise\u00a0: \u00ab\u00a0Ils seront tous instruits par Dieu lui-m\u00eame.\u00a0\u00bb Et J\u00e9sus instruit d&rsquo;abord par l&rsquo;exemple de sa vie.<\/span><\/p>\n<p><span style=\"color: #000000;\">Le th\u00e9ologien suisse Hans Urs von Balthasar, homme de lettres et de th\u00e9\u00e2tre, \u00e9crit que J\u00e9sus est l&rsquo;interpr\u00e8te du P\u00e8re, comme on interpr\u00e8te une partition. Le regarder, l&rsquo;\u00e9couter, le fr\u00e9quenter, c&rsquo;est apprendre de lui comment imiter Dieu, puisque c&rsquo;est bien cela qui nous est demand\u00e9. De J\u00e9sus, le Fils premier-n\u00e9, le Fils bien-aim\u00e9, nous apprenons ce que c&rsquo;est que de vivre comme les enfants bien-aim\u00e9s du P\u00e8re.<\/span><\/p>\n<p><span style=\"color: #000000;\">Mieux encore\u00a0: alors que l&rsquo;\u00e9l\u00e8ve assimile la le\u00e7on du ma\u00eetre, il nous est donn\u00e9 d&rsquo;assimiler le ma\u00eetre lui-m\u00eame. \u00ab\u00a0Moi, je suis le pain vivant, qui est descendu du ciel\u00a0: si quelqu&rsquo;un mange de pain, il vivra \u00e9ternellement. Le pain que je donnerai, c&rsquo;est ma chair, donn\u00e9e pour la vie du monde.\u00a0\u00bb La communaut\u00e9 chr\u00e9tienne, aussi modeste et pauvre soit-elle, est le lieu o\u00f9 le monde commence \u00e0 assimiler Dieu et Dieu \u00e0 donner la vie au monde.<\/span><\/p>\n<p><span style=\"color: #000000;\">Celui qui accomplit cela en nous, c&rsquo;est l&rsquo;Esprit Saint.<\/span><\/p>\n<p><span style=\"color: #000000;\">Attir\u00e9s par le P\u00e8re et instruits par le Fils, nous recevons Celui qui est l&rsquo;Esprit du P\u00e8re et du Fils. Comme le dit saint Paul, l&rsquo;Esprit nous a marqu\u00e9s de son sceau lors de notre bapt\u00eame et de notre confirmation. Au plus intime de son \u00e2me, le chr\u00e9tien est frapp\u00e9 de cette inscription\u00a0: \u00ab\u00a0Enfant bien-aim\u00e9 du P\u00e8re, consacr\u00e9 au Seigneur, r\u00e9serv\u00e9 en vue du jour de la d\u00e9livrance.\u00a0\u00bb<\/span><\/p>\n<p><span style=\"color: #000000;\">Le m\u00eame th\u00e9ologien suisse d\u00e9j\u00e0 \u00e9voqu\u00e9 parle aussi de l&rsquo;Esprit Saint comme de l&rsquo;interpr\u00e8te de J\u00e9sus. M\u00eame l&rsquo;esprit humain serait trop \u00e9troit pour s&rsquo;assimiler \u00e0 Dieu si Dieu lui-m\u00eame n&rsquo;intervenait pas comme de l&rsquo;int\u00e9rieur. C&rsquo;est l&rsquo;Esprit Saint, c&rsquo;est-\u00e0-dire Dieu lui-m\u00eame, qui atteste \u00e0 notre esprit que nous sommes enfants de Dieu (Rm\u00a08,16). \u00ab\u00a0Dieu a envoy\u00e9 l\u2019Esprit de son Fils dans nos c\u0153urs, et cet Esprit crie \u00ab Abba ! \u00bb, c\u2019est-\u00e0-dire : P\u00e8re (Ga\u00a04,6) !\u00a0\u00bb Sans l&rsquo;Esprit Saint, on peut dire des choses justes sur J\u00e9sus, mais on ne parvient pas \u00e0 saisir de l&rsquo;int\u00e9rieur qui il est vraiment, si bien que saint Paul va jusqu&rsquo;\u00e0 \u00e9crire que \u00ab\u00a0personne n\u2019est capable de dire : \u201cJ\u00e9sus est Seigneur\u201d sinon dans l\u2019Esprit Saint (1Co\u00a012,3).\u00a0\u00bb<\/span><\/p>\n<p><span style=\"color: #000000;\">Si l&rsquo;Esprit Saint est l&rsquo;interpr\u00e8te de J\u00e9sus, c&rsquo;est nous qui sommes ses instruments, son orchestre. \u00ab\u00a0Amertume, irritation, col\u00e8re, \u00e9clats de voix ou insultes&#8230; ainsi que toute esp\u00e8ce de m\u00e9chancet\u00e9\u00a0\u00bb, rien de cela ne convient \u00e0 ceux et celles qui sont marqu\u00e9s du sceau de l&rsquo;Esprit Saint. Il s&rsquo;agit donc de se d\u00e9faire des raideurs de notre caract\u00e8re afin d&rsquo;\u00eatre de plus en plus souples sous l&rsquo;action de l&rsquo;Esprit.<\/span><\/p>\n<p><span style=\"color: #000000;\">Fr\u00e8res et s\u0153urs, laissons-nous attirer par le P\u00e8re, instruire par le Fils et conduire par l&rsquo;Esprit Saint. Que chacun vive dans l&rsquo;amour qu&rsquo;est Dieu, \u00e0 lui la gloire pour les si\u00e8cles des si\u00e8cles. Amen.<\/span><\/p>\n<p style=\"text-align: right;\"><em>P\u00e8re Alexandre-Marie Valder<\/em><\/p>\n","protected":false},"excerpt":{"rendered":"<p>Imitateurs et interpr\u00e8tes de Dieu En cette p\u00e9riode olympique, saint Paul nous lance un d\u00e9fi compar\u00e9 auquel toutes les \u00e9preuves sportives apparaissent comme une promenade de sant\u00e9. Je relis le passage incrimin\u00e9\u00a0: \u00ab\u00a0Oui, cherchez \u00e0 imiter Dieu, puisque vous \u00eates ses enfants bien-aim\u00e9s.\u00a0\u00bb \u00ab\u00a0Imitez Dieu\u00a0\u00bb\u00a0: ben voyons\u00a0! Et puis quoi encore\u00a0? Et pourtant, fr\u00e8res et&hellip; <br \/> <a class=\"read-more\" href=\"https:\/\/paroisses-nancy-sud.fr\/HOME\/imitateurs-et-interpretes-de-dieu\/\">Lire la suite<\/a><\/p>\n","protected":false},"author":9,"featured_media":290,"comment_status":"closed","ping_status":"open","sticky":false,"template":"","format":"standard","meta":[],"categories":[9],"tags":[],"acf":[],"_links":{"self":[{"href":"https:\/\/paroisses-nancy-sud.fr\/HOME\/wp-json\/wp\/v2\/posts\/4048"}],"collection":[{"href":"https:\/\/paroisses-nancy-sud.fr\/HOME\/wp-json\/wp\/v2\/posts"}],"about":[{"href":"https:\/\/paroisses-nancy-sud.fr\/HOME\/wp-json\/wp\/v2\/types\/post"}],"author":[{"embeddable":true,"href":"https:\/\/paroisses-nancy-sud.fr\/HOME\/wp-json\/wp\/v2\/users\/9"}],"replies":[{"embeddable":true,"href":"https:\/\/paroisses-nancy-sud.fr\/HOME\/wp-json\/wp\/v2\/comments?post=4048"}],"version-history":[{"count":1,"href":"https:\/\/paroisses-nancy-sud.fr\/HOME\/wp-json\/wp\/v2\/posts\/4048\/revisions"}],"predecessor-version":[{"id":4049,"href":"https:\/\/paroisses-nancy-sud.fr\/HOME\/wp-json\/wp\/v2\/posts\/4048\/revisions\/4049"}],"wp:featuredmedia":[{"embeddable":true,"href":"https:\/\/paroisses-nancy-sud.fr\/HOME\/wp-json\/wp\/v2\/media\/290"}],"wp:attachment":[{"href":"https:\/\/paroisses-nancy-sud.fr\/HOME\/wp-json\/wp\/v2\/media?parent=4048"}],"wp:term":[{"taxonomy":"category","embeddable":true,"href":"https:\/\/paroisses-nancy-sud.fr\/HOME\/wp-json\/wp\/v2\/categories?post=4048"},{"taxonomy":"post_tag","embeddable":true,"href":"https:\/\/paroisses-nancy-sud.fr\/HOME\/wp-json\/wp\/v2\/tags?post=4048"}],"curies":[{"name":"wp","href":"https:\/\/api.w.org\/{rel}","templated":true}]}}