{"id":4061,"date":"2024-08-18T10:00:00","date_gmt":"2024-08-18T08:00:00","guid":{"rendered":"https:\/\/paroisses-nancy-sud.fr\/HOME\/?p=4061"},"modified":"2024-08-17T21:29:20","modified_gmt":"2024-08-17T19:29:20","slug":"pour-une-vie-eucharistique","status":"publish","type":"post","link":"https:\/\/paroisses-nancy-sud.fr\/HOME\/pour-une-vie-eucharistique\/","title":{"rendered":"<strong>Pour une vie eucharistique<\/strong>"},"content":{"rendered":"\n<p class=\"Standard\" style=\"margin-bottom: 5.65pt; text-align: justify;\"><span style=\"color: #000000;\"><b><span style=\"font-size: 15.5pt; font-family: Caladea;\">Pour une vie eucharistique<\/span><\/b><\/span><\/p>\n<p class=\"Standard\" style=\"margin-bottom: 5.65pt; text-align: justify;\"><span style=\"font-size: 15.5pt; font-family: Caladea; color: #000000;\">Fr\u00e8res et s\u0153urs, partons d&rsquo;une \u00e9vidence\u00a0: depuis 2000 ans, chaque semaine, et m\u00eame souvent chaque jour, partout dans le monde, les chr\u00e9tiens c\u00e9l\u00e8brent l&rsquo;eucharistie. D\u00e8s l&rsquo;origine, les disciples se r\u00e9unissent pour la fraction du pain, reprenant les gestes et les paroles du Seigneur J\u00e9sus le soir de son dernier repas, comme le racontent Matthieu, Marc et Luc. Jean, de son c\u00f4t\u00e9, rapporte le long discours sur le pain de vie que nous avons commenc\u00e9 \u00e0 lire il y a deux semaines et qui se poursuit encore aujourd&rsquo;hui et dimanche prochain.<\/span><\/p>\n<p class=\"Standard\" style=\"margin-bottom: 5.65pt; text-align: justify;\"><span style=\"font-size: 15.5pt; font-family: Caladea; color: #000000;\">Pourquoi c\u00e9l\u00e9brons-nous l&rsquo;eucharistie\u00a0? Vous me direz\u00a0: \u00ab\u00a0Parce que J\u00e9sus a dit\u00a0: \u201cSi vous ne mangez pas la chair du Fils de l&rsquo;homme, et si vous ne buvez pas son sang, vous n&rsquo;avez pas la vie en vous. Celui qui mange ma chair et boit mon sang a la vie \u00e9ternelle.\u201d\u00a0\u00bb Mais pourquoi si souvent\u00a0? Nous avons presque tous fait notre premi\u00e8re communion ici. Est-ce que la vie \u00e9ternelle re\u00e7ue dimanche dernier serait d\u00e9j\u00e0 \u00e9puis\u00e9e\u00a0?<\/span><\/p>\n<p class=\"Standard\" style=\"margin-bottom: 5.65pt; text-align: justify;\"><span style=\"font-size: 15.5pt; font-family: Caladea; color: #000000;\">Peut-\u00eatre parce que la vie dont il est question ici, cette vie \u00e9ternelle qu&rsquo;ont ceux qui mangent la chair et boivent le sang du Seigneur est moins une \u00e9nergie \u00e0 recharger qu&rsquo;une relation \u00e0 entretenir. Le Seigneur J\u00e9sus n&rsquo;est pas uniquement quelqu&rsquo;un <i>qui a \u00e9t\u00e9 l\u00e0<\/i> autrefois, il y a 2000 ans, ou bien le jour de notre bapt\u00eame, et <i>qui sera l\u00e0 <\/i>lorsque nous para\u00eetrons devant lui \u00e0 l&rsquo;heure de notre mort. \u00ab\u00a0Je suis avec vous tous les jours, jusqu&rsquo;\u00e0 la fin du monde\u00a0\u00bb, disait-il \u00e0 ses Ap\u00f4tres.<\/span><\/p>\n<p class=\"Standard\" style=\"margin-bottom: 5.65pt; text-align: justify;\"><span style=\"font-size: 15.5pt; font-family: Caladea; color: #000000;\">Le Concile Vatican\u00a0II rappelle que \u00ab\u00a0le Christ est toujours l\u00e0 aupr\u00e8s de son \u00c9glise, surtout dans les actions liturgiques&#8230; dans le sacrifice de la messe et dans la personne du ministre&#8230; et, au plus haut degr\u00e9, sous les esp\u00e8ces eucharistiques&#8230; par sa puissance, dans les sacrements&#8230; dans sa parole&#8230; lorsque l\u2019\u00c9glise prie et chante les psaumes, lui qui a promis : \u00ab L\u00e0 o\u00f9 deux ou trois sont rassembl\u00e9s en mon nom, je suis l\u00e0, au milieu d\u2019eux \u00bb (Mt 18, 20).\u00a0\u00bb<\/span><\/p>\n<p class=\"Standard\" style=\"margin-bottom: 5.65pt; text-align: justify;\"><span style=\"font-size: 15.5pt; font-family: Caladea; color: #000000;\">Mais comment \u00eatre s\u00fbr d&rsquo;\u00eatre avec lui\u00a0? C&rsquo;est simple comme bonjour, comme manger et boire. Pas de mots magiques, pas de pri\u00e8res dans des langues \u00e9trang\u00e8res, pas d&rsquo;exercice d&rsquo;asc\u00e8se ou de m\u00e9ditation, rien que la foi qui se traduit par l&rsquo;amen accompagn\u00e9 du geste de recevoir.<\/span><\/p>\n<p class=\"Standard\" style=\"margin-bottom: 5.65pt; text-align: justify;\"><span style=\"color: #000000;\"><span style=\"font-size: 15.5pt; font-family: Caladea;\">\u00a0<\/span><span style=\"font-size: 15.5pt; font-family: Caladea;\">La foi que l&rsquo;\u00c9glise confesse, c\u00e9l\u00e8bre, vit et transmet depuis 2000 ans n&rsquo;est ni un message, ni une id\u00e9e\u00a0; c&rsquo;est, \u00e9crit le pape Fran\u00e7ois, une lumi\u00e8re, c&rsquo;est-\u00e0-dire ce qui permet de voir le monde tel qu&rsquo;il est. La foi n&rsquo;est ni seulement quelque chose \u00e0 savoir, ni seulement quelque chose \u00e0 faire, c&rsquo;est un style de vie qui concerne toute la personne, \u00e2me et corps, intelligence, volont\u00e9, affectivit\u00e9 et relations\u00a0; un style de vie eucharistique. C&rsquo;est la connaissance personnelle de quelqu&rsquo;un, de J\u00e9sus de Nazareth.<\/span><\/span><\/p>\n<p class=\"Standard\" style=\"margin-bottom: 5.65pt; text-align: justify;\"><span style=\"font-size: 15.5pt; font-family: Caladea; color: #000000;\">Conna\u00eetre personnellement quelqu&rsquo;un, nous en avons tous l&rsquo;exp\u00e9rience avec nos proches, notre famille, nos amis. La connaissance que nous avons d&rsquo;eux est sans commune mesure avec une connaissance objective comme une fiche des renseignements g\u00e9n\u00e9raux. Pour transmettre au fil des \u00e2ges une connaissance objective, il suffirait d&rsquo;un livre ou d&rsquo;un message oral. Pour transmettre la connaissance personnelle du Seigneur J\u00e9sus, pour permettre \u00e0 toute personne de faire l&rsquo;exp\u00e9rience de J\u00e9sus vivant, il faut bien davantage\u00a0: il faut les sacrements.<\/span><\/p>\n<p class=\"Standard\" style=\"margin-bottom: 5.65pt; text-align: justify;\"><span style=\"font-size: 15.5pt; font-family: Caladea; color: #000000;\">Par les sacrements, sp\u00e9cialement l&rsquo;eucharistie, nous transmettons une m\u00e9moire incarn\u00e9e\u00a0: il y a 2000 ans environ, dans ce petit pays que nous appelons la Terre Sainte, le Fils de Dieu pour nous s&rsquo;est fait homme, il a v\u00e9cu comme l&rsquo;un de nous, il a livr\u00e9 sa vie pour nous, il est mort et il est ressuscit\u00e9. Il a bris\u00e9 les portes de la mort\u00a0; il a transform\u00e9 la mort corporelle en passage vers la vie \u00e9ternelle.<\/span><\/p>\n<p class=\"Standard\" style=\"margin-bottom: 5.65pt; text-align: justify;\"><span style=\"font-size: 15.5pt; font-family: Caladea; color: #000000;\">Cette m\u00e9moire du pass\u00e9 \u00e9claire notre pr\u00e9sent et notre avenir\u00a0: Dieu nous aime, il est avec nous dans nos joies et nos \u00e9preuves, la vie \u00e9ternelle est \u00e0 port\u00e9e de main. C&rsquo;est pr\u00e9cis\u00e9ment \u00e0 propos de l&rsquo;eucharistie que sainte Th\u00e9r\u00e8se de Lisieux \u00e9crivait\u00a0: \u00ab\u00a0Je ne puis craindre un Dieu qui s&rsquo;est fait pour moi si petit&#8230; je l&rsquo;aime !&#8230; car Il n&rsquo;est qu&rsquo;amour et mis\u00e9ricorde !\u00a0\u00bb<\/span><\/p>\n<p class=\"Standard\" style=\"margin-bottom: 5.65pt; text-align: justify;\"><span style=\"color: #000000;\"><span style=\"font-size: 15.5pt; font-family: Caladea;\">\u00a0<\/span><span style=\"font-size: 15.5pt; font-family: Caladea;\">Rencontrer r\u00e9guli\u00e8rement le Christ vivant, cela nous change, de m\u00eame que la fr\u00e9quentation d&rsquo;une personne vertueuse nous rend meilleurs. Si nous sommes coh\u00e9rents, c&rsquo;est toute notre vie qui peu \u00e0 peu s&rsquo;organise en fonction de l&rsquo;eucharistie\u00a0: \u00ab\u00a0Prenez bien garde \u00e0 votre conduite, nous demandait saint Paul\u00a0: ne vivez pas comme des fous, mais comme des sages.\u00a0\u00bb \u00c0 chaque eucharistie, avant la communion, nos fr\u00e8res d&rsquo;Orient proclament\u00a0: \u00ab\u00a0Aux saints les choses saintes\u00a0!\u00a0\u00bb c&rsquo;est-\u00e0-dire\u00a0: \u00ab\u00a0Que les baptis\u00e9s en qui habite l&rsquo;Esprit Saint et qui vivent en cons\u00e9quence re\u00e7oivent le corps et le sang du Christ\u00a0\u00bb<\/span><\/span><\/p>\n<p class=\"Standard\" style=\"margin-bottom: 5.65pt; text-align: justify;\"><span style=\"font-size: 15.5pt; font-family: Caladea; color: #000000;\">Autrefois, cette attention \u00e0 la coh\u00e9rence entre l&rsquo;eucharistie et la vie s&rsquo;est trop souvent limit\u00e9e \u00e0 la question de l&rsquo;\u00e9tat de gr\u00e2ce, voire m\u00eame focalis\u00e9e sur des questions de vie sexuelle. Quel dommage&#8230;<\/span><\/p>\n<p class=\"Standard\" style=\"margin-bottom: 5.65pt; text-align: justify;\"><span style=\"font-size: 15.5pt; font-family: Caladea; color: #000000;\">Aujourd&rsquo;hui, comme chaque dimanche, la Sagesse, c&rsquo;est-\u00e0-dire le Christ, m&rsquo;invite \u00e0 sa table. Moi qui suis l\u00e0 aujourd&rsquo;hui, ai-je \u00e9t\u00e9 assidu \u00e0 r\u00e9pondre \u00e0 ses pr\u00e9c\u00e9dentes invitations ou bien le Seigneur n&rsquo;est-il qu&rsquo;une relation de loin en loin\u00a0? Moi qui suis l\u00e0 aujourd&rsquo;hui, ai-je un vrai d\u00e9sir de cette vie que m&rsquo;offre le Seigneur, ou bien est-ce que je communie de mani\u00e8re machinale\u00a0? Me suis-je donn\u00e9 les moyens de creuser ce d\u00e9sir, par la pri\u00e8re quotidienne notamment\u00a0? Moi qui viens aujourd&rsquo;hui communier au Seigneur, o\u00f9 en suis-je de la communion avec ces fr\u00e8res et s\u0153urs pour lesquels J\u00e9sus a donn\u00e9 sa vie\u00a0? Moi qui suis l\u00e0 aujourd&rsquo;hui pour recevoir le Christ mort et ressuscit\u00e9, est-ce que je vis comme quelqu&rsquo;un qui est mort au p\u00e9ch\u00e9 et vivant pour Dieu, ou bien trop souvent comme un fou et non comme un sage\u00a0?<\/span><\/p>\n<p class=\"Standard\" style=\"margin-bottom: 5.65pt; text-align: justify;\"><span style=\"font-size: 15.5pt; font-family: Caladea; color: #000000;\">Aucun d&rsquo;entre nous n&rsquo;est saint. Nous nous effor\u00e7ons simplement, humblement, patiemment de tendre vers une vie coh\u00e9rente avec l&rsquo;eucharistie que nous recevons chaque semaine, chaque jour. \u00ab\u00a0Seigneur, je ne suis pas digne de te recevoir, mais dis seulement une parole et je serai gu\u00e9ri.\u00a0\u00bb Seigneur, r\u00e9pands en nos c\u0153urs ton amour, fais de nous des hommes et des femmes eucharistiques. Amen.<\/span><\/p>\n<p style=\"text-align: right;\"><span style=\"color: #000000;\"><em>P\u00e8re Alexandre-Marie Valder<\/em><\/span><\/p>\n","protected":false},"excerpt":{"rendered":"<p>Pour une vie eucharistique Fr\u00e8res et s\u0153urs, partons d&rsquo;une \u00e9vidence\u00a0: depuis 2000 ans, chaque semaine, et m\u00eame souvent chaque jour, partout dans le monde, les chr\u00e9tiens c\u00e9l\u00e8brent l&rsquo;eucharistie. D\u00e8s l&rsquo;origine, les disciples se r\u00e9unissent pour la fraction du pain, reprenant les gestes et les paroles du Seigneur J\u00e9sus le soir de son dernier repas, comme&hellip; <br \/> <a class=\"read-more\" href=\"https:\/\/paroisses-nancy-sud.fr\/HOME\/pour-une-vie-eucharistique\/\">Lire la suite<\/a><\/p>\n","protected":false},"author":5,"featured_media":290,"comment_status":"closed","ping_status":"open","sticky":false,"template":"","format":"standard","meta":[],"categories":[9],"tags":[],"acf":[],"_links":{"self":[{"href":"https:\/\/paroisses-nancy-sud.fr\/HOME\/wp-json\/wp\/v2\/posts\/4061"}],"collection":[{"href":"https:\/\/paroisses-nancy-sud.fr\/HOME\/wp-json\/wp\/v2\/posts"}],"about":[{"href":"https:\/\/paroisses-nancy-sud.fr\/HOME\/wp-json\/wp\/v2\/types\/post"}],"author":[{"embeddable":true,"href":"https:\/\/paroisses-nancy-sud.fr\/HOME\/wp-json\/wp\/v2\/users\/5"}],"replies":[{"embeddable":true,"href":"https:\/\/paroisses-nancy-sud.fr\/HOME\/wp-json\/wp\/v2\/comments?post=4061"}],"version-history":[{"count":1,"href":"https:\/\/paroisses-nancy-sud.fr\/HOME\/wp-json\/wp\/v2\/posts\/4061\/revisions"}],"predecessor-version":[{"id":4062,"href":"https:\/\/paroisses-nancy-sud.fr\/HOME\/wp-json\/wp\/v2\/posts\/4061\/revisions\/4062"}],"wp:featuredmedia":[{"embeddable":true,"href":"https:\/\/paroisses-nancy-sud.fr\/HOME\/wp-json\/wp\/v2\/media\/290"}],"wp:attachment":[{"href":"https:\/\/paroisses-nancy-sud.fr\/HOME\/wp-json\/wp\/v2\/media?parent=4061"}],"wp:term":[{"taxonomy":"category","embeddable":true,"href":"https:\/\/paroisses-nancy-sud.fr\/HOME\/wp-json\/wp\/v2\/categories?post=4061"},{"taxonomy":"post_tag","embeddable":true,"href":"https:\/\/paroisses-nancy-sud.fr\/HOME\/wp-json\/wp\/v2\/tags?post=4061"}],"curies":[{"name":"wp","href":"https:\/\/api.w.org\/{rel}","templated":true}]}}