{"id":4095,"date":"2024-09-06T17:18:06","date_gmt":"2024-09-06T15:18:06","guid":{"rendered":"https:\/\/paroisses-nancy-sud.fr\/HOME\/?p=4095"},"modified":"2024-09-06T17:18:06","modified_gmt":"2024-09-06T15:18:06","slug":"effata-ouvre-toi","status":"publish","type":"post","link":"https:\/\/paroisses-nancy-sud.fr\/HOME\/effata-ouvre-toi\/","title":{"rendered":"\u00ab\u00a0Effata ! Ouvre-toi !"},"content":{"rendered":"\n<p><em><span style=\"color: #000000;\"> Effata\u00a0! Ouvre-toi\u00a0!<\/span><\/em><\/p>\n<p><span style=\"color: #000000;\">Nous voici au d\u00e9but d\u2019un nouveau temps de vie, septembre et les multiples \u00ab\u00a0rentr\u00e9es\u00a0\u00bb. Quelle sera la place accord\u00e9e \u00e0 l\u2019Evangile dans cette histoire que nous allons vivre et cr\u00e9er au fil des mois\u00a0?<\/span><\/p>\n<p><span style=\"color: #000000;\">C\u2019est \u00e0 nous que J\u00e9sus parle aujourd\u2019hui\u00a0: \u00ab\u00a0<strong>Effata\u00a0! Ouvre-toi<\/strong>\u00a0!\u00a0\u00bb<\/span><\/p>\n<p><span style=\"color: #000000;\">Pour nous gu\u00e9rir, nous sauver et parce qu\u2019Il nous aime, Dieu attend que nous nous ouvrions sans peur, \u00e0 Lui, \u00e0 sa Parole d\u2019une mani\u00e8re ou d\u2019une autre\u2026Le conseil le plus r\u00e9p\u00e9t\u00e9 dans la Bible, et donc un des plus pr\u00e9cieux, est celui-ci\u00a0: \u00ab\u00a0<em>N\u2019aie pas peur\u00a0<\/em>!\u00a0\u00bb, \u00ab\u00a0<em>Soyez sans crainte\u00a0<\/em>!\u00a0\u00bb . Il nous est r\u00e9p\u00e9t\u00e9 365 fois dans l\u2019Ancien et le Nouveau testament\u00a0!<\/span><\/p>\n<p><span style=\"color: #000000;\">365 fois\u2026Comme un encouragement en cette rentr\u00e9e \u00e0 accueillir chaque matin, sans appr\u00e9hension, cette paix venue de Dieu\u00a0!<\/span><\/p>\n<p><span style=\"color: #000000;\"><strong>N\u2019aie pas peur<\/strong> de prier davantage au fil des jours, de rentrer \u00e0 l\u2019Eglise. La pri\u00e8re est notre respiration\u00a0!<\/span><\/p>\n<p><span style=\"color: #000000;\"><strong>N\u2019aie pas peur<\/strong> de venir r\u00e9guli\u00e8rement y rencontrer tes fr\u00e8res et s\u0153urs\u00a0! Ces liens nous font vivre.<\/span><\/p>\n<p><span style=\"color: #000000;\"><strong>N\u2019aie pas peur<\/strong> d\u2019accueillir ces nouveaux voisins qui ont emm\u00e9nag\u00e9 durant l\u2019\u00e9t\u00e9.<\/span><\/p>\n<p><span style=\"color: #000000;\"><strong>N\u2019aie pas peur<\/strong> de faire des projets, de t\u2019engager malgr\u00e9 les incertitudes\u2026<\/span><\/p>\n<p><span style=\"color: #000000;\">Quelle est puissante et lib\u00e9ratrice la Parole de Dieu quand nous ouvrons, sans peur, nos c\u0153urs\u00a0! Saisissons, en ce d\u00e9but septembre, toutes les occasions qui se pr\u00e9senteront de transmettre cette parole sous forme d\u2019invitation ou d\u2019information. Ce peut \u00eatre une invitation \u00e0 voir davantage l\u2019esp\u00e9rance, le positif de nos vies\u2026<\/span><\/p>\n<p><span style=\"color: #000000;\">La devise choisie par le Pape Fran\u00e7ois pour le jubil\u00e9 2025 est \u00ab\u00a0<em><strong>P\u00e8lerins de l\u2019esp\u00e9rance\u00a0<\/strong><\/em>\u00bb. Essayons d\u00e8s maintenant d\u2019\u00eatre ces \u00ab\u00a0<em>P\u00e8lerins de l\u2019esp\u00e9rance<\/em>\u00a0\u00bb, t\u00e9moins d\u2019une confiance plus forte que toute peur.<\/span><\/p>\n<p><span style=\"color: #000000;\">Belle rentr\u00e9e \u00e0 chacun\u00a0!<\/span><\/p>\n<p><span style=\"color: #000000;\">\u00a0\u00a0\u00a0\u00a0\u00a0\u00a0\u00a0\u00a0\u00a0\u00a0\u00a0\u00a0\u00a0\u00a0\u00a0\u00a0\u00a0\u00a0\u00a0\u00a0\u00a0\u00a0\u00a0\u00a0\u00a0\u00a0\u00a0\u00a0\u00a0\u00a0\u00a0\u00a0\u00a0\u00a0\u00a0\u00a0\u00a0\u00a0\u00a0\u00a0\u00a0\u00a0\u00a0\u00a0\u00a0\u00a0\u00a0\u00a0\u00a0\u00a0\u00a0\u00a0\u00a0\u00a0\u00a0\u00a0\u00a0\u00a0\u00a0\u00a0\u00a0\u00a0\u00a0\u00a0\u00a0\u00a0\u00a0\u00a0\u00a0\u00a0\u00a0\u00a0\u00a0\u00a0\u00a0\u00a0\u00a0\u00a0\u00a0 Marie-France Dufour,<\/span><br \/><span style=\"color: #000000;\">\u00a0\u00a0\u00a0\u00a0\u00a0\u00a0\u00a0\u00a0\u00a0\u00a0\u00a0\u00a0\u00a0\u00a0\u00a0\u00a0\u00a0\u00a0\u00a0\u00a0\u00a0\u00a0\u00a0\u00a0\u00a0\u00a0\u00a0\u00a0\u00a0\u00a0\u00a0\u00a0\u00a0\u00a0\u00a0\u00a0\u00a0\u00a0\u00a0\u00a0\u00a0\u00a0\u00a0\u00a0\u00a0\u00a0\u00a0\u00a0\u00a0\u00a0\u00a0\u00a0\u00a0\u00a0\u00a0\u00a0\u00a0\u00a0\u00a0\u00a0\u00a0\u00a0\u00a0\u00a0\u00a0\u00a0\u00a0\u00a0\u00a0\u00a0 Equipe liturgique Saint Fran\u00e7ois de Sales<\/span><\/p>\n","protected":false},"excerpt":{"rendered":"<p>Effata\u00a0! Ouvre-toi\u00a0! Nous voici au d\u00e9but d\u2019un nouveau temps de vie, septembre et les multiples \u00ab\u00a0rentr\u00e9es\u00a0\u00bb. Quelle sera la place accord\u00e9e \u00e0 l\u2019Evangile dans cette histoire que nous allons vivre et cr\u00e9er au fil des mois\u00a0? C\u2019est \u00e0 nous que J\u00e9sus parle aujourd\u2019hui\u00a0: \u00ab\u00a0Effata\u00a0! Ouvre-toi\u00a0!\u00a0\u00bb Pour nous gu\u00e9rir, nous sauver et parce qu\u2019Il nous aime,&hellip; <br \/> <a class=\"read-more\" href=\"https:\/\/paroisses-nancy-sud.fr\/HOME\/effata-ouvre-toi\/\">Lire la suite<\/a><\/p>\n","protected":false},"author":5,"featured_media":523,"comment_status":"closed","ping_status":"open","sticky":false,"template":"","format":"standard","meta":[],"categories":[6],"tags":[],"acf":[],"_links":{"self":[{"href":"https:\/\/paroisses-nancy-sud.fr\/HOME\/wp-json\/wp\/v2\/posts\/4095"}],"collection":[{"href":"https:\/\/paroisses-nancy-sud.fr\/HOME\/wp-json\/wp\/v2\/posts"}],"about":[{"href":"https:\/\/paroisses-nancy-sud.fr\/HOME\/wp-json\/wp\/v2\/types\/post"}],"author":[{"embeddable":true,"href":"https:\/\/paroisses-nancy-sud.fr\/HOME\/wp-json\/wp\/v2\/users\/5"}],"replies":[{"embeddable":true,"href":"https:\/\/paroisses-nancy-sud.fr\/HOME\/wp-json\/wp\/v2\/comments?post=4095"}],"version-history":[{"count":1,"href":"https:\/\/paroisses-nancy-sud.fr\/HOME\/wp-json\/wp\/v2\/posts\/4095\/revisions"}],"predecessor-version":[{"id":4096,"href":"https:\/\/paroisses-nancy-sud.fr\/HOME\/wp-json\/wp\/v2\/posts\/4095\/revisions\/4096"}],"wp:featuredmedia":[{"embeddable":true,"href":"https:\/\/paroisses-nancy-sud.fr\/HOME\/wp-json\/wp\/v2\/media\/523"}],"wp:attachment":[{"href":"https:\/\/paroisses-nancy-sud.fr\/HOME\/wp-json\/wp\/v2\/media?parent=4095"}],"wp:term":[{"taxonomy":"category","embeddable":true,"href":"https:\/\/paroisses-nancy-sud.fr\/HOME\/wp-json\/wp\/v2\/categories?post=4095"},{"taxonomy":"post_tag","embeddable":true,"href":"https:\/\/paroisses-nancy-sud.fr\/HOME\/wp-json\/wp\/v2\/tags?post=4095"}],"curies":[{"name":"wp","href":"https:\/\/api.w.org\/{rel}","templated":true}]}}