{"id":4097,"date":"2024-09-06T17:54:32","date_gmt":"2024-09-06T15:54:32","guid":{"rendered":"https:\/\/paroisses-nancy-sud.fr\/HOME\/?p=4097"},"modified":"2024-09-06T17:54:32","modified_gmt":"2024-09-06T15:54:32","slug":"annonces-de-saint-francois-de-sales-et-sainte-jeanne-de-chantal-du-8-septembre","status":"publish","type":"post","link":"https:\/\/paroisses-nancy-sud.fr\/HOME\/annonces-de-saint-francois-de-sales-et-sainte-jeanne-de-chantal-du-8-septembre\/","title":{"rendered":"Annonces de Saint-Fran\u00e7ois-de-Sales et Sainte-Jeanne-de-Chantal du 8 septembre"},"content":{"rendered":"\n<p><span style=\"color: #000000;\"><span style=\"text-decoration: underline;\"><strong>Bapt\u00eames et mariages<\/strong><\/span><strong><span style=\"text-decoration: underline;\">.<\/span><br \/><\/strong><strong style=\"font-size: revert;\">Samedi 7 septembre \u00e0 Richardm\u00e9nil, mariage <\/strong><span style=\"font-size: revert;\">de Pauline et de Anthony. <\/span><strong style=\"font-size: revert;\">Dimanche 8 septembre \u00e0 Fl\u00e9ville, bapt\u00eame <\/strong><span style=\"font-size: revert;\">de Romy.<br \/><\/span><strong style=\"font-size: revert;\">Dimanche 15 septembre \u00e0 Jarville<\/strong><span style=\"font-size: revert;\">, <\/span><strong style=\"font-size: revert;\">bapt\u00eame<\/strong><span style=\"font-size: revert;\"> d\u2019Isaac et \u00e0 <\/span><strong style=\"font-size: revert;\">Ludres<\/strong><span style=\"font-size: revert;\">, bapt\u00eames de Sofia et Arthur et de Mathis.<br \/><\/span><em>Portons dans notre pri\u00e8re ces enfants, ces adultes et leurs familles. <\/em><\/span><\/p>\n<p><span style=\"color: #000000;\"><strong><span style=\"text-decoration: underline;\">Qu\u00eate suppl\u00e9mentaire du premier dimanche du mois\u00a0<\/span><br \/><\/strong><strong>Ce samedi 7 et dimanche 8 septembre<\/strong>, qu\u00eate suppl\u00e9mentaire<strong>.<\/strong> Elle permet de compl\u00e9ter le financement des frais pastoraux et de fonctionnement de nos paroisses. Un grand merci\u00a0!<\/span><\/p>\n<p><span style=\"color: #000000;\"><strong><span style=\"text-decoration: underline;\">R\u00e9union des \u00e9quipes du MCR (Mouvement Chr\u00e9tien des Retrait\u00e9s)<\/span><br \/><\/strong><strong>Jeudi 12 septembre, \u00e0 Heillecourt, <\/strong>salle Arc en Ciel,<strong> r\u00e9union du MCR., \u00e9quipe d\u2019Heillecourt<\/strong> &#8211; <strong>Mardi 17 septembre, \u00e0 14h30, \u00e0 Jarville, r\u00e9union pour Jarville<\/strong><strong>.<\/strong><\/span><\/p>\n<p><span style=\"color: #000000;\"><span style=\"text-decoration: underline;\"><strong>Table ouverte du 2<sup>\u00e8me<\/sup>dimanche du mois<br \/><\/strong><\/span><strong>Ce dimanche \u00e0 Jarville, dans les salles paroissiales la table ouverte reprend\u00a0! <\/strong>Chacun apporte un plat sal\u00e9 ou sucr\u00e9 ou du pain, du fromage, une boisson \u2026 N\u2019h\u00e9sitez pas \u00e0 venir, et \u00e0 inviter amis ou voisins \u00e0 profiter de ce moment simple et convivial.<\/span><\/p>\n<p><span style=\"color: #000000;\"><span style=\"text-decoration: underline;\"><strong>Pri\u00e8re du soir du 2<sup>\u00e8me<\/sup> vendredi du mois<br \/><\/strong><\/span><strong>Vendredi 13 septembre, \u00e0 Jarville \u00e0 la crypte, \u00e0 20h30\u00a0: <\/strong>pri\u00e8re du soir avec chants\u00a0de louange, m\u00e9ditation, et complies.<\/span><\/p>\n<p><span style=\"color: #000000;\"><span style=\"text-decoration: underline;\"><strong>Rencontre des Confirmands :<br \/><\/strong><\/span><strong>Samedi 14 septembre, \u00e0 14h, les confirmands de notre secteur se retrouvent \u00e0 Jarville pour leur dernier temps fort avant la confirmation <\/strong>(16 et 17 novembre \u00e0 Jarville).\u00a0A l\u2019ordre du jour\u00a0: les gestes et paroles de la confirmation, le sacrement du pardon et la rencontre de Mgr Pierre-Yves Michel, en fin d\u2019apr\u00e8s-midi. Fin de la journ\u00e9e \u00e0 21h- 21h30.<\/span><\/p>\n<p><span style=\"color: #000000;\"><strong><span style=\"text-decoration: underline;\">Rentr\u00e9e du cat\u00e9 !<\/span> :<br \/><\/strong><strong>Les r\u00e9unions de rentr\u00e9e des parents des enfants du cat\u00e9 se font \u00e0 la maison paroissiale de Ludres \u00e0 20h30.<br \/><\/strong>*<strong>Mardi 10 septembre r\u00e9union des parents 3<sup>\u00e8me\u00a0<\/sup>ann\u00e9e et 4<sup>\u00e8me<\/sup> ann\u00e9e cat\u00e9.<br \/>*Mardi 17 septembre r\u00e9union des parents 5<sup>\u00e8me<\/sup> ann\u00e9e cat\u00e9 (ann\u00e9e de la\u00a0 profession de foi).<br \/><\/strong><strong>*Mardi 24 septembre r\u00e9union des parents 1<sup>\u00e8re<\/sup> ann\u00e9e cat\u00e9.<\/strong><\/span><\/p>\n<p><span style=\"color: #000000;\"><strong>Le dimanche 22 septembre 2024 \u00e0 Neuves-Maisons la premi\u00e8re messe des familles<\/strong> et <strong>rentr\u00e9e du cat\u00e9chisme.<\/strong> <strong>Beau moment de retrouvailles pour les enfants et les parents\u00a0!<\/strong><\/span><\/p>\n<p><span style=\"color: #000000;\"><strong>La cat\u00e9ch\u00e8se se compose de<\/strong>\u00a0:<\/span><br \/><span style=\"color: #000000;\"><u>* La messe des familles mensuelle<\/u> : cette messe est organis\u00e9e pour et par les enfants qui sont partie prenante de la liturgie, notamment en assurant les lectures.* <u>Les s\u00e9ances de cat\u00e9chisme<\/u> : il y a une douzaine de rencontres dans l\u2019ann\u00e9e. Les horaires sont d\u00e9finis en d\u00e9but d\u2019ann\u00e9e, en fonction des disponibilit\u00e9s des enfants et des parents.<\/span><br \/><span style=\"color: #000000;\"><u>* Les temps-forts<\/u> : pour vivre les moments phares de l\u2019ann\u00e9e (avant No\u00ebl, avant P\u00e2ques) ou pour pr\u00e9parer les sacrements et f\u00eates (sacrement de r\u00e9conciliation, premi\u00e8re communion, profession de foi).<\/span><br \/><span style=\"color: #000000;\"><strong>L\u2019inscription se fait \u00e0 l\u2019aide d\u2019un formulaire accessible depuis<\/strong> <strong>le site\u00a0<\/strong><em>(rubrique<strong> grandir dans la foi)<\/strong><\/em><strong>\u00a0ou aux secr\u00e9tariats des paroisses, <\/strong>\u00e0 envoyer \u00e0\u00a0<a style=\"color: #000000;\" href=\"mailto:cate@paroisses-nancy-sud.fr\"><strong>cate@paroisses-nancy-sud.fr<\/strong><\/a>\u00a0ou \u00e0 remettre au secr\u00e9tariat. Vous serez ensuite contact\u00e9s par un(e) cat\u00e9chiste.<\/span><\/p>\n<p><span style=\"color: #000000;\"><span style=\"text-decoration: underline;\"><strong>Horaires des messes dominicales des 14 et 15 septembre 2024<br \/><\/strong><\/span><strong>Samedi 14 septembre\u00a0:\u00a0 18h <\/strong>Heillecourt, Laneuveville, Autrey<\/span><br \/><span style=\"color: #000000;\"><strong>Dimanche 15 septembre : 10 h30 <\/strong>Jarville, Neuves-Maisons\u00a0\u00a0\u00a0\u00a0 \u00a0\u00a0\u00a0\u00a0\u00a0\u00a0\u00a0\u00a0\u00a0\u00a0<strong>11h<\/strong> Ludres (f\u00eate patronale)\u00a0\u00a0\u00a0\u00a0\u00a0\u00a0\u00a0\u00a0\u00a0<\/span><\/p>\n<p><span style=\"color: #000000;\"><span style=\"text-decoration: underline;\"><strong>\u00a0<\/strong><strong>Les Passerelles de la rentr\u00e9e sont arriv\u00e9es\u00a0!<br \/><\/strong><\/span>Le nouveau num\u00e9ro du journal Passerelle de nos paroisses est arriv\u00e9\u00a0: vous allez le recevoir dans vos bo\u00eetes \u00e0 lettres ou le trouver au fond de vos \u00e9glises.<\/span><\/p>\n<p><span style=\"color: #000000;\"><span style=\"text-decoration: underline;\"><strong>Messes de rentr\u00e9e et accueil du p\u00e8re Fran\u00e7ois Weber<br \/><\/strong><\/span><strong>Dimanche 8 septembre 2024 \u00e0 Neuves-Maisons,<\/strong> <strong>messe de rentr\u00e9e de la paroisse de la Visitation sur Moselle et Madon.<br \/><\/strong><strong>Dimanche 22 septembre \u00e0 Flavigny, messe de rentr\u00e9e de la paroisse Sainte-Jeanne-de-Chantal et<\/strong> <strong>accueil du p\u00e8re Fan\u00e7oisr Weber<\/strong>\u00a0: \u00a0les paroissiens et nombreux b\u00e9n\u00e9voles de notre paroisse (15o personnes environ<em>) <\/em>sont particuli\u00e8rement invit\u00e9es \u00e0 se rassembler autour du P\u00e8re Fran\u00e7ois Weber, nouveau cur\u00e9 de nos paroisses.\u00a0 <strong>La messe se poursuivra par un moment convivial autour <\/strong>d\u2019un ap\u00e9ritif sur le parvis de l\u2019\u00e9glise ou dans les salles voisines si le temps l\u2019exige.<\/span><br \/><span style=\"color: #000000;\"><strong>Dimanche 22 septembre \u00e0 Neuves-Maisons messe des familles et rentr\u00e9e du cat\u00e9.<br \/><\/strong><strong>Dimanche 29 septembre \u00e0 Jarville, installation pour notre secteur, du p\u00e8re Fran\u00e7ois Weber <\/strong>comme cur\u00e9 in solidum pour nos trois paroisses et <strong>messe de rentr\u00e9e de la paroisse Saint- Fran\u00e7ois-de-Sales.<\/strong><\/span><\/p>\n<p><span style=\"color: #000000;\"><span style=\"text-decoration: underline;\"><strong>Temps de pri\u00e8re mensuel \u00e0 Fl\u00e9ville <em>\u2018\u2019 Prier en \u00e9glise\u2019\u2019<br \/><\/em><\/strong><\/span><strong>Le mardi 17 septembre \u00e0 15h \u00e0 l\u2019\u00e9glise de Fl\u00e9ville, <\/strong>un petit groupe vous propose de venir prier ensemble \u00e0 partir du livret dioc\u00e9sain \u2018\u2019 Venez et priez\u2019\u2019<strong>.<\/strong><\/span><\/p>\n<p><span style=\"color: #000000;\"><span style=\"text-decoration: underline;\"><strong>Journ\u00e9es europ\u00e9ennes du Patrimoine<br \/><\/strong><\/span>A l\u2019\u00e9glise de Jarville<strong>, le dimanche 22 septembre, <\/strong>de 14h \u00e0 17h, d\u00e9couvrez \u2018\u2019les vitraux qui parlent\u2019\u2019\u00a0: chaque vitrail m\u00e9rite une observation attentive\u00a0; des b\u00e9n\u00e9voles de l\u2019association \u2018\u2019Sacr\u00e9-C\u0153ur de Jarville\u2019\u2019 vous proposeront explications, commentaires et interpr\u00e9tation. Un livret de pr\u00e9sentation sera propos\u00e9 \u00e0 la vente au prix de 5 euros.<\/span><\/p>\n<p><span style=\"color: #000000;\"><span style=\"text-decoration: underline;\"><strong>\u00a0<\/strong><strong>A<\/strong><strong>utres<\/strong><strong> Annonces<br \/><\/strong><\/span><strong>\u00a0&#8211; Session de rentr\u00e9e des acteurs pastoraux<br \/><\/strong><strong>Mardi 10 septembre de 9h \u00e0 22h, <\/strong>au domaine de l\u2019Asn\u00e9e, se retrouveront tous les acteurs pastoraux du dioc\u00e8se autour de Mgr Pierre-Yves Michel sur le th\u00e8me\u00a0<em>: \u2018\u2019D\u00e9couvrons la vie en petites fraternit\u00e9s\u2019\u2019<\/em>. Cur\u00e9s, coordinateurs, diacres, pr\u00eatres, membres d\u2019EAP, responsables de mouvements, des services, des aum\u00f4neries, se retrouveront pour lancer cette ann\u00e9e pastorale.\u00a0<\/span><\/p>\n<p><span style=\"color: #000000;\"><strong>\u00a0&#8211; Rentr\u00e9e des cat\u00e9chistes et animateurs en cat\u00e9ch\u00e8se<br \/><\/strong><strong>Le samedi 28 septembre rentr\u00e9e des cat\u00e9chistes, de 10h \u00e0 16h <\/strong><strong>au Centre spirituel dioc\u00e9sain, (10 rue du Carmel \u00e0 Nancy).<em>\u2019Cat\u00e9chistes reli\u00e9s au seigneur par la pri\u00e8re \u2018<\/em>\u2019. S\u2019inscrire avant le 12 septembre au service dioc\u00e9sain de la cat\u00e9ch\u00e8se. (12\u20ac ou 28\u20ac avec le repas) <\/strong><\/span><\/p>\n<p><span style=\"color: #000000;\"><strong>\u00a0&#8211; Lecture<br \/><\/strong>Fran\u00e7ois Weber publie, son nouveau roman <em>\u2018\u2019 Elefty 3 L\u2019enfant de Ghimmel \u2018\u2019, <\/em>3<sup>\u00e8me<\/sup> tome d\u2019une t\u00e9tralogie. On pourra le trouver au livre sur la place (et le faire d\u00e9dicacer\u00a0!) ou alors aux \u00e9ditions Osmose\u00a0: osmose-boutique.com.<\/span><\/p>\n<p><span style=\"color: #000000;\"><strong>\u00a0 &#8211; <\/strong><strong>Appel\u00a0: Fournitures scolaires<br \/><\/strong>La rentr\u00e9e arrive avec l&rsquo;achat de mat\u00e9riel scolaire. L\u2019association <strong>\u2018\u2019<\/strong><strong><em>Un toit pour les migrants\u2019\u2019<\/em><\/strong> fait une collecte de fournitures pour les \u00e9l\u00e8ves migrants. (Voir tracts) Contact 03 83 32 20 14, 17 rue Drouin \u00e0 Nancy du lundi au jeudi 9h \u00e0 12h et 14h \u00e0 17h.<\/span><\/p>\n<p style=\"text-align: center;\"><span style=\"color: #000000;\"><strong>\u00a0<\/strong>\u00ab\u00a0<em>J\u00e9sus marche avec toi chaque jour, dans la situation que tu vis, dans l\u2019\u00e9preuve que tu traverses, dans les r\u00eaves que tu portes en toi<\/em>\u00a0\u00bb<\/span><br \/><span style=\"color: #000000;\">Pape Fran\u00e7ois, tweet du 3 avril 2023<\/span><\/p>\n","protected":false},"excerpt":{"rendered":"<p>Bapt\u00eames et mariages.Samedi 7 septembre \u00e0 Richardm\u00e9nil, mariage de Pauline et de Anthony. Dimanche 8 septembre \u00e0 Fl\u00e9ville, bapt\u00eame de Romy.Dimanche 15 septembre \u00e0 Jarville, bapt\u00eame d\u2019Isaac et \u00e0 Ludres, bapt\u00eames de Sofia et Arthur et de Mathis.Portons dans notre pri\u00e8re ces enfants, ces adultes et leurs familles. Qu\u00eate suppl\u00e9mentaire du premier dimanche du mois\u00a0Ce&hellip; <br \/> <a class=\"read-more\" href=\"https:\/\/paroisses-nancy-sud.fr\/HOME\/annonces-de-saint-francois-de-sales-et-sainte-jeanne-de-chantal-du-8-septembre\/\">Lire la suite<\/a><\/p>\n","protected":false},"author":5,"featured_media":554,"comment_status":"closed","ping_status":"open","sticky":false,"template":"","format":"standard","meta":[],"categories":[7],"tags":[],"acf":[],"_links":{"self":[{"href":"https:\/\/paroisses-nancy-sud.fr\/HOME\/wp-json\/wp\/v2\/posts\/4097"}],"collection":[{"href":"https:\/\/paroisses-nancy-sud.fr\/HOME\/wp-json\/wp\/v2\/posts"}],"about":[{"href":"https:\/\/paroisses-nancy-sud.fr\/HOME\/wp-json\/wp\/v2\/types\/post"}],"author":[{"embeddable":true,"href":"https:\/\/paroisses-nancy-sud.fr\/HOME\/wp-json\/wp\/v2\/users\/5"}],"replies":[{"embeddable":true,"href":"https:\/\/paroisses-nancy-sud.fr\/HOME\/wp-json\/wp\/v2\/comments?post=4097"}],"version-history":[{"count":1,"href":"https:\/\/paroisses-nancy-sud.fr\/HOME\/wp-json\/wp\/v2\/posts\/4097\/revisions"}],"predecessor-version":[{"id":4098,"href":"https:\/\/paroisses-nancy-sud.fr\/HOME\/wp-json\/wp\/v2\/posts\/4097\/revisions\/4098"}],"wp:featuredmedia":[{"embeddable":true,"href":"https:\/\/paroisses-nancy-sud.fr\/HOME\/wp-json\/wp\/v2\/media\/554"}],"wp:attachment":[{"href":"https:\/\/paroisses-nancy-sud.fr\/HOME\/wp-json\/wp\/v2\/media?parent=4097"}],"wp:term":[{"taxonomy":"category","embeddable":true,"href":"https:\/\/paroisses-nancy-sud.fr\/HOME\/wp-json\/wp\/v2\/categories?post=4097"},{"taxonomy":"post_tag","embeddable":true,"href":"https:\/\/paroisses-nancy-sud.fr\/HOME\/wp-json\/wp\/v2\/tags?post=4097"}],"curies":[{"name":"wp","href":"https:\/\/api.w.org\/{rel}","templated":true}]}}