{"id":4124,"date":"2024-09-22T19:29:56","date_gmt":"2024-09-22T17:29:56","guid":{"rendered":"https:\/\/paroisses-nancy-sud.fr\/HOME\/?p=4124"},"modified":"2024-09-22T19:29:56","modified_gmt":"2024-09-22T17:29:56","slug":"annonces-de-saint-francois-de-sales-et-sainte-jeanne-de-chantal-du-22-septembre","status":"publish","type":"post","link":"https:\/\/paroisses-nancy-sud.fr\/HOME\/annonces-de-saint-francois-de-sales-et-sainte-jeanne-de-chantal-du-22-septembre\/","title":{"rendered":"Annonces de Saint-Fran\u00e7ois-de-Sales et Sainte-Jeanne-de-Chantal du 22 septembre"},"content":{"rendered":"\n<p><span style=\"color: #000000;\"><span style=\"text-decoration: underline;\"><strong>Bapt\u00eames<br \/><\/strong><\/span><strong style=\"font-size: revert;\">Samedi 21 septembre bapt\u00eame <\/strong><span style=\"font-size: revert;\">de Mattia<\/span><strong style=\"font-size: revert;\"> \u00e0 Laneuveville.<br \/><\/strong><strong>Dimanche 29 septembre bapt\u00eame <\/strong>de Thelma<strong> \u00e0 Jarville.<br \/><\/strong><em>Portons dans notre pri\u00e8re ces enfant et leurs familles. <\/em><\/span><\/p>\n<p><span style=\"color: #000000;\"><span style=\"text-decoration: underline;\"><strong>Messes de rentr\u00e9e et accueil du p\u00e8re Fran\u00e7ois Weber<br \/><\/strong><\/span><strong>\u00a0&#8211; Dimanche 22 septembre \u00e0 Flavigny, messe de rentr\u00e9e de la paroisse Sainte-Jeanne-de-Chantal et<\/strong> <strong>accueil du p\u00e8re Fran\u00e7ois Weber<\/strong>\u00a0: \u00a0les paroissiens et nombreux b\u00e9n\u00e9voles de notre paroisse (150 personnes environ<em>) <\/em>sont particuli\u00e8rement invit\u00e9s \u00e0 se rassembler autour du P\u00e8re Fran\u00e7ois Weber, nouveau cur\u00e9 de nos paroisses.\u00a0 <strong>La messe se poursuivra par le pot de l\u2019amiti\u00e9<\/strong> sur le parvis de l\u2019\u00e9glise ou dans les salles voisines si le temps l\u2019exige.<\/span><\/p>\n<p><span style=\"color: #000000;\"><strong><span style=\"text-decoration: underline;\">\u00a0&#8211; Dimanche 22 septembre \u00e0 Neuves-Maisons messe des familles<\/span> et rentr\u00e9e du cat\u00e9.<\/strong> La <strong>rentr\u00e9e du cat\u00e9chisme<\/strong><strong>.<\/strong> <strong>Beau moment de retrouvailles pour les enfants et les parents\u00a0!<\/strong><\/span><\/p>\n<p><span style=\"color: #000000;\"><strong>\u00a0&#8211; <span style=\"text-decoration: underline;\">Dimanche 29 septembre \u00e0 Jarville, installation, pour notre secteur, du p\u00e8re Fran\u00e7ois Weber<\/span> <\/strong>comme cur\u00e9 in solidum pour nos trois paroisses et <strong>messe de rentr\u00e9e de la paroisse Saint- Fran\u00e7ois-de-Sales\u00a0<\/strong>: la messe se poursuivra par un moment convivial autour d\u2019un ap\u00e9ritif.<\/span><\/p>\n<p><span style=\"color: #000000;\"><span style=\"text-decoration: underline;\"><strong>Rentr\u00e9e du cat\u00e9 et messe des familles<br \/><\/strong><\/span><strong>Les r\u00e9unions de rentr\u00e9e des parents des enfants du cat\u00e9 se font \u00e0 la maison paroissiale de Ludres \u00e0 20h30\u00a0: <\/strong><strong>Mardi 24 septembre r\u00e9union des parents 1<sup>\u00e8re<\/sup> ann\u00e9e cat\u00e9 <\/strong>(enfants du CE2 ou plus)<strong>.<\/strong><\/span><\/p>\n<p><span style=\"color: #000000;\"><strong>La cat\u00e9ch\u00e8se se compose de<\/strong>\u00a0:<\/span><br \/><span style=\"color: #000000;\"><u>* La messe des familles mensuelle<\/u> : cette messe est organis\u00e9e pour et par les enfants qui sont partie prenante de la liturgie, notamment en assurant les lectures.<\/span><br \/><span style=\"color: #000000;\">* <u>Les s\u00e9ances de cat\u00e9chisme<\/u> : il y a une douzaine de rencontres dans l\u2019ann\u00e9e. Les horaires sont d\u00e9finis en d\u00e9but d\u2019ann\u00e9e, en fonction des disponibilit\u00e9s des enfants et des parents.<\/span><br \/><span style=\"color: #000000;\"><u>* Les temps-forts<\/u> : pour vivre les moments phares de l\u2019ann\u00e9e (avant No\u00ebl, avant P\u00e2ques) ou pour pr\u00e9parer les sacrements et f\u00eates (sacrement de r\u00e9conciliation, premi\u00e8re communion, profession de foi).<\/span><\/p>\n<p><span style=\"color: #000000;\"><strong>L\u2019inscription se fait \u00e0 l\u2019aide d\u2019un formulaire accessible depuis<\/strong> <strong>le site\u00a0<\/strong><em>(rubrique<strong> grandir dans la foi)<\/strong><\/em><strong>\u00a0ou aux secr\u00e9tariats des paroisses, <\/strong>\u00e0 envoyer \u00e0\u00a0<a style=\"color: #000000;\" href=\"mailto:cate@paroisses-nancy-sud.fr\"><strong>cate@paroisses-nancy-sud.fr<\/strong><\/a>\u00a0ou \u00e0 remettre au secr\u00e9tariat. Vous serez ensuite contact\u00e9s par un(e) cat\u00e9chiste.<\/span><\/p>\n<p><span style=\"color: #000000;\"><span style=\"text-decoration: underline;\"><strong>Journ\u00e9es europ\u00e9ennes du Patrimoine<br \/><\/strong><\/span><strong style=\"font-size: revert;\">A l\u2019\u00e9glise de Jarville, le dimanche 22 septembre, de 14h \u00e0 17h,<\/strong><span style=\"font-size: revert;\"> d\u00e9couvrez \u2018<\/span><em style=\"font-size: revert;\">\u2019les vitraux qui parlent\u2019\u2019<\/em><span style=\"font-size: revert;\">\u00a0: chaque vitrail m\u00e9rite une observation attentive\u00a0; des b\u00e9n\u00e9voles de l\u2019association \u2018\u2019Sacr\u00e9-C\u0153ur de Jarville\u2019\u2019 vous proposeront explications, commentaires et interpr\u00e9tation. Un livret de pr\u00e9sentation sera propos\u00e9 \u00e0 la vente au prix de 5 euros.<br \/><\/span><strong>Les 21 et 22 septembre, \u00e0 l\u2019\u00e9glise de Frolois,<\/strong>\u00a0dans le cadre des journ\u00e9es du patrimoine, un programme riche nous est propos\u00e9\u00a0: conf\u00e9rence, concert, exposition. <em>Programme d\u00e9taill\u00e9 sur les tracts au fond de l\u2019\u00e9glise de Neuves-Maison.<\/em><\/span><\/p>\n<p><span style=\"color: #000000;\"><span style=\"text-decoration: underline;\"><strong>Horaires des messes dominicales des 28 et 29 septembre 2024<br \/><\/strong><\/span><strong>Samedi 28 septembre\u00a0:\u00a0 18h <\/strong>Heillecourt, Laneuveville, Sexey-aux-Forges<\/span><br \/><span style=\"color: #000000;\"><strong>Dimanche 29 septembre : 10 h30 <\/strong>Jarville, Neuves-Maisons\u00a0 \u00a0\u00a0\u00a0\u00a0\u00a0\u00a0\u00a0\u00a0\u00a0\u00a0\u00a0\u00a0\u00a0\u00a0\u00a0\u00a0\u00a0\u00a0\u00a0\u00a0\u00a0\u00a0\u00a0<strong>11h<\/strong> Ludres\u00a0\u00a0 \u00a0\u00a0\u00a0\u00a0\u00a0\u00a0\u00a0\u00a0\u00a0\u00a0<\/span><\/p>\n<p><span style=\"color: #000000;\"><span style=\"text-decoration: underline;\"><strong>Mois d\u2019octobre, mois du Rosaire<br \/><\/strong><\/span>Les \u00c9quipes du Rosaire\u00a0de Jarville\u00a0et Fl\u00e9ville,\u00a0proposent de r\u00e9citer\u00a0et m\u00e9diter le chapelet.\u00a0Nous nous retrouverons <strong>les lundis d\u2019octobre (\u00e0 partir du 7 octobre<\/strong>) <strong>\u00e0<\/strong> <strong>17h dans l\u2019\u00e9glise de Jarville et \u00e9galement le 28 octobre \u00e0 Richardm\u00e9nil.<\/strong><\/span><\/p>\n<p><span style=\"color: #000000;\"><span style=\"text-decoration: underline;\"><strong>Rentr\u00e9e des jeunes : AJC (\u00ab Aujourd\u2019hui Je Commence \u00bb)<br \/><\/strong><\/span><strong>Le vendredi 4 octobre en soir\u00e9e, les jeunes de 4<sup>\u00e8mes<\/sup>-3<sup>\u00e8mes<\/sup> et lyc\u00e9e <\/strong>se retrouveront, le temps pour chacun de prendre le rythme de la nouvelle ann\u00e9e. Ce sera une rencontre conviviale dont les d\u00e9tails sont encore \u00e0 pr\u00e9ciser. Les jeunes seront notamment invit\u00e9s \u00e0 voter pour les th\u00e8mes que nous traiterons cette ann\u00e9e, apr\u00e8s \u00ab\u00a0l&rsquo;amiti\u00e9\u00a0\u00bb et \u00ab\u00a0foi et science\u00a0\u00bb l&rsquo;ann\u00e9e derni\u00e8re.<\/span><\/p>\n<p><span style=\"color: #000000;\"><span style=\"text-decoration: underline;\"><strong>Temps de pri\u00e8re mensuelle \u00e0 Fl\u00e9ville \u2018\u2019Priez en Eglise\u2019\u2019<br \/><\/strong><\/span><strong>Le mardi 8 octobre \u00e0 15h, temps de pri\u00e8re <\/strong>\u00e0 partir du livret \u2018\u2019Venez et priez\u2019\u2019<strong>.<\/strong><\/span><\/p>\n<p><span style=\"color: #000000;\"><span style=\"text-decoration: underline;\"><strong>La Toussaint \u00e0 Taiz\u00e9 pour les lyc\u00e9ens<br \/><\/strong><\/span><strong>Du 28 octobre au 1<sup>er<\/sup> novembre<\/strong>, les lyc\u00e9ens sont convi\u00e9s \u00e0 Taiz\u00e9. Comme l&rsquo;ann\u00e9e pass\u00e9e, nous constituerons un groupe commun avec La Malgrange, Saint-Sigisbert et Saint-L\u00e9on. Contact : P. Alexandre-Marie, <a style=\"color: #000000;\" href=\"mailto:amvalder@lilo.org\"><u>amvalder@lilo.org<\/u><\/a><\/span><\/p>\n<p><span style=\"color: #000000;\"><span style=\"text-decoration: underline;\"><strong>A<\/strong><strong>utres<\/strong><strong> Annonces :\u00a0<br \/><\/strong><\/span><strong>\u00a0&#8211; <span style=\"text-decoration: underline;\">Rentr\u00e9e des cat\u00e9chistes et animateurs en cat\u00e9ch\u00e8se<br \/><\/span><\/strong><strong>Le samedi 28 septembre rentr\u00e9e des cat\u00e9chistes, de 10h \u00e0 16h <\/strong><strong>au Centre spirituel dioc\u00e9sain, (10 rue du Carmel \u00e0 Nancy).<em>\u2019Cat\u00e9chistes reli\u00e9s au seigneur par la pri\u00e8re \u2018<\/em>\u2019. S\u2019inscrire avant le 12 septembre au service dioc\u00e9sain de la cat\u00e9ch\u00e8se. (12\u20ac ou 28\u20ac avec le repas) <\/strong><\/span><\/p>\n<p><span style=\"color: #000000;\"><strong>\u00a0&#8211; <span style=\"text-decoration: underline;\">Soir\u00e9e de pr\u00e9sentation de la mission de la Pastorale de la Sant\u00e9.<br \/><\/span><\/strong><strong>Vendredi 27 septembre de 18h30 \u00e0 21h30 <\/strong><strong>au <\/strong><a style=\"color: #000000;\" href=\"https:\/\/www.catholique-nancy.fr\/sites\/centre-spirituel-diocesain\/\"><strong>Centre spirituel dioc\u00e9sain<\/strong><\/a><strong>, l<\/strong>a pastorale de la sant\u00e9 de notre dioc\u00e8se vous convie \u00e0 une soir\u00e9e de pr\u00e9sentation de sa mission\u00a0: ap\u00e9ritif dinatoire \u00e0 partir de 20h\u00a0; Inscription jusqu\u2019au 20\/09, aupr\u00e8s de Martine DOURDIN.\u00a0t\u00e9l : 06 72 31 13 71.<\/span><\/p>\n<p><span style=\"color: #000000;\"><strong>\u00a0&#8211; <span style=\"text-decoration: underline;\">Diacres en f\u00eate avec vous<br \/><\/span><\/strong><strong>Le 28 septembre 2024\u00a0de 11h00 \u00e0 16h30 \u00e0 Sion\u00a0: <\/strong>Temps festif pour les 60 ans du diaconat.<\/span><br \/><span style=\"color: #000000;\">11h00 : ap\u00e9ro offert autour d\u2019une table avec les diacres et \u00e9pouses de diacre.<\/span><br \/><span style=\"color: #000000;\">12h00 : repas partag\u00e9, chacun am\u00e8ne un plat (sucr\u00e9 ou sal\u00e9), les boissons sont offertes.<\/span><br \/><span style=\"color: #000000;\"><strong>13h00 : spectacle gratuit : une premi\u00e8re, du \u00ab petit pauvre \u00bb<\/strong> (selon le livre de Jacques Copeau), la vie de St Fran\u00e7ois, figure embl\u00e9matique du diacre. Pendant la pi\u00e8ce de th\u00e9\u00e2tre un grand jeu sera propos\u00e9 aux enfants. <\/span><br \/><span style=\"color: #000000;\"><strong>15h30 : c\u00e9l\u00e9bration eucharistique<\/strong> pr\u00e9sid\u00e9e par Mgr Michel 16h30 : fin des festivit\u00e9s.<\/span><\/p>\n<p><span style=\"color: #000000;\"><span style=\"text-decoration: underline;\"><strong>\u00a0&#8211; Th\u00e9\u00e2tre : Terre des Hommes<br \/><\/strong><\/span><strong>Le\u00a0lundi 30 septembre \u00e0 20h30<\/strong>, dans 10 jours, salle\u00a0<strong>RAUGRAFF<\/strong>\u00a0par <strong>Pierre DEVAUX<\/strong>\u00a0(d\u00e9j\u00e0 venu \u00e0 Nancy pour <em>Monsieur le Cur\u00e9 fait sa crise<\/em>) qui a adapt\u00e9 le roman de Saint-Exup\u00e9ry,\u00a0<strong><em>Terre des Hommes <\/em><\/strong>pour en faire un \u00ab\u00a0seul-en-sc\u00e8ne\u00a0\u00bb d&rsquo;environ une heure. C&rsquo;est un acteur formidable, qui va porter un texte bouleversant ! Terre des Hommes, c&rsquo;est le r\u00e9cit des premiers vols long-courrier de l&rsquo;a\u00e9ropostale. C&rsquo;est l&rsquo;histoire des premiers pilotes, qui ont vaincu le d\u00e9sert, l&rsquo;oc\u00e9an, la montagne. C&rsquo;est cette histoire dont Guillaumet a dit : \u00ab\u00a0Ce que j&rsquo;ai fait, aucune b\u00eate au monde ne l&rsquo;aurait fait !\u00a0\u00bb Mais c&rsquo;est surtout une magnifique m\u00e9ditation sur le courage, l&rsquo;humilit\u00e9, sur la vie humaine. Vraiment un grand texte du XXe si\u00e8cle ! C&rsquo;est bien entendu un spectacle pour tous publics ! A partir de 12 ans, estime Pierre Devaux, pour pouvoir go\u00fbter la po\u00e9sie des mots et des images.<\/span><br \/><span style=\"color: #000000;\">Je me permets d&rsquo;insister : si vous le pouvez, n&rsquo;h\u00e9sitez pas, vous ne regretterez pas ! La salle est grande, confortable, centrale : Salle Raugraff c&rsquo;est rue des Ponts \u00e0 50 m. de Saint-S\u00e9bastien. Invitez-y vos amis !<\/span><br \/><span style=\"color: #000000;\">Il y a deux prix : 7 euros pour les \u00e9tudiants et les mineurs, 15 euros pour les adultes. Vous pouvez vous inscrire soit par retour de mail et vous apporterez un ch\u00e8que le jour J (\u00ab\u00a0service des Vocations\u00a0\u00bb) soit\u00a0<a style=\"color: #000000;\" href=\"https:\/\/www.billetweb.fr\/terre-des-hommes\">https:\/\/www.billetweb.fr\/terre-des-hommes<\/a>.\u00a0<\/span><\/p>\n","protected":false},"excerpt":{"rendered":"<p>Bapt\u00eamesSamedi 21 septembre bapt\u00eame de Mattia \u00e0 Laneuveville.Dimanche 29 septembre bapt\u00eame de Thelma \u00e0 Jarville.Portons dans notre pri\u00e8re ces enfant et leurs familles. Messes de rentr\u00e9e et accueil du p\u00e8re Fran\u00e7ois Weber\u00a0&#8211; Dimanche 22 septembre \u00e0 Flavigny, messe de rentr\u00e9e de la paroisse Sainte-Jeanne-de-Chantal et accueil du p\u00e8re Fran\u00e7ois Weber\u00a0: \u00a0les paroissiens et nombreux b\u00e9n\u00e9voles&hellip; <br \/> <a class=\"read-more\" href=\"https:\/\/paroisses-nancy-sud.fr\/HOME\/annonces-de-saint-francois-de-sales-et-sainte-jeanne-de-chantal-du-22-septembre\/\">Lire la suite<\/a><\/p>\n","protected":false},"author":5,"featured_media":553,"comment_status":"closed","ping_status":"open","sticky":false,"template":"","format":"standard","meta":[],"categories":[7],"tags":[],"acf":[],"_links":{"self":[{"href":"https:\/\/paroisses-nancy-sud.fr\/HOME\/wp-json\/wp\/v2\/posts\/4124"}],"collection":[{"href":"https:\/\/paroisses-nancy-sud.fr\/HOME\/wp-json\/wp\/v2\/posts"}],"about":[{"href":"https:\/\/paroisses-nancy-sud.fr\/HOME\/wp-json\/wp\/v2\/types\/post"}],"author":[{"embeddable":true,"href":"https:\/\/paroisses-nancy-sud.fr\/HOME\/wp-json\/wp\/v2\/users\/5"}],"replies":[{"embeddable":true,"href":"https:\/\/paroisses-nancy-sud.fr\/HOME\/wp-json\/wp\/v2\/comments?post=4124"}],"version-history":[{"count":1,"href":"https:\/\/paroisses-nancy-sud.fr\/HOME\/wp-json\/wp\/v2\/posts\/4124\/revisions"}],"predecessor-version":[{"id":4125,"href":"https:\/\/paroisses-nancy-sud.fr\/HOME\/wp-json\/wp\/v2\/posts\/4124\/revisions\/4125"}],"wp:featuredmedia":[{"embeddable":true,"href":"https:\/\/paroisses-nancy-sud.fr\/HOME\/wp-json\/wp\/v2\/media\/553"}],"wp:attachment":[{"href":"https:\/\/paroisses-nancy-sud.fr\/HOME\/wp-json\/wp\/v2\/media?parent=4124"}],"wp:term":[{"taxonomy":"category","embeddable":true,"href":"https:\/\/paroisses-nancy-sud.fr\/HOME\/wp-json\/wp\/v2\/categories?post=4124"},{"taxonomy":"post_tag","embeddable":true,"href":"https:\/\/paroisses-nancy-sud.fr\/HOME\/wp-json\/wp\/v2\/tags?post=4124"}],"curies":[{"name":"wp","href":"https:\/\/api.w.org\/{rel}","templated":true}]}}