{"id":4131,"date":"2024-09-28T17:04:33","date_gmt":"2024-09-28T15:04:33","guid":{"rendered":"https:\/\/paroisses-nancy-sud.fr\/HOME\/?p=4131"},"modified":"2024-09-28T17:04:33","modified_gmt":"2024-09-28T15:04:33","slug":"annonces-de-la-visitation-du-29-septembre","status":"publish","type":"post","link":"https:\/\/paroisses-nancy-sud.fr\/HOME\/annonces-de-la-visitation-du-29-septembre\/","title":{"rendered":"Annonces de la Visitation du 29 septembre"},"content":{"rendered":"\n<p><span style=\"color: #000000;\"><strong><span style=\"text-decoration: underline;\">Mariage et bapt\u00eames :<\/span><br \/>Samedi 12 octobre <\/strong>\u00e0 Neuves-Maisons : Mariage de Flavio et Aur\u00e9lie.<\/span><br \/><span style=\"color: #000000;\"><strong>Dimanche 06 octobre, <\/strong>Bapt\u00eames de Z\u00e9lie et de Gatien.<\/span><br \/><span style=\"color: #000000;\">R\u00e9jouissons-nous et portons-les dans nos pri\u00e8res\u00a0!<\/span><\/p>\n<p><span style=\"color: #000000;\"><strong>\u00a0<\/strong><span style=\"text-decoration: underline;\"><strong>Vente des calendriers<\/strong> <\/span>au profit des \u0153uvres dioc\u00e9saines au prix de 4 \u20ac<\/span><\/p>\n<p><span style=\"color: #000000;\"><strong>\u00a0<\/strong><span style=\"text-decoration: underline;\"><strong>Lundi 30 septembre \u00e0 20h30<\/strong>, salle\u00a0Raugraff\u00a0<\/span>: Pierre Devaux\u00a0(venu \u00e0 Nancy pour Mr le Cur\u00e9 fait sa crise) a adapt\u00e9 le roman de Saint-Exup\u00e9ry,\u00a0<em>Terre des Hommes <\/em>pour en faire un \u00ab\u00a0seul-en-sc\u00e8ne\u00a0\u00bb d&rsquo;environ une heure ; 7 euros pour les \u00e9tudiants et les mineurs,\u00a015 euros pour les adultes. Une magnifique m\u00e9ditation sur le courage, l&rsquo;humilit\u00e9, sur la vie humaine. Vraiment un grand texte du XXe si\u00e8cle! Initi\u00e9 par le Service des Vocations<em>.<br \/><\/em><a style=\"color: #000000;\" href=\"https:\/\/www.billetweb.fr\/terre-des-hommes\">https:\/\/www.billetweb.fr\/terre-des-hommes<\/a>\u00a0\u00a0\u00a0<\/span><\/p>\n<p><span style=\"color: #000000;\"><strong>\u00a0<\/strong><span style=\"text-decoration: underline;\"><strong>Vendredi 11 octobre \u00e0 17 h 30. <\/strong>R\u00e9union EAP.<\/span><\/span><\/p>\n<p><span style=\"color: #000000;\"><strong><span style=\"text-decoration: underline;\">Le samedi 12 octobre 2024\u00a0de 09h00 \u00e0 16h30\u00a0<\/span>: <\/strong>P\u00e8lerins des \u00e9critures, temps de lancement du parcours biblique \u00e0 la maison dioc\u00e9saine de l&rsquo;Asn\u00e9e.<\/span><\/p>\n<p><span style=\"color: #000000;\"><strong><span style=\"text-decoration: underline;\">Dimanche 13 octobre \u00e0 16h30 \u00e0 Xeuilley<br \/><\/span><\/strong>Les Amis de St R\u00e9mi font leur rentr\u00e9e avec un concert de grande qualit\u00e9 avec le Ch\u0153ur de femmes de Lun\u00e9ville\u00a0; Venez nombreux. Entr\u00e9e libre.<\/span><\/p>\n<p><span style=\"color: #000000;\"><span style=\"text-decoration: underline;\"><strong>Pensez \u00e0 la rentr\u00e9e, inscrivez vos enfants au cat\u00e9chisme\u00a0!<br \/><\/strong><\/span><strong>\u00c0 <\/strong>\u00a0partir du CE2, les enfants d\u00e9butent la cat\u00e9ch\u00e8se (avant le CE2, c\u2019est l\u2019\u00e9veil \u00e0 la foi).<\/span><br \/><span style=\"color: #000000;\"><strong>L\u2019inscription\u00a0<\/strong>se fait \u00e0 l\u2019aide d\u2019un formulaire accessible depuis\u00a0<a style=\"color: #000000;\" href=\"https:\/\/paroisses-nancy-sud.fr\/HOME\/catechisme\/\">le site\u00a0<\/a>: \u00ab\u00a0paroisses-nancy-sud.\u00a0\u00bb ou \u00e0 la maison paroissiale. Une fois rempli, ce document est \u00e0 envoyer \u00e0\u00a0<a style=\"color: #000000;\" href=\"mailto:cate@paroisses-nancy-sud.fr\">cate@paroisses-nancy-sud.fr<\/a>\u00a0ou \u00e0 remettre au secr\u00e9tariat. Vous serez ensuite contact\u00e9s par un(e) cat\u00e9chiste.\u00a0<\/span><\/p>\n<p><span style=\"color: #000000;\"><span style=\"text-decoration: underline;\"><strong>Messes \u00e0 la Visitation<br \/><\/strong><\/span>Samedi 05 octobre \u00e0 18h00\u00a0: Chavigny<\/span><br \/><span style=\"color: #000000;\">Dimanche 06 octobre \u00e0 10h00 \u00e0 Xeuilley, f\u00eate patronale et \u00a0\u00e0 10h30\u00a0: Neuves-Maisons,<\/span><\/p>\n<p><span style=\"color: #000000;\"><span style=\"text-decoration: underline;\"><strong>Messes en semaine.<br \/><\/strong><\/span>Jeudi\u00a0: adoration \u00e0 16h00 et messe \u00e0 16h30 \u00e0 la chapelle.<\/span><br \/><span style=\"color: #000000;\">Vendredi\u00a0: messe \u00e0 08h20 chez les s\u0153urs \u00e0 Bainville, 67 rue Jacques Callot.<\/span><\/p>\n<p><span style=\"color: #000000;\"><u><strong>Permanences \u00e0 la maison paroissiale<\/strong> :<\/u> <\/span><br \/><span style=\"color: #000000;\">Mardi de 14h \u00e0 16h30 et Samedi de 9h30 \u00e0 11h30<\/span><br \/><span style=\"color: #000000;\">tel : 03 83 47 25 54 \u2013 <em><strong>adresse mail<\/strong><\/em><strong> : <\/strong><a style=\"color: #000000;\" href=\"mailto:visitationmm@orange.fr\">visitationmm@orange.fr<\/a>\u00a0 <\/span><br \/><span style=\"color: #000000;\">Horaires des messes :\u00a0 <a style=\"color: #000000;\" href=\"https:\/\/messes.info\/\">messesinfo<\/a><em> (cliquer sur le lien)<\/em><\/span><\/p>\n","protected":false},"excerpt":{"rendered":"<p>Mariage et bapt\u00eames :Samedi 12 octobre \u00e0 Neuves-Maisons : Mariage de Flavio et Aur\u00e9lie.Dimanche 06 octobre, Bapt\u00eames de Z\u00e9lie et de Gatien.R\u00e9jouissons-nous et portons-les dans nos pri\u00e8res\u00a0! \u00a0Vente des calendriers au profit des \u0153uvres dioc\u00e9saines au prix de 4 \u20ac \u00a0Lundi 30 septembre \u00e0 20h30, salle\u00a0Raugraff\u00a0: Pierre Devaux\u00a0(venu \u00e0 Nancy pour Mr le Cur\u00e9 fait&hellip; <br \/> <a class=\"read-more\" href=\"https:\/\/paroisses-nancy-sud.fr\/HOME\/annonces-de-la-visitation-du-29-septembre\/\">Lire la suite<\/a><\/p>\n","protected":false},"author":5,"featured_media":472,"comment_status":"closed","ping_status":"open","sticky":false,"template":"","format":"standard","meta":[],"categories":[10],"tags":[],"acf":[],"_links":{"self":[{"href":"https:\/\/paroisses-nancy-sud.fr\/HOME\/wp-json\/wp\/v2\/posts\/4131"}],"collection":[{"href":"https:\/\/paroisses-nancy-sud.fr\/HOME\/wp-json\/wp\/v2\/posts"}],"about":[{"href":"https:\/\/paroisses-nancy-sud.fr\/HOME\/wp-json\/wp\/v2\/types\/post"}],"author":[{"embeddable":true,"href":"https:\/\/paroisses-nancy-sud.fr\/HOME\/wp-json\/wp\/v2\/users\/5"}],"replies":[{"embeddable":true,"href":"https:\/\/paroisses-nancy-sud.fr\/HOME\/wp-json\/wp\/v2\/comments?post=4131"}],"version-history":[{"count":1,"href":"https:\/\/paroisses-nancy-sud.fr\/HOME\/wp-json\/wp\/v2\/posts\/4131\/revisions"}],"predecessor-version":[{"id":4134,"href":"https:\/\/paroisses-nancy-sud.fr\/HOME\/wp-json\/wp\/v2\/posts\/4131\/revisions\/4134"}],"wp:featuredmedia":[{"embeddable":true,"href":"https:\/\/paroisses-nancy-sud.fr\/HOME\/wp-json\/wp\/v2\/media\/472"}],"wp:attachment":[{"href":"https:\/\/paroisses-nancy-sud.fr\/HOME\/wp-json\/wp\/v2\/media?parent=4131"}],"wp:term":[{"taxonomy":"category","embeddable":true,"href":"https:\/\/paroisses-nancy-sud.fr\/HOME\/wp-json\/wp\/v2\/categories?post=4131"},{"taxonomy":"post_tag","embeddable":true,"href":"https:\/\/paroisses-nancy-sud.fr\/HOME\/wp-json\/wp\/v2\/tags?post=4131"}],"curies":[{"name":"wp","href":"https:\/\/api.w.org\/{rel}","templated":true}]}}