{"id":4137,"date":"2024-09-28T17:26:36","date_gmt":"2024-09-28T15:26:36","guid":{"rendered":"https:\/\/paroisses-nancy-sud.fr\/HOME\/?p=4137"},"modified":"2024-09-28T17:27:33","modified_gmt":"2024-09-28T15:27:33","slug":"annonces-de-saint-francois-de-sales-et-sainte-jeanne-de-chantal-du-29-septembre","status":"publish","type":"post","link":"https:\/\/paroisses-nancy-sud.fr\/HOME\/annonces-de-saint-francois-de-sales-et-sainte-jeanne-de-chantal-du-29-septembre\/","title":{"rendered":"Annonces de Saint-Fran\u00e7ois-de-Sales et Sainte-Jeanne-de-Chantal du 29 septembre"},"content":{"rendered":"\n<p><span style=\"color: #000000;\"><strong><span style=\"text-decoration: underline;\">Bapt\u00eame<\/span><br \/><\/strong><strong style=\"font-size: revert;\">Dimanche 29 septembre bapt\u00eame <\/strong><span style=\"font-size: revert;\">de Thelma<\/span><strong style=\"font-size: revert;\"> \u00e0 Jarville.<br \/><\/strong><em>Portons dans notre pri\u00e8re cet enfant et sa famille. <\/em><\/span><\/p>\n<p><span style=\"color: #000000;\"><span style=\"text-decoration: underline;\"><strong>Messe de rentr\u00e9e et accueil du p\u00e8re Fran\u00e7ois Weber<br \/><\/strong><\/span><strong>Dimanche 29 septembre \u00e0 Jarville, installation, pour notre secteur, du p\u00e8re Fran\u00e7ois Weber <\/strong>comme cur\u00e9 in solidum pour nos trois paroisses et <strong>messe de rentr\u00e9e de la paroisse Saint- Fran\u00e7ois-de-Sales<\/strong>. La messe se poursuivra par un moment convivial autour d\u2019un ap\u00e9ritif.<\/span><\/p>\n<p><span style=\"color: #000000;\"><strong><span style=\"text-decoration: underline;\">Mercredi 2 octobre : F\u00eate des Saints Anges Gardiens<\/span><br \/><\/strong><strong>La F\u00eate des Saints Anges Gardiens est la f\u00eate de l\u2019\u00e9glise de Heillecourt. <\/strong>Nous prendrons le temps d\u2019un moment convivial le samedi 5 octobre apr\u00e8s la messe, salle Arc en Ciel.<\/span><\/p>\n<p><span style=\"color: #000000;\"><strong><span style=\"text-decoration: underline;\">Pri\u00e8re du premier jeudi du mois<\/span> :<br \/><\/strong><strong>Le Jeudi 3 octobre \u00e0 17h\u00e0 Jarville pri\u00e8re d\u2019intercession pour les malades et les personnes qui souffrent.<\/strong><\/span><\/p>\n<p><span style=\"color: #000000;\"><strong><span style=\"text-decoration: underline;\">Rentr\u00e9e des jeunes : AJC (\u00ab Aujourd\u2019hui Je Commence \u00bb)<\/span><br \/><\/strong><strong>Le vendredi 4 octobre en soir\u00e9e, les jeunes de 4<sup>\u00e8mes<\/sup>&#8211; 3<sup>\u00e8mes<\/sup> et lyc\u00e9e <\/strong>se retrouveront, le temps pour chacun de prendre le rythme de la nouvelle ann\u00e9e. Ce sera une rencontre conviviale dont les d\u00e9tails sont encore \u00e0 pr\u00e9ciser. Les jeunes seront notamment invit\u00e9s \u00e0 voter pour les th\u00e8mes que nous traiterons cette ann\u00e9e, apr\u00e8s \u00ab\u00a0l&rsquo;amiti\u00e9\u00a0\u00bb et \u00ab\u00a0foi et science\u00a0\u00bb l&rsquo;ann\u00e9e derni\u00e8re. Contact\u00a0: Alexandre-Marie 07 71 03 96 97.<\/span><\/p>\n<p><span style=\"color: #000000;\"><strong><span style=\"text-decoration: underline;\">Mois d\u2019octobre, mois du Rosaire<\/span><br \/><\/strong>Les \u00c9quipes du Rosaire\u00a0de Jarville\u00a0et Fl\u00e9ville,\u00a0proposent de r\u00e9citer\u00a0et m\u00e9diter le chapelet.\u00a0Nous nous retrouverons <strong>les lundis d\u2019octobre (\u00e0 partir du 7 octobre<\/strong>) <strong>\u00e0<\/strong> <strong>17h, dans l\u2019\u00e9glise de Jarville, et \u00e9galement le 28 octobre \u00e0 Richardm\u00e9nil.<\/strong><\/span><\/p>\n<p><span style=\"color: #000000;\"><strong><span style=\"text-decoration: underline;\">Horaires des messes dominicales des 5 et 6 octobre 2024<\/span><br \/><\/strong><strong>Samedi 5 octobre\u00a0:\u00a0 18h <\/strong>Heillecourt, Laneuveville, Chavigny.<br \/><strong>Dimanche 6 octobre : 10h <\/strong>Xeuilley\u00a0 <strong>\u00a0\u00a0\u00a0\u00a0\u00a0\u00a0\u00a0\u00a010 h30 <\/strong>Jarville, Neuves-Maisons\u00a0 \u00a0\u00a0\u00a0\u00a0\u00a0\u00a0\u00a0\u00a0\u00a0\u00a0\u00a0\u00a0\u00a0<strong>11h<\/strong> Ludres\u00a0\u00a0 \u00a0\u00a0\u00a0\u00a0\u00a0\u00a0\u00a0\u00a0\u00a0\u00a0<\/span><\/p>\n<p><span style=\"color: #000000;\"><strong><span style=\"text-decoration: underline;\">Temps de pri\u00e8re mensuelle \u00e0 Fl\u00e9ville \u2018\u2019Priez en Eglise\u2019\u2019<\/span><br \/><\/strong><strong>Le mardi 8 octobre \u00e0 15h, \u00e0 l\u2019\u00e9glise, temps de pri\u00e8re <\/strong>\u00e0 partir du livret \u2018\u2019Venez et priez\u2019\u2019<strong>.<\/strong><\/span><\/p>\n<p><span style=\"color: #000000;\"><strong><span style=\"text-decoration: underline;\">La Toussaint \u00e0 Taiz\u00e9 pour les lyc\u00e9ens<\/span><br \/><\/strong><strong>Du 28 octobre au 1<sup>er<\/sup> novembre<\/strong>, les lyc\u00e9ens sont convi\u00e9s \u00e0 Taiz\u00e9. Comme l&rsquo;ann\u00e9e pass\u00e9e, nous constituerons un groupe commun avec La Malgrange, Saint-Sigisbert et Saint-L\u00e9on.<\/span><br \/><span style=\"color: #000000;\">Contact : P. Alexandre-Marie, <a style=\"color: #000000;\" href=\"mailto:amvalder@lilo.org\"><u>amvalder@lilo.org<\/u><\/a>.<\/span><\/p>\n<p><span style=\"color: #000000;\"><strong><span style=\"text-decoration: underline;\">Calendriers 2025<\/span><br \/><\/strong><strong>Les calendriers 2025 sont arriv\u00e9s\u00a0! <\/strong>S\u2019adresser \u00e0 Odile Bonmati pour Saint-Fran\u00e7ois-de-Sales et \u00e0 Marie-Th\u00e9r\u00e8se St\u00e9venin pour Sainte-Jeanne-de-Chantal. 4 \u20ac le calendrier.<\/span><\/p>\n<p><span style=\"color: #000000;\"><span style=\"text-decoration: underline;\"><span><strong>A<\/strong><strong>utres<\/strong><strong> Annonces<br \/><\/strong><\/span><\/span><strong><a style=\"color: #000000;\" href=\"https:\/\/www.jepreparemonmariage.fr\/nancy\/\">\u00a0&#8211; <span style=\"text-decoration: underline;\">Salon<\/span><\/a><span style=\"text-decoration: underline;\"> du mariage les 28 et 29 septembre \u00e0 Nancy, Parc des expositions<\/span><\/strong><strong><span style=\"text-decoration: underline;\">.<\/span><br \/><\/strong>Comme tous les ans, les membres de la pastorale des familles seront pr\u00e9sents. Connaissez-vous des jeunes qui vont se marier cette ann\u00e9e ? Proposez-leur d\u2019aller rencontrer et \u00e9changer sur le mariage religieux, la pr\u00e9paration au mariage, toutes les questions que vous pourriez vous poser.<\/span><\/p>\n<p><span style=\"color: #000000;\"><strong>\u00a0&#8211;<span style=\"text-decoration: underline;\"> Journ\u00e9e du Migrant et du r\u00e9fugi\u00e9 : <\/span><\/strong><strong><em><span style=\"text-decoration: underline;\">\u00ab Dieu marche avec Son peuple \u00bb<\/span><br \/><\/em><\/strong><strong>Dimanche 29 septembre 2024.<br \/><\/strong>Dans son message, le Saint-P\u00e8re nous rappelle que nous tous, Peuple de Dieu, sommes des migrants sur cette terre, en route vers la \u00ab vraie patrie \u00bb, le Royaume des cieux. Les migrants sont une ic\u00f4ne contemporaine de ce peuple en chemin, de l\u2019\u00c9glise en chemin et, en m\u00eame temps, c\u2019est en eux et en tous nos fr\u00e8res et s\u0153urs vuln\u00e9rables que nous pouvons rencontrer le Seigneur qui marche avec nous.<\/span><\/p>\n<table width=\"100%\">\n<tbody>\n<tr>\n<td>\n<p><span style=\"color: #000000;\"><span style=\"text-decoration: underline;\"><strong>\u00a0&#8211; Th\u00e9\u00e2tre : Terre des Hommes<br \/><\/strong><\/span><strong>Le\u00a0lundi 30 septembre \u00e0 20h30<\/strong> salle\u00a0<strong>RAUGRAFF, rue des Ponts,<\/strong>\u00a0par <strong>Pierre DEVAUX<\/strong>\u00a0(d\u00e9j\u00e0 venu \u00e0 Nancy pour <em>Monsieur le Cur\u00e9 fait sa crise<\/em>) qui a adapt\u00e9 le roman de Saint-Exup\u00e9ry,\u00a0<strong><em>Terre des Hommes <\/em><\/strong>pour en faire un \u00ab\u00a0seul-en-sc\u00e8ne\u00a0\u00bb d&rsquo;environ une heure ! Terre des Hommes, c&rsquo;est le r\u00e9cit des premiers vols long-courrier de l&rsquo;a\u00e9ropostale.<br \/>Il y a deux prix : 7 euros pour les \u00e9tudiants et les mineurs, 15 euros pour les adultes. Vous pouvez apporter un ch\u00e8que le jour J (\u00ab\u00a0service des Vocations\u00a0\u00bb) soit vous inscrire sur \u00a0<a style=\"color: #000000;\" href=\"https:\/\/www.billetweb.fr\/terre-des-hommes\">https:\/\/www.billetweb.fr\/terre-des-hommes<\/a>.\u00a0<\/span><\/p>\n<p><span style=\"color: #000000;\"><strong>\u00a0&#8211; <span style=\"text-decoration: underline;\">C\u00e9l\u00e9bration pour la sauvegarde de la c\u00e9l\u00e9bration<br \/><\/span><\/strong>Comme chaque ann\u00e9e pendant le\u00a0<a style=\"color: #000000;\" href=\"https:\/\/www.catholique-nancy.fr\/agenda\/75170-temps-pour-la-creation-2024\/\"><strong>Temps pour la Cr\u00e9ation<\/strong><\/a><strong>, <\/strong>catholiques et protestants se retrouvent pour prier ensemble pour la Terre, pour la Cr\u00e9ation toute enti\u00e8re.\u00a0Cette ann\u00e9e, cette rencontre de pri\u00e8re aura lieu en <strong>l\u2019\u00e9glise Saint-Gen\u00e8s de Laxou, le vendredi 4 octobre \u00e0 20h.<br \/><\/strong>Venez nombreux, la Cr\u00e9ation a besoin de nos pri\u00e8res et de notre esp\u00e9rance ! Pour tout renseignement compl\u00e9mentaire sur cette c\u00e9l\u00e9bration, vous pouvez contacter Francis Martin, r\u00e9f\u00e9rent dioc\u00e9sain \u00e0 l\u2019<a style=\"color: #000000;\" href=\"https:\/\/www.catholique-nancy.fr\/sites\/service-diocesain-de-la-solidarite-et-de-la-diaconie\/ecologie\/\">\u00e9cologie int\u00e9grale<\/a>, au 06 33 20 89 53.<\/span><\/p>\n<p><span style=\"color: #000000;\"><strong><span style=\"text-decoration: underline;\">\u00a0&#8211; Conf\u00e9rence de l\u2018ADA : \u2018\u2019Occident ? ennemi mondial n\u00b01\u2019\u2019<\/span><br \/><\/strong><strong>Le mardi 8 octobre \u00e0 20h30, au domaine de l\u2019Asn\u00e9e, <\/strong>conf\u00e9rence par Fran\u00e7ois Colossimo, \u00e9conomiste et \u00e9diteur. <em>\u00ab\u00a0Nous ne l\u2019avons pas vu venir. Puis nous n\u2019en avons pas cru nos yeux. Pourtant, c\u2019est arriv\u00e9.\u00a0 Les anciens empires du XIX <sup>e <\/sup>si\u00e8cle, tsariste, ottoman, perse, qing, moghol, semblaient \u00e0 jamais disparus. En r\u00e9alit\u00e9, ils n\u2019avaient fait qu\u2019hiberner. Ils sont r\u00e9apparus, radicalement transform\u00e9s. \u00bb<br \/><\/em>Avec l\u2019\u00e9rudition et le style qu\u2019on lui conna\u00eet, Jean-Fran\u00e7ois Colosimo raconte la mutation de ces anciens empires\u00a0: leur europ\u00e9anisation inaboutie \u00e0 partir du XVIIIe si\u00e8cle, leur occidentalisation artificielle au XIXe si\u00e8cle, leur folle modernisation totalitaire ou nationaliste au XXe si\u00e8cle. Pour finir par leur autodestruction culturelle.<\/span><\/p>\n<p><span style=\"color: #000000;\"><strong>\u00a0&#8211;<span style=\"text-decoration: underline;\"> P\u00e8lerins des Ecritures<\/span><br \/><\/strong><strong>Samedi 12 octobre au domaine de l\u2019Asn\u00e9e, de 9h \u00e0 16h30, <\/strong>avec Jacques Nieuvarts et Arnaud Mansuy, journ\u00e9e de lancement du parcours biblique. S\u2019inscrire\u00a0: \u00a0<a style=\"color: #000000;\" href=\"mailto:formation@catholique-nancy.fr\">formation@catholique-nancy.fr<\/a> 03 83 44 27 15.<\/span><\/p>\n<\/td>\n<\/tr>\n<\/tbody>\n<\/table>\n","protected":false},"excerpt":{"rendered":"<p>Bapt\u00eameDimanche 29 septembre bapt\u00eame de Thelma \u00e0 Jarville.Portons dans notre pri\u00e8re cet enfant et sa famille. Messe de rentr\u00e9e et accueil du p\u00e8re Fran\u00e7ois WeberDimanche 29 septembre \u00e0 Jarville, installation, pour notre secteur, du p\u00e8re Fran\u00e7ois Weber comme cur\u00e9 in solidum pour nos trois paroisses et messe de rentr\u00e9e de la paroisse Saint- Fran\u00e7ois-de-Sales. La&hellip; <br \/> <a class=\"read-more\" href=\"https:\/\/paroisses-nancy-sud.fr\/HOME\/annonces-de-saint-francois-de-sales-et-sainte-jeanne-de-chantal-du-29-septembre\/\">Lire la suite<\/a><\/p>\n","protected":false},"author":5,"featured_media":2464,"comment_status":"closed","ping_status":"open","sticky":false,"template":"","format":"standard","meta":[],"categories":[7],"tags":[],"acf":[],"_links":{"self":[{"href":"https:\/\/paroisses-nancy-sud.fr\/HOME\/wp-json\/wp\/v2\/posts\/4137"}],"collection":[{"href":"https:\/\/paroisses-nancy-sud.fr\/HOME\/wp-json\/wp\/v2\/posts"}],"about":[{"href":"https:\/\/paroisses-nancy-sud.fr\/HOME\/wp-json\/wp\/v2\/types\/post"}],"author":[{"embeddable":true,"href":"https:\/\/paroisses-nancy-sud.fr\/HOME\/wp-json\/wp\/v2\/users\/5"}],"replies":[{"embeddable":true,"href":"https:\/\/paroisses-nancy-sud.fr\/HOME\/wp-json\/wp\/v2\/comments?post=4137"}],"version-history":[{"count":2,"href":"https:\/\/paroisses-nancy-sud.fr\/HOME\/wp-json\/wp\/v2\/posts\/4137\/revisions"}],"predecessor-version":[{"id":4139,"href":"https:\/\/paroisses-nancy-sud.fr\/HOME\/wp-json\/wp\/v2\/posts\/4137\/revisions\/4139"}],"wp:featuredmedia":[{"embeddable":true,"href":"https:\/\/paroisses-nancy-sud.fr\/HOME\/wp-json\/wp\/v2\/media\/2464"}],"wp:attachment":[{"href":"https:\/\/paroisses-nancy-sud.fr\/HOME\/wp-json\/wp\/v2\/media?parent=4137"}],"wp:term":[{"taxonomy":"category","embeddable":true,"href":"https:\/\/paroisses-nancy-sud.fr\/HOME\/wp-json\/wp\/v2\/categories?post=4137"},{"taxonomy":"post_tag","embeddable":true,"href":"https:\/\/paroisses-nancy-sud.fr\/HOME\/wp-json\/wp\/v2\/tags?post=4137"}],"curies":[{"name":"wp","href":"https:\/\/api.w.org\/{rel}","templated":true}]}}