{"id":4140,"date":"2024-09-28T17:30:02","date_gmt":"2024-09-28T15:30:02","guid":{"rendered":"https:\/\/paroisses-nancy-sud.fr\/HOME\/?p=4140"},"modified":"2024-09-28T17:30:02","modified_gmt":"2024-09-28T15:30:02","slug":"octobre-mois-de-marie","status":"publish","type":"post","link":"https:\/\/paroisses-nancy-sud.fr\/HOME\/octobre-mois-de-marie\/","title":{"rendered":"Octobre, \u00ab\u00a0Mois de Marie\u00a0\u00bb"},"content":{"rendered":"\n<p class=\"Justifinter\"><span style=\"color: #000000;\"><strong>Octobre, \u00ab\u00a0Mois de Marie\u00a0\u00bb<\/strong><\/span><\/p>\n<p class=\"Justifinter\"><span style=\"color: #000000;\">On affecte traditionnellement deux mois \u00e0 la Vierge Marie\u00a0: le mois de mai et celui d\u2019octobre. Celui dans lequel nous allons entrer est marqu\u00e9 par la f\u00eate de Notre-Dame du Rosaire, le 7 octobre. Pour l\u2019occasion, quelques paroissiens vont partir vers Lourdes o\u00f9 se rassemblent, sous l\u2019organisation dominicaine, les \u00e9quipes du Rosaire.<\/span><\/p>\n<p class=\"Justifinter\"><span style=\"color: #000000;\">Le Rosaire est comme chacun le sait un ensemble de 4 chapelets, regroupant chacun 5 dizaines. Chaque dizaine est associ\u00e9e \u00e0 un \u201cmyst\u00e8re\u201d que l\u2019on est invit\u00e9 \u00e0 contempler en \u00e9grainant les \u201cJe vous salue Marie\u201d. N\u2019est-ce pas l\u00e0 une pri\u00e8re explicitement condamn\u00e9e par le Seigneur qui nous demande de ne pas \u201crab\u00e2cher comme les pa\u00efens\u201d\u00a0?<\/span><\/p>\n<p class=\"Justifinter\"><span style=\"color: #000000;\">Les \u201cJe vous salue Marie\u201d encha\u00een\u00e9s ainsi forment une toile de fond de notre pri\u00e8re, comme une musique continuelle. Berc\u00e9 par ces douces paroles, notre esprit risque de s\u2019endormir ou de s\u2019occuper de toute autre chose, comme lorsque nous faisons oraison. C\u2019est l\u00e0 que notre pri\u00e8re s\u2019oriente vers une intention\u00a0: cette intention est le \u201cmyst\u00e8re\u201d que l\u2019on m\u00e9dite, par exemple l\u2019Annonciation, la Nativit\u00e9, l\u2019Institution de l\u2019Eucharistie, etc. <\/span><\/p>\n<p class=\"Justifinter\"><span style=\"color: #000000;\">Quand nous fixons notre attention non pas sur la Vierge mais sur le Christ (car ce sont l\u00e0 essentiellement les myst\u00e8res <i>du Christ),<\/i> la Vierge nous partage sa propre exp\u00e9rience du Seigneur J\u00e9sus, exp\u00e9rience unique car elle est celle qui est bienheureuse parce qu\u2019elle \u201c\u00e9coute la Parole de Dieu et la garde\u201d. Cette exp\u00e9rience, Marie nous la transmet, nous la partage, pour qu\u2019elle devienne l\u2019exp\u00e9rience de toute l\u2019Eglise, une exp\u00e9rience universelle. C\u2019est le cadeau de la Vierge \u00e0 ses enfants. Ne passons pas \u00e0 c\u00f4t\u00e9\u00a0!<\/span><\/p>\n<p class=\"Justifinter\" style=\"text-align: right;\" align=\"right\"><span style=\"color: #000000;\"><i>P\u00e8re Fran\u00e7ois Weber, cur\u00e9 <\/i><\/span><\/p>\n","protected":false},"excerpt":{"rendered":"<p>Octobre, \u00ab\u00a0Mois de Marie\u00a0\u00bb On affecte traditionnellement deux mois \u00e0 la Vierge Marie\u00a0: le mois de mai et celui d\u2019octobre. Celui dans lequel nous allons entrer est marqu\u00e9 par la f\u00eate de Notre-Dame du Rosaire, le 7 octobre. Pour l\u2019occasion, quelques paroissiens vont partir vers Lourdes o\u00f9 se rassemblent, sous l\u2019organisation dominicaine, les \u00e9quipes du&hellip; <br \/> <a class=\"read-more\" href=\"https:\/\/paroisses-nancy-sud.fr\/HOME\/octobre-mois-de-marie\/\">Lire la suite<\/a><\/p>\n","protected":false},"author":5,"featured_media":529,"comment_status":"closed","ping_status":"open","sticky":false,"template":"","format":"standard","meta":[],"categories":[6],"tags":[],"acf":[],"_links":{"self":[{"href":"https:\/\/paroisses-nancy-sud.fr\/HOME\/wp-json\/wp\/v2\/posts\/4140"}],"collection":[{"href":"https:\/\/paroisses-nancy-sud.fr\/HOME\/wp-json\/wp\/v2\/posts"}],"about":[{"href":"https:\/\/paroisses-nancy-sud.fr\/HOME\/wp-json\/wp\/v2\/types\/post"}],"author":[{"embeddable":true,"href":"https:\/\/paroisses-nancy-sud.fr\/HOME\/wp-json\/wp\/v2\/users\/5"}],"replies":[{"embeddable":true,"href":"https:\/\/paroisses-nancy-sud.fr\/HOME\/wp-json\/wp\/v2\/comments?post=4140"}],"version-history":[{"count":1,"href":"https:\/\/paroisses-nancy-sud.fr\/HOME\/wp-json\/wp\/v2\/posts\/4140\/revisions"}],"predecessor-version":[{"id":4141,"href":"https:\/\/paroisses-nancy-sud.fr\/HOME\/wp-json\/wp\/v2\/posts\/4140\/revisions\/4141"}],"wp:featuredmedia":[{"embeddable":true,"href":"https:\/\/paroisses-nancy-sud.fr\/HOME\/wp-json\/wp\/v2\/media\/529"}],"wp:attachment":[{"href":"https:\/\/paroisses-nancy-sud.fr\/HOME\/wp-json\/wp\/v2\/media?parent=4140"}],"wp:term":[{"taxonomy":"category","embeddable":true,"href":"https:\/\/paroisses-nancy-sud.fr\/HOME\/wp-json\/wp\/v2\/categories?post=4140"},{"taxonomy":"post_tag","embeddable":true,"href":"https:\/\/paroisses-nancy-sud.fr\/HOME\/wp-json\/wp\/v2\/tags?post=4140"}],"curies":[{"name":"wp","href":"https:\/\/api.w.org\/{rel}","templated":true}]}}