{"id":4145,"date":"2024-10-04T17:20:30","date_gmt":"2024-10-04T15:20:30","guid":{"rendered":"https:\/\/paroisses-nancy-sud.fr\/HOME\/?p=4145"},"modified":"2024-10-04T17:20:30","modified_gmt":"2024-10-04T15:20:30","slug":"annonces-de-la-visitation-du-6-octobre","status":"publish","type":"post","link":"https:\/\/paroisses-nancy-sud.fr\/HOME\/annonces-de-la-visitation-du-6-octobre\/","title":{"rendered":"Annonces de la Visitation du 6 octobre"},"content":{"rendered":"\n<p><span style=\"color: #000000;\"><strong><span style=\"text-decoration: underline;\">Bapt\u00eame :<\/span><br \/>Samedi 12 octobre <\/strong>\u00e0 Neuves-Maisons : Mariage de Flavio et Aur\u00e9lie\u00a0<\/span><br \/><span style=\"color: #000000;\">R\u00e9jouissons-nous et portons-les dans nos pri\u00e8res !<\/span><\/p>\n<p><span style=\"color: #000000;\"><strong>\u00a0<\/strong><span style=\"text-decoration: underline;\"><strong>Vente des calendriers<\/strong><\/span> au profit des \u0153uvres dioc\u00e9saines au prix de 4 \u20ac<\/span><\/p>\n<p><span style=\"color: #000000;\"><strong>\u00a0<\/strong><strong><span style=\"text-decoration: underline;\">Les \u00e9quipes du Rosaire<\/span>\u00a0<\/strong>: moyen de prier ensemble avec l\u2019\u00c9vangile\u00a0; une fois par mois par petits groupes, les rencontres s\u2019organisent\u00a0; sur notre paroisse,\u00a0 sept groupes existent\u00a0; <em>par exemple\u00a0: Maron, Bainville, deux groupes \u00e0 Neuves-Maisons etc.\u2026<br \/><\/em><em>Pour plus de renseignements des documents sont \u00e0 votre disposition au fond de l\u2019\u00e9glise, vous pouvez aussi \u00a0joindre Marie-Rose Reibel au 03 83 47 50 07<br \/><\/em><span style=\"font-size: revert;\">Prochaine rencontre \u00e0 la chapelle de Neuves-Maisons, <\/span><strong style=\"font-size: revert;\">lundi 07 octobre \u00e0 14h30.<\/strong><\/span><\/p>\n<p><span style=\"color: #000000;\"><strong><span style=\"text-decoration: underline;\">Vendredi 11 octobre \u00e0 17 h 30<\/span>. <\/strong>R\u00e9union EAP.<\/span><\/p>\n<p><span style=\"color: #000000;\"><strong><span style=\"text-decoration: underline;\">\u00a0Le samedi 12 octobre de 09h00 \u00e0 16h30<\/span> : <\/strong>P\u00e8lerins des \u00e9critures, temps de lancement du parcours biblique \u00e0 la maison dioc\u00e9saine de l&rsquo;Asn\u00e9e.<\/span><br \/><span style=\"color: #000000;\"><strong>Le lundi 13 octobre <\/strong>de <strong>14h \u00e0 16h,<\/strong> dans les salles paroissiales, 1<sup>\u00e8re<\/sup> rencontre du parcours biblique, p\u00e8lerins des \u00e9critures<\/span><\/p>\n<p><span style=\"color: #000000;\"><strong>En octobre 2024, <span style=\"text-decoration: underline;\">Monseigneur Jean-Louis Papin<\/span>, \u00e9v\u00eaque \u00e9m\u00e9rite de notre dioc\u00e8se de Nancy et Toul, f\u00eatera les 25 ans de son ordination \u00e9piscopale.<br \/><\/strong>\u00c0 cette occasion, il sera en visite dans notre dioc\u00e8se et c\u00e9l\u00e8brera une messe d\u2019action de gr\u00e2ce le<strong> dimanche 13 octobre 2024, \u00e0 15h<\/strong>, en la cath\u00e9drale de Nancy. Vous \u00eates tous invit\u00e9s \u00e0 venir rendre gr\u00e2ce avec lui. \u00c0 l\u2019issue de la c\u00e9l\u00e9bration, un verre de l\u2019amiti\u00e9 sera partag\u00e9. \u00bb<\/span><\/p>\n<p><span style=\"color: #000000;\"><strong>\u00a0<span style=\"text-decoration: underline;\">Concerts :<\/span><br \/><\/strong><strong>\u00a0&#8211; Dimanche 13 octobre <\/strong>\u00e0 15h30 \u00e0 Pulligny, concert de la chorale \u00ab\u00a0La Clef des Champs\u00a0\u00bb<strong>\u00a0<br \/><\/strong><strong>\u00a0&#8211; Dimanche 13 octobre \u00e0 <\/strong>16h30 \u00e0 l\u2019\u00e9glise de Xeuilley\u00a0; Les Amis de St R\u00e9mi propose un concert donn\u00e9 par le Ch\u0153ur de femmes de Lun\u00e9ville\u00a0sous la direction de Vincent Tricari.<\/span><\/p>\n<p><span style=\"color: #000000;\"><strong><span style=\"text-decoration: underline;\">Le vendredi 18 octobre\u00a0\u00e0 18h00,<\/span> <\/strong>\u00e0 l\u2019\u00c9glise de Bainville sur Madon, messe de la f\u00eate de Saint Luc, Saint patron des m\u00e9decins et des soignants. Messe conc\u00e9l\u00e9br\u00e9e par notre Vicaire G\u00e9n\u00e9ral P\u00e8re Serge G\u00e9rardy et par P\u00e8re Nduwimana.<\/span><\/p>\n<p><span style=\"color: #000000;\"><span style=\"text-decoration: underline;\"><strong>Messes \u00e0 la Visitation<br \/><\/strong><\/span>Samedi 12 octobre \u00e0 18h00\u00a0: Pierreville<\/span><br \/><span style=\"color: #000000;\">Dimanche 13 octobre \u00e0 10h30\u00a0: Neuves-Maisons,<\/span><\/p>\n<p><span style=\"color: #000000;\"><span style=\"text-decoration: underline;\"><strong>Messes en semaine.<br \/><\/strong><\/span>Jeudi 10 octobre\u00a0: <strong>Pas de messe<br \/><\/strong>Vendredi\u00a0: messe \u00e0 08h20 chez les s\u0153urs \u00e0 Bainville, 67 rue Jacques Callot.<\/span><\/p>\n<p><span style=\"color: #000000;\"><strong><u>Permanences \u00e0 la maison paroissiale :<\/u><\/strong> <\/span><br \/><span style=\"color: #000000;\">Mardi de 14h \u00e0 16h30 et Samedi de 9h30 \u00e0 11h30<\/span><br \/><span style=\"color: #000000;\">tel : 03 83 47 25 54 \u2013 <em><strong>adresse mail<\/strong><\/em><strong> : <\/strong><a style=\"color: #000000;\" href=\"mailto:visitationmm@orange.fr\">visitationmm@orange.fr<\/a>\u00a0 <\/span><br \/><span style=\"color: #000000;\">Horaires des messes :\u00a0 <a style=\"color: #000000;\" href=\"https:\/\/messes.info\/\">messesinfo<\/a><em> (cliquer sur le lien)<\/em><\/span><\/p>\n","protected":false},"excerpt":{"rendered":"<p>Bapt\u00eame :Samedi 12 octobre \u00e0 Neuves-Maisons : Mariage de Flavio et Aur\u00e9lie\u00a0R\u00e9jouissons-nous et portons-les dans nos pri\u00e8res ! \u00a0Vente des calendriers au profit des \u0153uvres dioc\u00e9saines au prix de 4 \u20ac \u00a0Les \u00e9quipes du Rosaire\u00a0: moyen de prier ensemble avec l\u2019\u00c9vangile\u00a0; une fois par mois par petits groupes, les rencontres s\u2019organisent\u00a0; sur notre paroisse,\u00a0 sept&hellip; <br \/> <a class=\"read-more\" href=\"https:\/\/paroisses-nancy-sud.fr\/HOME\/annonces-de-la-visitation-du-6-octobre\/\">Lire la suite<\/a><\/p>\n","protected":false},"author":5,"featured_media":471,"comment_status":"closed","ping_status":"open","sticky":false,"template":"","format":"standard","meta":[],"categories":[10],"tags":[],"acf":[],"_links":{"self":[{"href":"https:\/\/paroisses-nancy-sud.fr\/HOME\/wp-json\/wp\/v2\/posts\/4145"}],"collection":[{"href":"https:\/\/paroisses-nancy-sud.fr\/HOME\/wp-json\/wp\/v2\/posts"}],"about":[{"href":"https:\/\/paroisses-nancy-sud.fr\/HOME\/wp-json\/wp\/v2\/types\/post"}],"author":[{"embeddable":true,"href":"https:\/\/paroisses-nancy-sud.fr\/HOME\/wp-json\/wp\/v2\/users\/5"}],"replies":[{"embeddable":true,"href":"https:\/\/paroisses-nancy-sud.fr\/HOME\/wp-json\/wp\/v2\/comments?post=4145"}],"version-history":[{"count":1,"href":"https:\/\/paroisses-nancy-sud.fr\/HOME\/wp-json\/wp\/v2\/posts\/4145\/revisions"}],"predecessor-version":[{"id":4146,"href":"https:\/\/paroisses-nancy-sud.fr\/HOME\/wp-json\/wp\/v2\/posts\/4145\/revisions\/4146"}],"wp:featuredmedia":[{"embeddable":true,"href":"https:\/\/paroisses-nancy-sud.fr\/HOME\/wp-json\/wp\/v2\/media\/471"}],"wp:attachment":[{"href":"https:\/\/paroisses-nancy-sud.fr\/HOME\/wp-json\/wp\/v2\/media?parent=4145"}],"wp:term":[{"taxonomy":"category","embeddable":true,"href":"https:\/\/paroisses-nancy-sud.fr\/HOME\/wp-json\/wp\/v2\/categories?post=4145"},{"taxonomy":"post_tag","embeddable":true,"href":"https:\/\/paroisses-nancy-sud.fr\/HOME\/wp-json\/wp\/v2\/tags?post=4145"}],"curies":[{"name":"wp","href":"https:\/\/api.w.org\/{rel}","templated":true}]}}