{"id":4180,"date":"2024-10-18T18:17:22","date_gmt":"2024-10-18T16:17:22","guid":{"rendered":"https:\/\/paroisses-nancy-sud.fr\/HOME\/?p=4180"},"modified":"2024-10-19T15:15:26","modified_gmt":"2024-10-19T13:15:26","slug":"annonces-de-saint-francois-de-sales-et-sainte-jeanne-de-chantal-du-20-octobre","status":"publish","type":"post","link":"https:\/\/paroisses-nancy-sud.fr\/HOME\/annonces-de-saint-francois-de-sales-et-sainte-jeanne-de-chantal-du-20-octobre\/","title":{"rendered":"Annonces de Saint-Fran\u00e7ois-de-Sales et Sainte-Jeanne-de-Chantal du 20 octobre"},"content":{"rendered":"\n<p><span style=\"color: #000000;\"><span style=\"text-decoration: underline;\"><strong>25 ans d\u2019ordination<br \/><\/strong><\/span><strong>Samedi 19 octobre \u00e0 Laneuveville, <\/strong>le p\u00e8re Fran\u00e7ois Weber c\u00e9l\u00e8bre ses 25 ans d\u2019ordination. Il sera entour\u00e9 de ses amis. R\u00e9jouissons-nous de sa vie de pr\u00eatre, prions pour lui, pour les pr\u00eatres de notre secteur et les pr\u00eatres de l\u2019Oratoire Saint Philippe N\u00e9ri.<\/span><\/p>\n<p><span style=\"color: #000000;\"><strong><span style=\"text-decoration: underline;\">Bapt\u00eames<\/span><br \/><\/strong><strong>Dimanche 20 octobre \u00e0 Ludres bapt\u00eame <\/strong>de Eden BEYDON, d<strong>imanche 03 novembre \u00e0\u00a0Ludres bapt\u00eame <\/strong>de Alice LUCAS.<strong><br \/><\/strong>Nous portons ces b\u00e9b\u00e9s et leurs familles dans notre pri\u00e8re.<\/span><\/p>\n<p><span style=\"color: #000000;\"><span style=\"text-decoration: underline;\"><strong>Mois d\u2019octobre, mois du Rosaire<br \/><\/strong><\/span><strong>Lundi 21 octobre<\/strong> et lundi 28 octobre, les \u00c9quipes du Rosaire\u00a0de Jarville\u00a0et Fl\u00e9ville,\u00a0proposent de r\u00e9citer\u00a0et m\u00e9diter le chapelet.\u00a0Nous nous retrouverons <strong>\u00e0<\/strong> <strong>17h, dans l\u2019\u00e9glise de Jarville, et \u00e9galement le 28 octobre \u00e0 Richardm\u00e9nil.<\/strong><\/span><\/p>\n<p><span style=\"color: #000000;\"><span style=\"text-decoration: underline;\"><strong>Semaine Missionnaire Mondiale<br \/><\/strong><\/span>La Semaine Missionnaire Mondiale pour la Mission se termine <strong>dimanche 20 octobre 2024, jour de la qu\u00eate mondiale au profit des missions. <\/strong>Les dons r\u00e9colt\u00e9s permettront de soutenir dans leur mission les dioc\u00e8ses les plus d\u00e9munis pour que vive l\u2019\u00c9glise partout dans le monde. Ce sont les\u00a0<strong>\u0152uvres Pontificales Missionnaires<\/strong> (OPM) qui ont la charge de la gestion de ces dons pour que vive l\u2019\u00c9glise partout dans le monde<em>. Des enveloppes de dons sont \u00e0 votre disposition dans le fond des \u00e9glises.<\/em><\/span><\/p>\n<p><span style=\"color: #000000;\"><strong>Dimanche 20 octobre 10h30<\/strong> : <strong>C\u00e9l\u00e9bration de la Messe pour l&rsquo;\u00e9vang\u00e9lisation des peuples<\/strong> pr\u00e9sid\u00e9e par Monseigneur Pierre-Yves Michel, en l&rsquo;\u00e9glise du Sacr\u00e9-C\u0153ur de Nancy avec la participation des communaut\u00e9s\u00a0: vietnamienne, libanaise, syrienne, portugaise, polonaise, malgache, africaine, suivie d&rsquo;un repas partag\u00e9 dans la salle Henri Blaise.<\/span><\/p>\n<p><span style=\"color: #000000;\"><strong><span style=\"text-decoration: underline;\">Horaires des messes dominicales des 26 et 27 octobre 2024<\/span><br \/><\/strong><strong>Samedi 26 octobre\u00a0:\u00a0 18h <\/strong>Heillecourt, Laneuveville, Parey-Saint-C\u00e9zaire<br \/><strong>Dimanche 27 octobre : 10h <\/strong>Fl\u00e9ville, Flavigny<strong>\u00a0\u00a0 \u00a0\u00a0\u00a0\u00a0\u00a0\u00a0\u00a0\u00a0\u00a0\u00a010 h30 <\/strong>Jarville, Neuves-Maisons\u00a0 \u00a0\u00a0\u00a0\u00a0\u00a0\u00a0\u00a0\u00a0\u00a0\u00a0\u00a0\u00a0\u00a0\u00a0<\/span><\/p>\n<p><span style=\"color: #000000;\"><strong><span style=\"text-decoration: underline;\">La Toussaint \u00e0 Taiz\u00e9 pour les lyc\u00e9ens du secteur Nancy-sud.<\/span><br \/><\/strong><strong>Du 28 octobre au 1<sup>er<\/sup> novembre<\/strong>, les lyc\u00e9ens sont convi\u00e9s \u00e0 Taiz\u00e9. Comme l&rsquo;ann\u00e9e pass\u00e9e, nous constituerons un groupe commun avec La Malgrange, Saint-Sigisbert et Saint-L\u00e9on.<\/span><\/p>\n<p><span style=\"color: #000000;\"><span style=\"text-decoration: underline;\"><strong>C\u00e9l\u00e9brations de la Toussaint et du Jour des d\u00e9funts<br \/><\/strong><\/span><strong>Vendredi 1<sup>er<\/sup> novembre : F\u00eate de la Toussaint<br \/><\/strong><strong>10h <\/strong>Viterne <strong>10h30 \u00e0 <\/strong>Heillecourt, Jarville, Neuves-Maisons<\/span><\/p>\n<p><span style=\"color: #000000;\"><strong>Samedi 2 novembre : Jour des d\u00e9funts :<br \/><\/strong><strong>10h <\/strong>Bainville sur Madon. <strong>18h <\/strong>Heillecourt, Laneuveville, Neuves-Maisons<\/span><\/p>\n<p><span style=\"color: #000000;\"><span style=\"text-decoration: underline;\"><strong>Calendriers et Missels 2025<br \/><\/strong><\/span><strong>Les calendriers 2025 sont arriv\u00e9s\u00a0! <\/strong>S\u2019adresser \u00e0 Odile Bonmati pour Saint-Fran\u00e7ois-de-Sales et \u00e0 Marie-Th\u00e9r\u00e8se St\u00e9venin pour Sainte-Jeanne-de-Chantal ou \u00e0 l\u2019occasion des messes. 4 \u20ac le calendrier. A Ste- Jeanne-de-Chantal <strong>les missels 2025 sont disponibles<\/strong> au moment des messes. (environ 10\u20ac) S\u2019adresser \u00e0 Marie-Th\u00e9r\u00e8se Thiery ou \u00e0 Micheline.<\/span><\/p>\n<p><span style=\"color: #000000;\"><span style=\"text-decoration: underline;\"><strong>Chacun de nous construit la communaut\u00e9 paroissiale<br \/><\/strong><\/span><strong>Pensez-vous avoir un peu de temps \u00e0 mettre au service de la communaut\u00e9 ?<br \/><\/strong>De nombreuses personnes assurent de multiples services dans nos paroisses, parfois depuis de nombreuses ann\u00e9es. Elles auraient besoin d\u2019\u00eatre second\u00e9es, voire de \u2018\u2019passer la main\u2019\u2019. Les propositions sont tr\u00e8s diverses\u00a0: secr\u00e9tariat, accueil des personnes au secr\u00e9tariat ou \u00e0 l\u2019\u00e9glise, visite des personnes qui en ont besoin, aide aux fun\u00e9railles, r\u00e9fl\u00e9chir aux projets et besoins de la paroisse, bricolage, aide au cat\u00e9chisme, aide aux moments conviviaux et festifs \u2026.<\/span><br \/><span style=\"color: #000000;\">Contactez\u00a0: Fran\u00e7ois Weber <a style=\"color: #000000;\" href=\"mailto:franz.web@wanadoo.fr\">web@wanadoo.fr<\/a> ou secretariat.sfs@paroisses-nancy-sud.fr ou secretariat.sjc@paroisses-nancy-sud.fr<\/span><\/p>\n<p><span style=\"color: #000000;\"><span style=\"text-decoration: underline;\"><strong>\u00a0<\/strong><strong>A<\/strong><strong>utres<\/strong><strong> Annonces<br \/><\/strong><strong>Spectacle \u00e0 la basilique de Saint Nicolas de Port<br \/><\/strong><\/span>La basilique de Saint Nicolas de Port accueille du <strong>29 octobre au 17 novembre<\/strong> le spectacle son et lumi\u00e8re \u00ab <strong>L\u2019Odyss\u00e9e Nikolaos<\/strong> \u00bb d\u2019une dur\u00e9e de 1h15\u00a0: Cr\u00e9ation\u00a0de Damien Fontaine, qui a jou\u00e9 \u00e0 Marthemont pour la c\u00e9l\u00e9bration du 15 ao\u00fbt, Marthemont d&rsquo;o\u00f9 est natif son papa. Damien Fontaine est internationalement connu pour ses spectacles, mais plus pr\u00e8s de nous \u00e0 Lun\u00e9ville, Donr\u00e9my, et la f\u00eate des lumi\u00e8res \u00e0 Lyon&#8230;Une formidable \u00e9pop\u00e9e qui d\u00e9bute \u00e0 Myre en Orient vers l\u2019an 300 pour ensuite nous plonger au c\u0153ur de la bataille de Nancy en 1477 et finalement nous embarquer \u00e0 la suite d\u2019une h\u00e9ro\u00efne Camille Crou\u00e9 Friedman, originaire de Saint Nicolas de port et bienfaitrice de la Basilique avec comme fil conducteur, la figure de saint Nicolas.<\/span><br \/><span style=\"color: #000000;\">Il s\u2019agit d\u2019un spectacle hors norme, puisque toute l\u2019enceinte de la Basilique Saint-Nicolas sera baign\u00e9e de lumi\u00e8res et l\u2019histoire sera cont\u00e9e par plus de 100 figurants b\u00e9n\u00e9voles sur sc\u00e8ne.<br \/>Un moment de grande beaut\u00e9 au service de nos valeurs chr\u00e9tiennes.<br \/>* Informations et r\u00e9servations\u00a0 <a style=\"color: #000000;\" href=\"http:\/\/www.lodysseenikolaos.fr\">www.lodysseenikolaos.fr<\/a>\u00a0; 07 44 79 04 08\u00a0; Tarifs de 15\u20ac \u00e0 35\u20ac<br \/><\/span><\/p>\n<p><span style=\"color: #000000;\"><span style=\"text-decoration: underline;\"><strong>Temps de pri\u00e8re propos\u00e9 par l\u2019aum\u00f4nerie de la maternit\u00e9 r\u00e9gionale de Nancy<br \/><\/strong><\/span><strong>Samedi 2 novembre 2024 en l\u2019\u00e9glise Saint-S\u00e9bastien \u00e0 Nancy,<\/strong> la c\u00e9l\u00e9bration sera pr\u00e9sid\u00e9e par notre \u00e9v\u00eaque, Mgr Pierre-Yves Michel. Ce sera un temps de <strong>pri\u00e8re et de recueillement pour se souvenir des enfants qui nous ont quitt\u00e9s trop t\u00f4t et qui occuperont toujours une place particuli\u00e8re dans nos c\u0153urs.<br \/><\/strong>Cette c\u00e9l\u00e9bration sera <strong>sous le signe de l&rsquo;Esp\u00e9rance,<\/strong> le Seigneur a accueilli ce ou ces enfants dans sa Lumi\u00e8re et elle sera aussi <strong>chemin de Consolation<\/strong>.<\/span><\/p>\n<p><span style=\"color: #000000;\"><span style=\"text-decoration: underline;\"><strong>Synode sur la synodalit\u00e9 : 2<sup>\u00e8me<\/sup> session du 2 au 27 octobre 2024 \u00e0 Rome<br \/><\/strong><\/span><strong>La deuxi\u00e8me session du Synode pour une \u00c9glise synodale se tient \u00e0 Rome du 2 au 27 octobre 2024,\u00a0<\/strong>un an apr\u00e8s la premi\u00e8re session g\u00e9n\u00e9rale d\u2019octobre 2023<strong>\u00a0<\/strong>qui a publi\u00e9 un rapport de synth\u00e8se intitul\u00e9 \u00ab\u00a0<strong><em>une \u00c9glise synodale en mission\u00a0<\/em><\/strong>\u00bb, et 3 ans apr\u00e8s le travail que nous avions fait dans nos paroisses.<br \/>Le pape Fran\u00e7ois\u00a0a demand\u00e9 \u00e0 l\u2019assembl\u00e9e synodale (\u00e9v\u00eaques, consacr\u00e9s et la\u00efcs) de se <em>\u00ab\u00a0mettre en route avec le regard tourn\u00e9 vers le monde, parce que la communaut\u00e9 chr\u00e9tienne est toujours au service de l\u2019humanit\u00e9 pour annoncer \u00e0 tous la joie de l\u2019\u00c9vangile<\/em>\u00a0\u00bb.<br \/>Prions pour les travaux de cette assembl\u00e9e qui s\u2019ach\u00e8vera avec la publication d\u2019un document final.<\/span><\/p>\n<p><span style=\"color: #000000;\"><span style=\"text-decoration: underline;\"><strong>P\u00e8lerinage des pr\u00eatres<br \/><\/strong><\/span><strong>Du 21 au 25 octobre, <\/strong>comme tous les ans, les pr\u00eatres du dioc\u00e8se partent en p\u00e8lerinage avec l\u2019\u00e9v\u00eaque en Bourgogne.<\/span><\/p>\n<p><span style=\"color: #000000;\"><span style=\"text-decoration: underline;\"><strong>Voyage avec les \u2018\u2019Voyageurs chr\u00e9tiens\u2019\u2019<br \/><\/strong><\/span>A l&rsquo;occasion du centenaire de la canonisation du Saint Cur\u00e9 d&rsquo;Ars, les \u00ab\u00a0Voyageurs chr\u00e9tiens\u00a0\u00bb organisent un p\u00e8lerinage ouvert \u00e0 tous du <strong>9 au 11 avril 2025.<\/strong> Au programme : visites guid\u00e9es des sanctuaires, du village m\u00e9di\u00e9val de Ch\u00e2tillon-sur-Chalaronne et du monast\u00e8re royal de Brou.<br \/>En vue de la r\u00e9servation de l&rsquo;h\u00e9bergement (du fait de l&rsquo;afflux attendu), inscriptions obligatoires avant le 15 novembre. Madame CHAMBON et Jean-Fran\u00e7ois 03 83 56 34 31 ou 06 30 99 09 66.<\/span><\/p>\n<p style=\"text-align: center;\"><span style=\"color: #000000;\"><em>Le Seigneur envoie ses disciples deux par deux<br \/><\/em><em style=\"font-size: revert;\">car la charit\u00e9 envers autrui est indissociable de l\u2019annonce de l\u2019Evangile.<\/em><\/span><\/p>\n","protected":false},"excerpt":{"rendered":"<p>25 ans d\u2019ordinationSamedi 19 octobre \u00e0 Laneuveville, le p\u00e8re Fran\u00e7ois Weber c\u00e9l\u00e8bre ses 25 ans d\u2019ordination. Il sera entour\u00e9 de ses amis. R\u00e9jouissons-nous de sa vie de pr\u00eatre, prions pour lui, pour les pr\u00eatres de notre secteur et les pr\u00eatres de l\u2019Oratoire Saint Philippe N\u00e9ri. Bapt\u00eamesDimanche 20 octobre \u00e0 Ludres bapt\u00eame de Eden BEYDON, dimanche&hellip; <br \/> <a class=\"read-more\" href=\"https:\/\/paroisses-nancy-sud.fr\/HOME\/annonces-de-saint-francois-de-sales-et-sainte-jeanne-de-chantal-du-20-octobre\/\">Lire la suite<\/a><\/p>\n","protected":false},"author":5,"featured_media":2464,"comment_status":"closed","ping_status":"open","sticky":false,"template":"","format":"standard","meta":[],"categories":[7],"tags":[],"acf":[],"_links":{"self":[{"href":"https:\/\/paroisses-nancy-sud.fr\/HOME\/wp-json\/wp\/v2\/posts\/4180"}],"collection":[{"href":"https:\/\/paroisses-nancy-sud.fr\/HOME\/wp-json\/wp\/v2\/posts"}],"about":[{"href":"https:\/\/paroisses-nancy-sud.fr\/HOME\/wp-json\/wp\/v2\/types\/post"}],"author":[{"embeddable":true,"href":"https:\/\/paroisses-nancy-sud.fr\/HOME\/wp-json\/wp\/v2\/users\/5"}],"replies":[{"embeddable":true,"href":"https:\/\/paroisses-nancy-sud.fr\/HOME\/wp-json\/wp\/v2\/comments?post=4180"}],"version-history":[{"count":5,"href":"https:\/\/paroisses-nancy-sud.fr\/HOME\/wp-json\/wp\/v2\/posts\/4180\/revisions"}],"predecessor-version":[{"id":4186,"href":"https:\/\/paroisses-nancy-sud.fr\/HOME\/wp-json\/wp\/v2\/posts\/4180\/revisions\/4186"}],"wp:featuredmedia":[{"embeddable":true,"href":"https:\/\/paroisses-nancy-sud.fr\/HOME\/wp-json\/wp\/v2\/media\/2464"}],"wp:attachment":[{"href":"https:\/\/paroisses-nancy-sud.fr\/HOME\/wp-json\/wp\/v2\/media?parent=4180"}],"wp:term":[{"taxonomy":"category","embeddable":true,"href":"https:\/\/paroisses-nancy-sud.fr\/HOME\/wp-json\/wp\/v2\/categories?post=4180"},{"taxonomy":"post_tag","embeddable":true,"href":"https:\/\/paroisses-nancy-sud.fr\/HOME\/wp-json\/wp\/v2\/tags?post=4180"}],"curies":[{"name":"wp","href":"https:\/\/api.w.org\/{rel}","templated":true}]}}