{"id":4279,"date":"2024-11-15T18:27:30","date_gmt":"2024-11-15T17:27:30","guid":{"rendered":"https:\/\/paroisses-nancy-sud.fr\/HOME\/?p=4279"},"modified":"2024-11-15T18:27:30","modified_gmt":"2024-11-15T17:27:30","slug":"annonces-de-la-visitation-du-17-novembre","status":"publish","type":"post","link":"https:\/\/paroisses-nancy-sud.fr\/HOME\/annonces-de-la-visitation-du-17-novembre\/","title":{"rendered":"Annonces de la Visitation du 17 novembre"},"content":{"rendered":"\n<p><span style=\"color: #000000;\"><strong><span style=\"text-decoration: underline;\">Dimanche 17 novembre \u00e0 15h00<\/span>, <\/strong>dans les salles paroissiales de Neuves-Maisons, venez d\u00e9couvrir le Burundi, une pr\u00e9sentation de ce beau pays (<em>diaporama, ateliers culturels, expo photos)<\/em> sera faite\u00a0par des membres d\u2019Amiti\u00e9 Nancy-Git\u00e9ga. <strong>Venez nombreux\u00a0!<\/strong> Une vente d\u2019articles en provenance du Burundi et de p\u00e2tisseries faites maison sera propos\u00e9e avec \u00e9changes et temps de convivialit\u00e9.\u00a0 Boissons offertes.<\/span><\/p>\n<p><span style=\"color: #000000;\"><span style=\"text-decoration: underline;\"><strong>Lundi 18 novembre, <\/strong><\/span>de 14h00 \u00e0 16h00 rencontres des groupes de lecture suivie, \u00ab\u00a0P\u00e8lerins des \u00c9critures\u00a0\u00bb <strong>simultan\u00e9ment<br \/><\/strong>&#8211;\u00a0 \u00e0 Bainville, chez S\u0153ur Marie-Fran\u00e7ois<\/span><br \/><span style=\"color: #000000;\">&#8211; \u00e0 Neuves-Maisons, dans les salles paroissiales, selon les d\u00e9placements de chacun.<\/span><\/p>\n<p><span style=\"color: #000000;\"><span style=\"text-decoration: underline;\"><strong>Mardi 19 novembre<\/strong> le cardinal Jean-Marc Aveline,<\/span> archev\u00eaque de Marseille, vient \u00e0 la rencontre des fid\u00e8les de notre dioc\u00e8se, il\u00a0 donnera une conf\u00e9rence de 20h \u00e0 22h, \u00e0 la Maison de l\u2019Asn\u00e9e, autour de son livre\u00a0\u00ab\u00a0Dieu a tant aim\u00e9 le monde\u00a0\u00bb petite th\u00e9ologie de la mission.<\/span><\/p>\n<p><span style=\"color: #000000;\"><strong><span style=\"text-decoration: underline;\">Jeudi 21 novembre\u00a0de 14h00 \u00e0 15h00<\/span>\u00a0: <\/strong>dans les salles paroissiales de Neuves-Maisons, deuxi\u00e8me rencontre anim\u00e9e par Mr Patrice Kelche. Une formation biblique, ouverte \u00e0 tous, dont le th\u00e8me est \u00ab\u00a0Foi, Esp\u00e9rance et Charit\u00e9\u00a0\u00bb. Nous nous pr\u00e9parerons ainsi, \u00e0 vivre l\u2019ann\u00e9e jubilaire 2025.<\/span><br \/><span style=\"color: #000000;\"><em>* Les rencontres seront mensuelles et annonc\u00e9es. <\/em><\/span><\/p>\n<p><span style=\"text-decoration: underline; color: #000000;\"><strong>\u00a0<\/strong><strong>Journ\u00e9e Mondiale de la Jeunesse\u00a0!<\/strong> <\/span><br \/><span style=\"color: #000000;\">Qui que tu sois, jeune catholique engag\u00e9, cat\u00e9chum\u00e8ne, en recherche ou plus loin de l\u2019\u00c9glise<\/span><br \/><span style=\"color: #000000;\">Rendez-vous le <strong>24 novembre 2024 \u00e0 la Cath\u00e9drale de Nancy<\/strong>\u00a0pour tous les jeunes de 16 \u00e0 35 ans!<\/span><br \/><span style=\"color: #000000;\">\u00ab\u00a0Heureux ceux qui esp\u00e8rent dans le Seigneur, ils marchent sans se fatiguer\u00a0\u00bb\u00a0 (Is 40,31)<\/span><br \/><span style=\"color: #000000;\">Quelles que soient les \u00e9preuves que tu traverses, viens vivre une journ\u00e9e pour recevoir, avec des jeunes venus de tout le dioc\u00e8se, la force de l\u2019Esp\u00e9rance donn\u00e9e par J\u00e9sus, le Christ-Roi ! Viens exp\u00e9rimenter la joie de marcher ensemble vers le Royaume de Dieu ! Une journ\u00e9e pour :<\/span><br \/><span style=\"color: #000000;\">&#8211; louer le Seigneur\u00a0dans l\u2019Esprit pour nous donner la force d\u2019avancer<\/span><br \/><span style=\"color: #000000;\">&#8211; nous mettre en recherche du Royaume de Dieu\u00a0et partager nos chemins de foi<\/span><br \/><span style=\"color: #000000;\">&#8211; nous repentir\u00a0pour toutes les fois o\u00f9 nous nous \u00e9loignons de J\u00e9sus<\/span><br \/><span style=\"color: #000000;\">&#8211; apprendre \u00e0 t\u00e9moigner\u00a0de notre Esp\u00e9rance autour de nous<\/span><br \/><span style=\"color: #000000;\"><em>Plus d\u2019infos et inscription\u00a0:\u00a0\u00a0 <\/em><a style=\"color: #000000;\" href=\"https:\/\/jmj2024-nancy.venio.fr\/fr\">https:\/\/jmj2024-nancy.venio.fr\/fr<\/a><\/span><\/p>\n<p><span style=\"color: #000000;\"><span style=\"text-decoration: underline;\"><strong>Messes \u00e0 la Visitation<br \/><\/strong><\/span>Samedi 23 novembre \u00e0 18h00\u00a0: Pierreville<\/span><br \/><span style=\"color: #000000;\">Dimanche 24 novembre \u00e0 10h30\u00a0: Neuves-Maisons,<\/span><\/p>\n<p><span style=\"color: #000000;\"><span style=\"text-decoration: underline;\"><strong>Messes en semaine.<br \/><\/strong><\/span>Jeudi\u00a0: adoration \u00e0 16h00 et messe \u00e0 16h30 \u00e0 la chapelle.<\/span><br \/><span style=\"color: #000000;\">Vendredi\u00a0: messe \u00e0 08h20 chez les s\u0153urs \u00e0 Bainville, 67 rue Jacques Callot.<\/span><\/p>\n<p><span style=\"color: #000000;\"><strong><u>Permanences \u00e0 la maison paroissiale :<\/u><\/strong> <\/span><br \/><span style=\"color: #000000;\">Mardi de 14h \u00e0 16h30 et Samedi de 9h30 \u00e0 11h30<\/span><br \/><span style=\"color: #000000;\">tel : 03 83 47 25 54 \u2013 <em><strong>adresse mail<\/strong><\/em><strong> : <\/strong><a style=\"color: #000000;\" href=\"mailto:visitationmm@orange.fr\">visitationmm@orange.fr<\/a>\u00a0 <\/span><br \/><span style=\"color: #000000;\">Horaires des messes :\u00a0 <a style=\"color: #000000;\" href=\"https:\/\/messes.info\/\">messesinfo<\/a><em> (cliquer sur le lien)<\/em><\/span><\/p>\n<p>\u00a0<\/p>\n","protected":false},"excerpt":{"rendered":"<p>Dimanche 17 novembre \u00e0 15h00, dans les salles paroissiales de Neuves-Maisons, venez d\u00e9couvrir le Burundi, une pr\u00e9sentation de ce beau pays (diaporama, ateliers culturels, expo photos) sera faite\u00a0par des membres d\u2019Amiti\u00e9 Nancy-Git\u00e9ga. Venez nombreux\u00a0! Une vente d\u2019articles en provenance du Burundi et de p\u00e2tisseries faites maison sera propos\u00e9e avec \u00e9changes et temps de convivialit\u00e9.\u00a0 Boissons&hellip; <br \/> <a class=\"read-more\" href=\"https:\/\/paroisses-nancy-sud.fr\/HOME\/annonces-de-la-visitation-du-17-novembre\/\">Lire la suite<\/a><\/p>\n","protected":false},"author":5,"featured_media":471,"comment_status":"closed","ping_status":"open","sticky":false,"template":"","format":"standard","meta":[],"categories":[10],"tags":[],"acf":[],"_links":{"self":[{"href":"https:\/\/paroisses-nancy-sud.fr\/HOME\/wp-json\/wp\/v2\/posts\/4279"}],"collection":[{"href":"https:\/\/paroisses-nancy-sud.fr\/HOME\/wp-json\/wp\/v2\/posts"}],"about":[{"href":"https:\/\/paroisses-nancy-sud.fr\/HOME\/wp-json\/wp\/v2\/types\/post"}],"author":[{"embeddable":true,"href":"https:\/\/paroisses-nancy-sud.fr\/HOME\/wp-json\/wp\/v2\/users\/5"}],"replies":[{"embeddable":true,"href":"https:\/\/paroisses-nancy-sud.fr\/HOME\/wp-json\/wp\/v2\/comments?post=4279"}],"version-history":[{"count":1,"href":"https:\/\/paroisses-nancy-sud.fr\/HOME\/wp-json\/wp\/v2\/posts\/4279\/revisions"}],"predecessor-version":[{"id":4280,"href":"https:\/\/paroisses-nancy-sud.fr\/HOME\/wp-json\/wp\/v2\/posts\/4279\/revisions\/4280"}],"wp:featuredmedia":[{"embeddable":true,"href":"https:\/\/paroisses-nancy-sud.fr\/HOME\/wp-json\/wp\/v2\/media\/471"}],"wp:attachment":[{"href":"https:\/\/paroisses-nancy-sud.fr\/HOME\/wp-json\/wp\/v2\/media?parent=4279"}],"wp:term":[{"taxonomy":"category","embeddable":true,"href":"https:\/\/paroisses-nancy-sud.fr\/HOME\/wp-json\/wp\/v2\/categories?post=4279"},{"taxonomy":"post_tag","embeddable":true,"href":"https:\/\/paroisses-nancy-sud.fr\/HOME\/wp-json\/wp\/v2\/tags?post=4279"}],"curies":[{"name":"wp","href":"https:\/\/api.w.org\/{rel}","templated":true}]}}