{"id":4295,"date":"2024-11-22T16:55:19","date_gmt":"2024-11-22T15:55:19","guid":{"rendered":"https:\/\/paroisses-nancy-sud.fr\/HOME\/?p=4295"},"modified":"2024-11-22T16:55:19","modified_gmt":"2024-11-22T15:55:19","slug":"annonces-de-la-visitation-du-24-novembre","status":"publish","type":"post","link":"https:\/\/paroisses-nancy-sud.fr\/HOME\/annonces-de-la-visitation-du-24-novembre\/","title":{"rendered":"Annonces de la Visitation du 24 novembre"},"content":{"rendered":"\n<p><span style=\"color: #000000;\"><span style=\"text-decoration: underline;\"><strong>\u00c9quipes du Rosaire\u00a0<\/strong><\/span>: comme chaque d\u00e9but de mois, les \u00e9quipes du secteur se r\u00e9unissent. Pour d\u00e9cembre, ce sera le <strong>lundi 02 \u00e0 14h30<\/strong> et elles invitent toutes personnes int\u00e9ress\u00e9es \u00e0 les rejoindre.<\/span><\/p>\n<p><span style=\"color: #000000;\"><strong>\u00a0<\/strong><\/span><span style=\"color: #000000;\"><span style=\"text-decoration: underline;\"><strong>Qu\u00eate charges paroissiales<\/strong>\u00a0<\/span>: Le premier d\u00e9cembre, comme tous les premiers dimanches du mois, une qu\u00eate sera assur\u00e9e pour une participation aux charges paroissiales. Elle est valable pour toute la paroisse de la Visitation.<br \/><\/span><span style=\"color: #000000;\">Merci pour votre don\u00a0!<\/span><\/p>\n<p><span style=\"color: #000000;\"><strong><span style=\"text-decoration: underline;\">Le 01 d\u00e9cembre \u00e0 l\u2019\u00e9glise de Chaligny<\/span>, <\/strong>c\u00e9l\u00e9bration de la Parole \u00e0 11h00.<br \/><\/span><span style=\"color: #000000;\">Nous f\u00eaterons Sainte C\u00e9cile et Sainte Barbe. Procession \u00e0 10h30, du cimeti\u00e8re vers l\u2019\u00e9glise, avec la statue de Ste Barbe.<\/span><\/p>\n<p><span style=\"color: #000000;\"><strong>\u00a0<\/strong><\/span><span style=\"color: #000000;\"><span style=\"text-decoration: underline;\"><strong>Le 05 d\u00e9cembre 2024 <\/strong>Formation des mandat\u00e9s fun\u00e9railles<\/span> \u2013 session 3 \u00e0 la Maison dioc\u00e9saine &#8211; Domaine de l&rsquo;Asn\u00e9e &#8211; 11 rue de Laxou \u00e0 Villers-l\u00e8s-Nancy.<\/span><\/p>\n<p><span style=\"color: #000000;\"><strong>\u00a0<\/strong><\/span><span style=\"color: #000000;\"><span style=\"text-decoration: underline;\"><strong>Le\u00a0jeudi 19 d\u00e9cembre \u00e0 17h00 dans les salles paroissiales de Neuves-Maisons,<\/strong><\/span> rencontre pour l&rsquo;\u00e9tablissement du calendrier d&rsquo;animation des messes \u00e0 Neuves-Maisons, si vous souhaitez vous joindre aux \u00e9quipes liturgiques qui pr\u00e9parent les c\u00e9l\u00e9brations, vous \u00eates cordialement invit\u00e9s.<\/span><\/p>\n<p><span style=\"color: #000000;\"><span style=\"text-decoration: underline;\">Le bulletin des paroisses, <\/span><strong><span style=\"text-decoration: underline;\">la Passerelle<\/span> <\/strong>n\u00b037 est arriv\u00e9e, disponible au fond de l\u2019\u00e9glise<\/span><\/p>\n<p><span style=\"color: #000000;\"><strong>\u00a0<\/strong><\/span><span style=\"text-decoration: underline;\"><span style=\"color: #000000;\"><strong>Messes \u00e0 la Visitation<br \/><\/strong><\/span><\/span><span style=\"color: #000000;\">Samedi 30 novembre \u00e0 18h00\u00a0: Sexey<br \/><\/span><span style=\"color: #000000;\">Dimanche 01 d\u00e9cembre \u00e0 10h00 \u00e0 Xeuilley <\/span><span style=\"color: #000000;\">et \u00e0 10h30\u00a0: Neuves-Maisons, messe des familles<\/span><\/p>\n<p><span style=\"text-decoration: underline;\"><span style=\"color: #000000;\"><strong>Messes en semaine.<br \/><\/strong><\/span><\/span><span style=\"color: #000000;\">Jeudi\u00a0: adoration \u00e0 16h00 et messe \u00e0 16h30 \u00e0 la chapelle.<br \/><\/span><span style=\"color: #000000;\">Vendredi\u00a0: messe \u00e0 08h20 chez les s\u0153urs \u00e0 Bainville, 67 rue Jacques Callot.<\/span><\/p>\n","protected":false},"excerpt":{"rendered":"<p>\u00c9quipes du Rosaire\u00a0: comme chaque d\u00e9but de mois, les \u00e9quipes du secteur se r\u00e9unissent. Pour d\u00e9cembre, ce sera le lundi 02 \u00e0 14h30 et elles invitent toutes personnes int\u00e9ress\u00e9es \u00e0 les rejoindre. \u00a0Qu\u00eate charges paroissiales\u00a0: Le premier d\u00e9cembre, comme tous les premiers dimanches du mois, une qu\u00eate sera assur\u00e9e pour une participation aux charges paroissiales.&hellip; <br \/> <a class=\"read-more\" href=\"https:\/\/paroisses-nancy-sud.fr\/HOME\/annonces-de-la-visitation-du-24-novembre\/\">Lire la suite<\/a><\/p>\n","protected":false},"author":5,"featured_media":344,"comment_status":"closed","ping_status":"open","sticky":false,"template":"","format":"standard","meta":[],"categories":[10],"tags":[],"acf":[],"_links":{"self":[{"href":"https:\/\/paroisses-nancy-sud.fr\/HOME\/wp-json\/wp\/v2\/posts\/4295"}],"collection":[{"href":"https:\/\/paroisses-nancy-sud.fr\/HOME\/wp-json\/wp\/v2\/posts"}],"about":[{"href":"https:\/\/paroisses-nancy-sud.fr\/HOME\/wp-json\/wp\/v2\/types\/post"}],"author":[{"embeddable":true,"href":"https:\/\/paroisses-nancy-sud.fr\/HOME\/wp-json\/wp\/v2\/users\/5"}],"replies":[{"embeddable":true,"href":"https:\/\/paroisses-nancy-sud.fr\/HOME\/wp-json\/wp\/v2\/comments?post=4295"}],"version-history":[{"count":1,"href":"https:\/\/paroisses-nancy-sud.fr\/HOME\/wp-json\/wp\/v2\/posts\/4295\/revisions"}],"predecessor-version":[{"id":4296,"href":"https:\/\/paroisses-nancy-sud.fr\/HOME\/wp-json\/wp\/v2\/posts\/4295\/revisions\/4296"}],"wp:featuredmedia":[{"embeddable":true,"href":"https:\/\/paroisses-nancy-sud.fr\/HOME\/wp-json\/wp\/v2\/media\/344"}],"wp:attachment":[{"href":"https:\/\/paroisses-nancy-sud.fr\/HOME\/wp-json\/wp\/v2\/media?parent=4295"}],"wp:term":[{"taxonomy":"category","embeddable":true,"href":"https:\/\/paroisses-nancy-sud.fr\/HOME\/wp-json\/wp\/v2\/categories?post=4295"},{"taxonomy":"post_tag","embeddable":true,"href":"https:\/\/paroisses-nancy-sud.fr\/HOME\/wp-json\/wp\/v2\/tags?post=4295"}],"curies":[{"name":"wp","href":"https:\/\/api.w.org\/{rel}","templated":true}]}}