{"id":4313,"date":"2024-12-01T10:00:00","date_gmt":"2024-12-01T09:00:00","guid":{"rendered":"https:\/\/paroisses-nancy-sud.fr\/HOME\/?p=4313"},"modified":"2024-11-29T17:56:33","modified_gmt":"2024-11-29T16:56:33","slug":"preparez-vous-car-il-vient","status":"publish","type":"post","link":"https:\/\/paroisses-nancy-sud.fr\/HOME\/preparez-vous-car-il-vient\/","title":{"rendered":"Pr\u00e9parez vous car Il vient"},"content":{"rendered":"\n<p class=\"Standard\" style=\"margin-bottom: 5.65pt; text-align: justify;\"><span style=\"color: #000000;\"><b><span style=\"font-size: 16.0pt; font-family: Caladea;\">Pr\u00e9parez-vous, car Il vient<\/span><\/b><\/span><\/p>\n<p class=\"Standard\" style=\"margin-bottom: 5.65pt; text-align: justify;\"><span style=\"font-size: 16pt; font-family: Caladea; color: #000000;\">Fr\u00e8res et s\u0153urs, parmi tous les temps qui ponctuent notre ann\u00e9e liturgique, l&rsquo;Avent est probablement celui qui nous ram\u00e8ne le plus clairement aux racines juives de notre foi. L&rsquo;Avent est le temps de l&rsquo;attente, de l&rsquo;esp\u00e9rance, de la vigilance. Appuy\u00e9 sur la promesse que Dieu lui a faite, le peuple d&rsquo;Isra\u00ebl traverse les si\u00e8cles et les mill\u00e9naires, les yeux fix\u00e9s sur la venue du Messie de Dieu. Par sa seule existence, par sa fid\u00e9lit\u00e9 au Dieu Unique, Isra\u00ebl est le t\u00e9moin obstin\u00e9 que le Seigneur parle et agit dans l&rsquo;histoire humaine. \u00c0 ce titre, mesurons bien ce que cachent les discours de haine qui se multiplient \u00e0 l&rsquo;encontre de nos fr\u00e8res juifs\u00a0: rien de moins que le rejet d&rsquo;un Dieu ami des hommes, qui fait alliance avec les hommes et qui leur adresse des promesses. La complaisance avec ces discours est incompatible avec la foi chr\u00e9tienne.<\/span><\/p>\n<p class=\"Standard\" style=\"margin-bottom: 5.65pt; text-align: justify;\"><span style=\"font-size: 16pt; font-family: Caladea; color: #000000;\">Isra\u00ebl attend la venue du Messie de Dieu. L&rsquo;\u00c9glise attend son retour. Les uns comme les autres, nous vivons de la promesse qui nous a \u00e9t\u00e9 faite par Dieu qui est fid\u00e8le et qui ne ment pas. Elle est pour Isra\u00ebl, et elle est aussi pour nous, la parole du proph\u00e8te J\u00e9r\u00e9mie de ce dimanche\u00a0: <i>\u00ab\u00a0Voici venir des jours \u2013 oracle du Seigneur \u2013o\u00f9 j\u2019accomplirai la parole de bonheur que j\u2019ai adress\u00e9e \u00e0 la maison d\u2019Isra\u00ebl et \u00e0 la maison de Juda [\u2026] En ces jours-l\u00e0, Juda sera sauv\u00e9, J\u00e9rusalem habitera en s\u00e9curit\u00e9, et voici comment on la nommera : \u00ab Le-Seigneur-est-notre-justice.\u00a0\u00bb<\/i><\/span><\/p>\n<p class=\"Standard\" style=\"margin-bottom: 5.65pt; text-align: justify;\"><span style=\"font-size: 16pt; font-family: Caladea; color: #000000;\">Le temps de l&rsquo;Avent nous tourne vers le retour promis du Seigneur \u00e0 la fin des temps. <i>\u00ab\u00a0Que le Seigneur [&#8230;] affermisse vos c\u0153urs, les rendant irr\u00e9prochables en saintet\u00e9 devant Dieu notre P\u00e8re, lors de la venue de notre Seigneur J\u00e9sus avec tous les saints\u00a0\u00bb<\/i> nous disait saint Paul \u00e0 l&rsquo;instant. Car le Seigneur J\u00e9sus, Fils de Dieu et Fils de l&rsquo;homme, va venir. Nous le confessons chaque dimanche dans le credo, et m\u00eame chaque jour\u00a0: <i>\u00ab\u00a0Nous annon\u00e7ons ta mort, Seigneur J\u00e9sus. Nous c\u00e9l\u00e9brons ta r\u00e9surrection. Nous attendons ta venue dans la gloire&#8230; D\u00e9livre-nous de tout mal, Seigneur&#8230; nous qui attendons que se r\u00e9alise la bienheureuse esp\u00e9rance\u00a0: l&rsquo;av\u00e8nement de J\u00e9sus-Christ notre Sauveur.\u00a0\u00bb<\/i><\/span><\/p>\n<p class=\"Standard\" style=\"margin-bottom: 5.65pt; text-align: justify;\"><span style=\"font-size: 16pt; font-family: Caladea; color: #000000;\">\u00a0<\/span><span style=\"font-size: 16pt; font-family: Caladea; color: #000000;\">Le Fils de l&rsquo;homme va venir avec grande puissance et grande gloire, comme il l&rsquo;a promis. La question est la suivante\u00a0: serons-nous du c\u00f4t\u00e9 des <i>\u00ab\u00a0nations affol\u00e9es et d\u00e9sempar\u00e9es par le fracas de la mer et des flots\u00a0\u00bb<\/i> et des <i>\u00ab\u00a0hommes qui mourront de peur dans l&rsquo;attente de ce qui doit arriver au monde\u00a0\u00bb<\/i>, ou bien serons-nous de ceux qui se redresseront et rel\u00e8veront la t\u00eate, car la r\u00e9demption approche, de ceux qui diront <i>\u00ab\u00a0Fais-nous voir, Seigneur, ton amour, et donne-nous ton salut\u00a0\u00bb\u00a0<\/i>?<\/span><\/p>\n<p class=\"Standard\" style=\"margin-bottom: 5.65pt; text-align: justify;\"><span style=\"font-size: 16pt; font-family: Caladea; color: #000000;\">Pour nous, disciples de J\u00e9sus, son retour ne devrait pas \u00eatre une mauvaise nouvelle. Bien au contraire, comment ne pas se r\u00e9jouir de le voir enfin face \u00e0 face, d&rsquo;\u00eatre \u00ab\u00a0lib\u00e9r\u00e9s de tout p\u00e9ch\u00e9, \u00e0 l&rsquo;abri de toute \u00e9preuve\u00a0\u00bb, d&rsquo;\u00eatre pour toujours avec le Seigneur\u00a0?<\/span><\/p>\n<p class=\"Standard\" style=\"margin-bottom: 5.65pt; text-align: justify;\"><span style=\"font-size: 16pt; font-family: Caladea; color: #000000;\">Affolement ou confiance, peur ou louange\u00a0: ce qui d\u00e9terminera notre attitude lors du retour du Seigneur, ce sera la mani\u00e8re dont nous aurons employ\u00e9 le temps qui nous est d\u00e9volu.<\/span><\/p>\n<p class=\"Standard\" style=\"margin-bottom: 5.65pt; text-align: justify;\"><span style=\"font-size: 16pt; font-family: Caladea; color: #000000;\">\u00a0<\/span><span style=\"font-size: 16pt; font-family: Caladea; color: #000000;\">Vous l&rsquo;avez d\u00e9j\u00e0 entendu\u00a0: l&rsquo;esp\u00e9rance qui est la n\u00f4tre est diff\u00e9rente du simple espoir. L&rsquo;espoir concerne une issue favorable et relativement probable. L&rsquo;esp\u00e9rance, elle, est certaine\u00a0; elle est fond\u00e9e sur la parole de Dieu. Il reviendra dans la gloire, pour juger les vivants et les morts, aussi s\u00fbr qu&rsquo;il nous a dit un jour \u00e0 chacun\u00a0: \u00ab\u00a0Tu es mon fr\u00e8re, ma s\u0153ur, mon ami\u00a0\u00bb, aussi s\u00fbr qu&rsquo;il nous dit chaque fois que nous voulons l&rsquo;entendre\u00a0: \u00ab\u00a0Ceci est mon corps&#8230; ceci est mon sang&#8230; Je te pardonne tous tes p\u00e9ch\u00e9s&#8230;\u00a0\u00bb<\/span><\/p>\n<p class=\"Standard\" style=\"margin-bottom: 5.65pt; text-align: justify;\"><span style=\"font-size: 16pt; font-family: Caladea; color: #000000;\">L&rsquo;esp\u00e9rance est plus que l&rsquo;espoir. Elle est aussi plus que la simple attente. Si je dois attendre le bus, je ne peux que faire autre chose pour me divertir, pour passer le temps, tuer le temps en attendant que mon bus arrive. Quel dommage que tant de gens passent pourtant leur vie \u00e0 tuer le temps\u00a0!<\/span><\/p>\n<p class=\"Standard\" style=\"margin-bottom: 5.65pt; text-align: justify;\"><span style=\"font-size: 16pt; font-family: Caladea; color: #000000;\">Que l&rsquo;esp\u00e9rance qui est la n\u00f4tre nous am\u00e8ne au contraire \u00e0 une attitude d&rsquo;attente active, de vigilance, de pr\u00e9paration\u00a0; c&rsquo;est l\u00e0 l&rsquo;esprit du temps de l&rsquo;Avent\u00a0: se pr\u00e9parer \u00e0 la venue du Seigneur \u00e0 No\u00ebl, se pr\u00e9parer \u00e0 son retour \u00e0 la fin des temps.<\/span><\/p>\n<p class=\"Standard\" style=\"margin-bottom: 5.65pt; text-align: justify;\"><span style=\"font-size: 16pt; font-family: Caladea; color: #000000;\">Comment se pr\u00e9parer \u00e0 la venue du Seigneur\u00a0? Comme Isra\u00ebl\u00a0: en \u00e9coutant la parole de Dieu et en la mettant en pratique. <i>\u00ab\u00a0Seigneur, enseigne-moi tes voies, <\/i>chante le psalmiste,<i> fais-moi conna\u00eetre ta route. Dirige-moi par ta v\u00e9rit\u00e9, enseigne-moi, car tu es le Dieu qui me sauve.\u00a0\u00bb <\/i>Saint Paul ne parle pas diff\u00e9remment \u00e0 ses amis de Thessalonique\u00a0: <i>\u00ab\u00a0Vous avez appris de nous comment il faut vous conduire pour plaire \u00e0 Dieu\u00a0\u00bb<\/i> Et de m\u00eame pour le Seigneur J\u00e9sus\u00a0: <i>\u00ab\u00a0Tenez-vous sur vos gardes, de crainte que votre c\u0153ur ne s\u2019alourdisse dans les beuveries, l\u2019ivresse et les soucis de la vie.\u00a0\u00bb<\/i><\/span><\/p>\n<p class=\"Standard\" style=\"margin-bottom: 5.65pt; text-align: justify;\"><span style=\"font-size: 16pt; font-family: Caladea; color: #000000;\">Fr\u00e8res et s\u0153urs, ayons \u00e0 c\u0153ur de garder des temps gratuits pour Dieu, pour \u00e9couter dans le silence, pour regarder avec attention une ic\u00f4ne, une croix, une cr\u00e8che en pr\u00e9paration, pour scruter l&rsquo;\u00c9criture Sainte et mettre en pratique la parole que nous aurons re\u00e7ue de Dieu.<\/span><\/p>\n<p class=\"Standard\" style=\"margin-bottom: 5.65pt; text-align: justify;\"><span style=\"font-size: 16pt; font-family: Caladea; color: #000000;\">\u00a0<\/span><span style=\"font-size: 16pt; font-family: Caladea; color: #000000;\">Sur ce chemin de l&rsquo;Avent, chemin d&rsquo;attente active, de vigilance et de pr\u00e9paration, Marie, vierge d&rsquo;Isra\u00ebl, fille de Sion, est notre ma\u00eetresse et notre guide. Prions le rosaire, m\u00e9ditons avec Marie les myst\u00e8res de la vie de J\u00e9sus, et qu&rsquo;alors <i>\u00ab\u00a0le Seigneur <\/i>nous<i> donne, entre <\/i>nous<i> et \u00e0 l\u2019\u00e9gard de tous les hommes, un amour de plus en plus intense et d\u00e9bordant [\u2026], et qu\u2019ainsi il affermisse <\/i>nos<i> c\u0153urs, les rendant irr\u00e9prochables en saintet\u00e9 devant Dieu notre P\u00e8re, lors de la venue de notre Seigneur J\u00e9sus avec tous les saints. Amen.\u00a0\u00bb<\/i><\/span><\/p>\n<p style=\"text-align: right;\"><span style=\"color: #000000;\"><em>Alexandre-Marie Valder, pr\u00eatre<\/em><\/span><\/p>\n","protected":false},"excerpt":{"rendered":"<p>Pr\u00e9parez-vous, car Il vient Fr\u00e8res et s\u0153urs, parmi tous les temps qui ponctuent notre ann\u00e9e liturgique, l&rsquo;Avent est probablement celui qui nous ram\u00e8ne le plus clairement aux racines juives de notre foi. L&rsquo;Avent est le temps de l&rsquo;attente, de l&rsquo;esp\u00e9rance, de la vigilance. Appuy\u00e9 sur la promesse que Dieu lui a faite, le peuple d&rsquo;Isra\u00ebl&hellip; <br \/> <a class=\"read-more\" href=\"https:\/\/paroisses-nancy-sud.fr\/HOME\/preparez-vous-car-il-vient\/\">Lire la suite<\/a><\/p>\n","protected":false},"author":9,"featured_media":290,"comment_status":"closed","ping_status":"open","sticky":false,"template":"","format":"standard","meta":[],"categories":[9],"tags":[],"acf":[],"_links":{"self":[{"href":"https:\/\/paroisses-nancy-sud.fr\/HOME\/wp-json\/wp\/v2\/posts\/4313"}],"collection":[{"href":"https:\/\/paroisses-nancy-sud.fr\/HOME\/wp-json\/wp\/v2\/posts"}],"about":[{"href":"https:\/\/paroisses-nancy-sud.fr\/HOME\/wp-json\/wp\/v2\/types\/post"}],"author":[{"embeddable":true,"href":"https:\/\/paroisses-nancy-sud.fr\/HOME\/wp-json\/wp\/v2\/users\/9"}],"replies":[{"embeddable":true,"href":"https:\/\/paroisses-nancy-sud.fr\/HOME\/wp-json\/wp\/v2\/comments?post=4313"}],"version-history":[{"count":1,"href":"https:\/\/paroisses-nancy-sud.fr\/HOME\/wp-json\/wp\/v2\/posts\/4313\/revisions"}],"predecessor-version":[{"id":4314,"href":"https:\/\/paroisses-nancy-sud.fr\/HOME\/wp-json\/wp\/v2\/posts\/4313\/revisions\/4314"}],"wp:featuredmedia":[{"embeddable":true,"href":"https:\/\/paroisses-nancy-sud.fr\/HOME\/wp-json\/wp\/v2\/media\/290"}],"wp:attachment":[{"href":"https:\/\/paroisses-nancy-sud.fr\/HOME\/wp-json\/wp\/v2\/media?parent=4313"}],"wp:term":[{"taxonomy":"category","embeddable":true,"href":"https:\/\/paroisses-nancy-sud.fr\/HOME\/wp-json\/wp\/v2\/categories?post=4313"},{"taxonomy":"post_tag","embeddable":true,"href":"https:\/\/paroisses-nancy-sud.fr\/HOME\/wp-json\/wp\/v2\/tags?post=4313"}],"curies":[{"name":"wp","href":"https:\/\/api.w.org\/{rel}","templated":true}]}}