{"id":4407,"date":"2025-01-05T17:45:04","date_gmt":"2025-01-05T16:45:04","guid":{"rendered":"https:\/\/paroisses-nancy-sud.fr\/HOME\/?p=4407"},"modified":"2025-01-05T17:45:04","modified_gmt":"2025-01-05T16:45:04","slug":"associes-au-meme-heritage-au-meme-corps-au-partage-de-la-meme-promesse","status":"publish","type":"post","link":"https:\/\/paroisses-nancy-sud.fr\/HOME\/associes-au-meme-heritage-au-meme-corps-au-partage-de-la-meme-promesse\/","title":{"rendered":"<strong>Associ\u00e9s au m\u00eame h\u00e9ritage, au m\u00eame corps, au partage de la m\u00eame promesse<\/strong>"},"content":{"rendered":"\n<p class=\"Textbody\" style=\"margin-bottom: 5.65pt; text-align: justify;\"><span style=\"color: #000000;\"><b><span style=\"font-size: 16.0pt; font-family: Caladea;\">Associ\u00e9s au m\u00eame h\u00e9ritage, au m\u00eame corps, au partage de la m\u00eame promesse<\/span><\/b><\/span><\/p>\n<p class=\"Standard\" style=\"margin-bottom: 5.65pt; text-align: justify;\"><span style=\"font-size: 16pt; font-family: Caladea; color: #000000;\">\u00ab\u00a0Fr\u00e8res, vous avez appris, je pense, en quoi consiste la gr\u00e2ce que Dieu m&rsquo;a donn\u00e9e pour vous\u00a0\u00bb, commence saint Paul dans la lecture d&rsquo;aujourd&rsquo;hui. Les destinataires de la lettre aux \u00c9ph\u00e9siens sont tous des Grecs convertis au Christ, des hommes et des femmes issus des nations pa\u00efennes, des non-juifs, \u00e9trangers \u00e0 l&rsquo;alliance que Dieu a conclue avec le petit peuple d&rsquo;Isra\u00ebl. Paul, comme souvent, revient sur la Bonne Nouvelle\u00a0: en J\u00e9sus-Christ, tous les humains, qu&rsquo;ils soient d&rsquo;ascendance juive ou non, ont acc\u00e8s \u00e0 l&rsquo;alliance par le minist\u00e8re des serviteurs de l&rsquo;\u00c9vangile.<\/span><\/p>\n<p class=\"Standard\" style=\"margin-bottom: 5.65pt; text-align: justify;\"><span style=\"color: #000000;\"><span style=\"font-size: 16.0pt; font-family: Caladea;\">\u00a0<\/span><span style=\"font-size: 16.0pt; font-family: Caladea;\">Parcourons ensemble une galerie de portraits \u00e0 travers l&rsquo;Ancien et le Nouveau Testaments. Certains vous sont familiers, d&rsquo;autres peut-\u00eatre moins.<\/span><\/span><\/p>\n<p class=\"Standard\" style=\"margin-bottom: 5.65pt; text-align: justify;\"><span style=\"font-size: 16pt; font-family: Caladea; color: #000000;\">Ruth n&rsquo;\u00e9tait pas Isra\u00e9lite, mais Moabite. Apr\u00e8s la mort de son \u00e9poux, elle s&rsquo;est attach\u00e9e \u00e0 sa belle-m\u00e8re juive No\u00e9mi\u00a0: \u00ab\u00a0O\u00f9 tu iras, j\u2019irai, disait-elle, des si\u00e8cles avant Sheila. O\u00f9 tu t\u2019arr\u00eateras, je m\u2019arr\u00eaterai ; ton peuple sera mon peuple, et ton Dieu sera mon Dieu.\u00a0\u00bb (Rt\u00a01,16) Nous connaissons la suite\u00a0: en \u00e9pousant Booz, Ruth entra dans l&rsquo;alliance et devint l&rsquo;arri\u00e8re-grand-m\u00e8re du roi David.<\/span><\/p>\n<p class=\"Standard\" style=\"margin-bottom: 5.65pt; text-align: justify;\"><span style=\"font-size: 16pt; font-family: Caladea; color: #000000;\">Naaman \u00e9tait un g\u00e9n\u00e9ral aram\u00e9en atteint de la l\u00e8pre. Sur les conseils d&rsquo;une jeune fille juive, il se rendit aupr\u00e8s du proph\u00e8te \u00c9lis\u00e9e et lui demanda de prier pour lui. \u00c9lis\u00e9e lui ordonna de se baigner dans le Jourdain, Naaman fut purifi\u00e9 de sa l\u00e8pre et il crut au Dieu d&rsquo;Isra\u00ebl (2R\u00a05,17).<\/span><\/p>\n<p class=\"Standard\" style=\"margin-bottom: 5.65pt; text-align: justify;\"><span style=\"font-size: 16pt; font-family: Caladea; color: #000000;\">Akhior \u00e9tait le chef du peuple ammonite, alli\u00e9 au g\u00e9n\u00e9ral Holopherne. Il avertit celui-ci du danger de combattre le peuple d&rsquo;Isra\u00ebl, prot\u00e9g\u00e9 par Dieu. Par la main de Judith, Dieu d\u00e9livra effectivement son peuple de la menace d&rsquo;Holopherne. Ce que voyant, Akhior l&rsquo;Ammonite crut en Dieu, re\u00e7ut la circoncision et entra dans l&rsquo;alliance (Jdt\u00a014,10).<\/span><\/p>\n<p class=\"Standard\" style=\"margin-bottom: 5.65pt; text-align: justify;\"><span style=\"font-size: 16pt; font-family: Caladea; color: #000000;\">Le Seigneur J\u00e9sus fit plusieurs rencontres avec des hommes et des femmes issus des nations pa\u00efennes. Pensons \u00e0 cette Syroph\u00e9nicienne venue prier pour sa fille poss\u00e9d\u00e9e par un d\u00e9mon\u00a0: \u00ab\u00a0Seigneur, les petits chiens, sous la table, mangent bien les miettes des petits enfants\u00a0!\u00a0\u00bb dit-elle, et J\u00e9sus r\u00e9pondit\u00a0: \u00ab\u00a0\u00c0 cause de cette parole, va : le d\u00e9mon est sorti de ta fille.\u00a0\u00bb (Mc\u00a07,29)<\/span><\/p>\n<p class=\"Standard\" style=\"margin-bottom: 5.65pt; text-align: justify;\"><span style=\"font-size: 16pt; font-family: Caladea; color: #000000;\">Pensons aussi \u00e0 ce centurion de Capharna\u00fcm qui demandait humblement la gu\u00e9rison de son serviteur\u00a0: \u00ab\u00a0Seigneur, je ne suis pas digne que tu entres sous mon toit, mais dis seulement une parole et mon serviteur sera gu\u00e9ri.\u00a0\u00bb Entendant cela, J\u00e9sus fut dans l&rsquo;admiration\u00a0: \u00ab\u00a0Amen, je vous le d\u00e9clare, chez personne en Isra\u00ebl, je n\u2019ai trouv\u00e9 une telle foi.\u00a0\u00bb (Mt\u00a08,8-10)<\/span><\/p>\n<p class=\"Standard\" style=\"margin-bottom: 5.65pt; text-align: justify;\"><span style=\"font-size: 16pt; font-family: Caladea; color: #000000;\">Achevons ce parcours avec l&rsquo;eunuque \u00e9thiopien qui interrogea le diacre Philippe sur la route de Gaza et re\u00e7ut le bapt\u00eame (Ac\u00a08,27-38), et aussi avec le centurion Corneille, qui envoya chercher Pierre afin qu&rsquo;il lui parle de J\u00e9sus et le baptise (Ac\u00a010).<\/span><\/p>\n<p class=\"Standard\" style=\"margin-bottom: 5.65pt; text-align: justify;\"><span style=\"font-size: 16pt; font-family: Caladea; color: #000000;\">Comme les mages aujourd&rsquo;hui, des hommes et des femmes \u00e9trangers \u00e0 l&rsquo;alliance par leur naissance, y sont associ\u00e9s par la gr\u00e2ce de Dieu. Il suffit pour cela devenir puiser \u00e0 la source de l&rsquo;alliance que Dieu a conclue avec Abraham et sa descendance, car \u00ab\u00a0le salut vient des juifs\u00a0\u00bb, comme l&rsquo;a dit J\u00e9sus \u00e0 la Samaritaine (Jn\u00a04,22).<\/span><\/p>\n<p class=\"Standard\" style=\"margin-bottom: 5.65pt; text-align: justify;\"><span style=\"color: #000000;\"><span style=\"font-size: 16.0pt; font-family: Caladea;\">\u00a0<\/span><span style=\"font-size: 16.0pt; font-family: Caladea;\">\u00c9ph\u00e8se \u00e9tait un haut lieu de la religion grecque, l\u00e0 o\u00f9 se dressait le temple d&rsquo;Art\u00e9mis, l&rsquo;une des sept merveilles du monde antique. Mais Art\u00e9mis n&rsquo;a jamais men\u00e9 aucun homme au Ciel, c&rsquo;est pourquoi Paul ne craignait pas d&rsquo;\u00e9crire aux chr\u00e9tiens d&rsquo;\u00c9ph\u00e8se: \u00ab\u00a0En ce temps-l\u00e0 vous n\u2019aviez pas le Christ, vous n\u2019aviez pas droit de cit\u00e9 avec Isra\u00ebl, vous \u00e9tiez \u00e9trangers aux alliances et \u00e0 la promesse, vous n\u2019aviez pas d\u2019esp\u00e9rance et, dans le monde, vous \u00e9tiez sans Dieu.\u00a0\u00bb (Ep\u00a02,12)<\/span><\/span><\/p>\n<p class=\"Standard\" style=\"margin-bottom: 5.65pt; text-align: justify;\"><span style=\"font-size: 16pt; font-family: Caladea; color: #000000;\">Mais pr\u00e9cis\u00e9ment, tout a chang\u00e9 d\u00e9sormais\u00a0: \u00ab\u00a0Toutes les nations sont associ\u00e9es au m\u00eame h\u00e9ritage, au m\u00eame corps, au partage de la m\u00eame promesse, dans le Christ J\u00e9sus, par l&rsquo;annonce de l&rsquo;Evangile.\u00a0\u00bb<\/span><\/p>\n<p class=\"Standard\" style=\"margin-bottom: 5.65pt; text-align: justify;\"><span style=\"font-size: 16pt; font-family: Caladea; color: #000000;\">Fr\u00e8res et s\u0153urs, nous sommes les \u00c9ph\u00e9siens. Nous sommes Ruth, Naaman et Akhior, la Syroph\u00e9nicienne et le centurion romain de Capharna\u00fcm, l&rsquo;eunuque \u00e9thiopien et le centurion Corneille. Nous sommes les mages venus d&rsquo;Orient pour adorer le roi des Juifs et avoir, par lui, avec lui et en lui, acc\u00e8s au Dieu Unique. Nous sommes \u00ab\u00a0associ\u00e9s au m\u00eame h\u00e9ritage, au m\u00eame corps, au partage de la m\u00eame promesse\u00a0\u00bb faite \u00e0 Isra\u00ebl.<\/span><\/p>\n<p class=\"Standard\" style=\"margin-bottom: 5.65pt; text-align: justify;\"><span style=\"font-size: 16pt; font-family: Caladea; color: #000000;\">Nous sommes associ\u00e9s \u00ab\u00a0au m\u00eame h\u00e9ritage\u00a0\u00bb. L&rsquo;histoire sainte d&rsquo;Isra\u00ebl est devenue notre histoire. Les Ecritures Saintes sont notre terre nourrici\u00e8re. Abraham, Isaac, Jacob, Mo\u00efse, Ruth, David, Judith, Joseph, Marie et les autres sont nos anc\u00eatres. Le Messie d&rsquo;Isra\u00ebl est aussi le n\u00f4tre. L&rsquo;histoire de l&rsquo;alliance se poursuit avec nous.<\/span><\/p>\n<p class=\"Standard\" style=\"margin-bottom: 5.65pt; text-align: justify;\"><span style=\"font-size: 16pt; font-family: Caladea; color: #000000;\">Nous sommes associ\u00e9s \u00ab\u00a0au m\u00eame corps\u00a0\u00bb. Nous ne sommes plus \u00ab\u00a0des \u00e9trangers, ni des gens de passage\u00a0\u00bb, nous sommes \u00ab\u00a0concitoyens des saints, membres de la famille de Dieu\u00a0\u00bb (Ep\u00a02,19), membres du corps du Christ. Greff\u00e9s sur le Christ, nous avons part \u00e0 sa vie. Nous \u00e9tions des morts mais Dieu qui est \u00ab\u00a0riche en mis\u00e9ricorde, \u00e0 cause du grand amour dont il nous a aim\u00e9s&#8230; nous a donn\u00e9 la vie avec le Christ.\u00a0\u00bb (Ep\u00a02,4-5)<\/span><\/p>\n<p class=\"Standard\" style=\"margin-bottom: 5.65pt; text-align: justify;\"><span style=\"font-size: 16pt; font-family: Caladea; color: #000000;\">Nous sommes associ\u00e9s \u00ab\u00a0au partage de la m\u00eame promesse\u00a0\u00bb faite par Dieu \u00e0 ses amis\u00a0: \u00ab\u00a0Ne crains pas, car je suis avec toi.\u00a0\u00bb (Is\u00a043,5). La lumi\u00e8re du Christ s&rsquo;est lev\u00e9e sur J\u00e9rusalem et, comme les mages, nous marchons vers elle. Chacun de nos vies est une t\u00e2che\u00a0: conna\u00eetre, aimer et suivre le Christ qui nous conduit au P\u00e8re.<\/span><\/p>\n<p class=\"Standard\" style=\"margin-bottom: 5.65pt; text-align: justify;\"><span style=\"color: #000000;\"><span style=\"font-size: 16.0pt; font-family: Caladea;\">\u00a0<\/span><span style=\"font-size: 16.0pt; font-family: Caladea;\">Gr\u00e2ce \u00e0 lui, notre vie a d\u00e9sormais une orientation, un sens, un but. Nous pouvons avancer car \u00ab\u00a0nous avons l\u2019esp\u00e9rance de la vie \u00e9ternelle, promise depuis toujours par Dieu qui ne ment pas.\u00a0\u00bb (Tt\u00a01,2) Nous <i>avons<\/i> l&rsquo;esp\u00e9rance, nous en vivons d\u00e9j\u00e0 au pr\u00e9sent, nous sommes d\u00e8s aujourd&rsquo;hui en communion avec Dieu, l&rsquo;unique, qui s&rsquo;est rendu visible, tangible, accessible en J\u00e9sus notre Seigneur, \u00e0 lui la gloire pour les si\u00e8cles des si\u00e8cles. Amen.<\/span><\/span><\/p>\n<p style=\"text-align: right;\"><em><span style=\"color: #000000;\">P\u00e8re Alexandre-Marie Valder<\/span><\/em><\/p>\n","protected":false},"excerpt":{"rendered":"<p>Associ\u00e9s au m\u00eame h\u00e9ritage, au m\u00eame corps, au partage de la m\u00eame promesse \u00ab\u00a0Fr\u00e8res, vous avez appris, je pense, en quoi consiste la gr\u00e2ce que Dieu m&rsquo;a donn\u00e9e pour vous\u00a0\u00bb, commence saint Paul dans la lecture d&rsquo;aujourd&rsquo;hui. Les destinataires de la lettre aux \u00c9ph\u00e9siens sont tous des Grecs convertis au Christ, des hommes et des&hellip; <br \/> <a class=\"read-more\" href=\"https:\/\/paroisses-nancy-sud.fr\/HOME\/associes-au-meme-heritage-au-meme-corps-au-partage-de-la-meme-promesse\/\">Lire la suite<\/a><\/p>\n","protected":false},"author":9,"featured_media":290,"comment_status":"closed","ping_status":"open","sticky":false,"template":"","format":"standard","meta":[],"categories":[9],"tags":[],"acf":[],"_links":{"self":[{"href":"https:\/\/paroisses-nancy-sud.fr\/HOME\/wp-json\/wp\/v2\/posts\/4407"}],"collection":[{"href":"https:\/\/paroisses-nancy-sud.fr\/HOME\/wp-json\/wp\/v2\/posts"}],"about":[{"href":"https:\/\/paroisses-nancy-sud.fr\/HOME\/wp-json\/wp\/v2\/types\/post"}],"author":[{"embeddable":true,"href":"https:\/\/paroisses-nancy-sud.fr\/HOME\/wp-json\/wp\/v2\/users\/9"}],"replies":[{"embeddable":true,"href":"https:\/\/paroisses-nancy-sud.fr\/HOME\/wp-json\/wp\/v2\/comments?post=4407"}],"version-history":[{"count":1,"href":"https:\/\/paroisses-nancy-sud.fr\/HOME\/wp-json\/wp\/v2\/posts\/4407\/revisions"}],"predecessor-version":[{"id":4408,"href":"https:\/\/paroisses-nancy-sud.fr\/HOME\/wp-json\/wp\/v2\/posts\/4407\/revisions\/4408"}],"wp:featuredmedia":[{"embeddable":true,"href":"https:\/\/paroisses-nancy-sud.fr\/HOME\/wp-json\/wp\/v2\/media\/290"}],"wp:attachment":[{"href":"https:\/\/paroisses-nancy-sud.fr\/HOME\/wp-json\/wp\/v2\/media?parent=4407"}],"wp:term":[{"taxonomy":"category","embeddable":true,"href":"https:\/\/paroisses-nancy-sud.fr\/HOME\/wp-json\/wp\/v2\/categories?post=4407"},{"taxonomy":"post_tag","embeddable":true,"href":"https:\/\/paroisses-nancy-sud.fr\/HOME\/wp-json\/wp\/v2\/tags?post=4407"}],"curies":[{"name":"wp","href":"https:\/\/api.w.org\/{rel}","templated":true}]}}