{"id":4410,"date":"2025-01-10T12:11:32","date_gmt":"2025-01-10T11:11:32","guid":{"rendered":"https:\/\/paroisses-nancy-sud.fr\/HOME\/?p=4410"},"modified":"2025-01-10T12:11:32","modified_gmt":"2025-01-10T11:11:32","slug":"annonces-de-la-visitation-du-12-janvier","status":"publish","type":"post","link":"https:\/\/paroisses-nancy-sud.fr\/HOME\/annonces-de-la-visitation-du-12-janvier\/","title":{"rendered":"Annonces de la Visitation du 12 janvier"},"content":{"rendered":"\n<p><span style=\"color: #000000;\"><strong><span style=\"text-decoration: underline;\">Jeudi 16 janvier de 14h00 \u00e0 15 h00 :<\/span><\/strong><\/span><br \/><span style=\"color: #000000;\">Dans les salles paroissiales de Neuves-Maisons, poursuite de nos rencontres anim\u00e9es par Mr Patrice Kelche sur le th\u00e8me \u00ab Foi, Esp\u00e9rance et Charit\u00e9 \u00bb\u00a0<\/span><br \/><span style=\"color: #000000;\">* Fin 2024, le Jubil\u00e9 a \u00e9t\u00e9 proclam\u00e9 par le pape Fran\u00e7ois avec comme th\u00e8me principal, \u201cLes p\u00e8lerins d&rsquo;esp\u00e9rance\u201d. Cette th\u00e9matique met l&rsquo;accent sur l&rsquo;esp\u00e9rance comme moteur de la foi. Le pape souhaite que cet \u00e9v\u00e8nement soit un moment d&rsquo;introspection spirituelle et un temps pour des actes de charit\u00e9 envers les plus d\u00e9munis.<\/span><\/p>\n<p><span style=\"color: #000000;\"><strong><span style=\"text-decoration: underline;\">Rendez-vous \u00e0 20h30 le vendredi 17 janvier, \u00e0 la Maison des soci\u00e9t\u00e9s<\/span>, 32 avenue des Etats-Unis, \u00e0 Pont-\u00e0-Mousson<\/strong>. <\/span><br \/><span style=\"color: #000000;\">Lors d\u2019une soir\u00e9e t\u00e9moignage, Mgr Jean-Pierre Cattenoz, archev\u00eaque \u00e9m\u00e9rite du dioc\u00e8se d\u2019Avignon, pr\u00e9sentera son livre, Pour moi, vivre c\u2019est le Christ aux \u00e9ditions Parole et Silence, qui retrace son parcours et ses d\u00e9couvertes d\u2019homme de foi et d\u2019\u00c9glise.<\/span><\/p>\n<p><span style=\"color: #000000;\"><strong><span style=\"text-decoration: underline;\">L\u2019Assembl\u00e9e dioc\u00e9saine 2025 des mouvements et associations de fid\u00e8les<\/span><\/strong> aura lieu\u00a0le samedi 18 janvier, de 14h \u00e0 17h, \u00e0 la Maison dioc\u00e9saine, au domaine de l\u2019Asn\u00e9e, en salle Rome. Elle sera pr\u00e9sid\u00e9e par notre \u00e9v\u00eaque, Monseigneur Pierre-Yves Michel.<\/span><br \/><span style=\"color: #000000;\">Cette rencontre sera centr\u00e9e autour d\u2019un th\u00e8me abord\u00e9 dans la lettre pastorale de notre \u00e9v\u00eaque, vers plus de fraternit\u00e9 : les cinq essentiels de toute communaut\u00e9 chr\u00e9tienne (la pri\u00e8re, la fraternit\u00e9, la formation, le service et l\u2019\u00e9vang\u00e9lisation).<\/span><\/p>\n<p><span style=\"color: #000000;\"><strong><span style=\"text-decoration: underline;\">Lundi 20 janvier, de 14h00 \u00e0 16h00, rencontres des groupes de lecture suivie<\/span> <\/strong>\u00ab P\u00e8lerins des \u00c9critures \u00bb simultan\u00e9ment \u00e0 Bainville, chez S\u0153ur Marie-Fran\u00e7ois\u00a0et Neuves-Maisons, dans les salles paroissiales, selon les d\u00e9placements de chacun.<\/span><\/p>\n<p><span style=\"color: #000000;\"><span style=\"text-decoration: underline;\"><strong>Messes \u00e0 la Visitation<\/strong><br \/><\/span>Samedi 18 janvier \u00e0 18h00 : M\u00e9r\u00e9ville<\/span><br \/><span style=\"color: #000000;\">Dimanche 19 janvier \u00e0 10h : Frolois et \u00e0 10h30 : Neuves Maisons, f\u00eate de la St Vincent<\/span><\/p>\n<p><span style=\"color: #000000;\"><span style=\"text-decoration: underline;\"><strong>Messes en semaine.<\/strong><br \/><\/span>Jeudi : adoration \u00e0 16h00 et messe \u00e0 16h30 \u00e0 la chapelle.<\/span><br \/><span style=\"color: #000000;\">Vendredi : messe \u00e0 08h20 chez les s\u0153urs \u00e0 Bainville, 67 rue Jacques Callot.<\/span><\/p>\n<p><span style=\"color: #000000;\"><strong><u>Permanences \u00e0 la maison paroissiale :<\/u><\/strong> <\/span><br \/><span style=\"color: #000000;\">Mardi de 14h \u00e0 16h30 et Samedi de 9h30 \u00e0 11h30<\/span><br \/><span style=\"color: #000000;\">tel : 03 83 47 25 54 \u2013 <em><strong>adresse mail<\/strong><\/em><strong> : <\/strong><a style=\"color: #000000;\" href=\"mailto:visitationmm@orange.fr\">visitationmm@orange.fr<\/a>\u00a0 <\/span><br \/><span style=\"color: #000000;\">Horaires des messes :\u00a0 <a style=\"color: #000000;\" href=\"https:\/\/messes.info\/\">messesinfo<\/a><em> (cliquer sur le lien)<\/em><\/span><\/p>\n","protected":false},"excerpt":{"rendered":"<p>Jeudi 16 janvier de 14h00 \u00e0 15 h00 :Dans les salles paroissiales de Neuves-Maisons, poursuite de nos rencontres anim\u00e9es par Mr Patrice Kelche sur le th\u00e8me \u00ab Foi, Esp\u00e9rance et Charit\u00e9 \u00bb\u00a0* Fin 2024, le Jubil\u00e9 a \u00e9t\u00e9 proclam\u00e9 par le pape Fran\u00e7ois avec comme th\u00e8me principal, \u201cLes p\u00e8lerins d&rsquo;esp\u00e9rance\u201d. Cette th\u00e9matique met l&rsquo;accent sur&hellip; <br \/> <a class=\"read-more\" href=\"https:\/\/paroisses-nancy-sud.fr\/HOME\/annonces-de-la-visitation-du-12-janvier\/\">Lire la suite<\/a><\/p>\n","protected":false},"author":5,"featured_media":471,"comment_status":"closed","ping_status":"open","sticky":false,"template":"","format":"standard","meta":[],"categories":[10],"tags":[],"acf":[],"_links":{"self":[{"href":"https:\/\/paroisses-nancy-sud.fr\/HOME\/wp-json\/wp\/v2\/posts\/4410"}],"collection":[{"href":"https:\/\/paroisses-nancy-sud.fr\/HOME\/wp-json\/wp\/v2\/posts"}],"about":[{"href":"https:\/\/paroisses-nancy-sud.fr\/HOME\/wp-json\/wp\/v2\/types\/post"}],"author":[{"embeddable":true,"href":"https:\/\/paroisses-nancy-sud.fr\/HOME\/wp-json\/wp\/v2\/users\/5"}],"replies":[{"embeddable":true,"href":"https:\/\/paroisses-nancy-sud.fr\/HOME\/wp-json\/wp\/v2\/comments?post=4410"}],"version-history":[{"count":1,"href":"https:\/\/paroisses-nancy-sud.fr\/HOME\/wp-json\/wp\/v2\/posts\/4410\/revisions"}],"predecessor-version":[{"id":4411,"href":"https:\/\/paroisses-nancy-sud.fr\/HOME\/wp-json\/wp\/v2\/posts\/4410\/revisions\/4411"}],"wp:featuredmedia":[{"embeddable":true,"href":"https:\/\/paroisses-nancy-sud.fr\/HOME\/wp-json\/wp\/v2\/media\/471"}],"wp:attachment":[{"href":"https:\/\/paroisses-nancy-sud.fr\/HOME\/wp-json\/wp\/v2\/media?parent=4410"}],"wp:term":[{"taxonomy":"category","embeddable":true,"href":"https:\/\/paroisses-nancy-sud.fr\/HOME\/wp-json\/wp\/v2\/categories?post=4410"},{"taxonomy":"post_tag","embeddable":true,"href":"https:\/\/paroisses-nancy-sud.fr\/HOME\/wp-json\/wp\/v2\/tags?post=4410"}],"curies":[{"name":"wp","href":"https:\/\/api.w.org\/{rel}","templated":true}]}}