{"id":4412,"date":"2025-01-10T17:52:47","date_gmt":"2025-01-10T16:52:47","guid":{"rendered":"https:\/\/paroisses-nancy-sud.fr\/HOME\/?p=4412"},"modified":"2025-01-10T17:52:47","modified_gmt":"2025-01-10T16:52:47","slug":"annonces-de-saint-francois-de-sales-et-sainte-jeanne-de-chantal-du-12-janvier","status":"publish","type":"post","link":"https:\/\/paroisses-nancy-sud.fr\/HOME\/annonces-de-saint-francois-de-sales-et-sainte-jeanne-de-chantal-du-12-janvier\/","title":{"rendered":"Annonces de Saint-Fran\u00e7ois-de-Sales et Sainte-Jeanne-de-Chantal du 12 janvier"},"content":{"rendered":"\n<p><span style=\"color: #000000;\"><span style=\"text-decoration: underline;\"><strong>Messe des familles, accueil bapt\u00eame, lumi\u00e8re de la Paix de Bethl\u00e9em<br \/><\/strong><\/span><strong>Ce dimanche 12 janvier, \u00e0 Jarville \u00e0 10h30, les familles et les enfants des groupes de cat\u00e9 et celles qui ont demand\u00e9 le bapt\u00eame de leur enfant<\/strong> sont sp\u00e9cialement invit\u00e9s \u00e0 cette messe. <strong>Les scouts<\/strong> de Jarville-Ludres apporteront et distribueront la lumi\u00e8re de Bethl\u00e9em aux paroissiens. Elle a \u00e9t\u00e9 allum\u00e9e \u00e0 la grotte de la Nativit\u00e9 \u00e0 Bethl\u00e9em, rapport\u00e9e \u00e0 Vienne, en Autriche et transmise partout en Europe pendant la p\u00e9riode de l\u2019Avent et jusqu\u2019au 2 f\u00e9vrier 2025.<\/span><\/p>\n<p><span style=\"color: #000000;\"><span style=\"text-decoration: underline;\"><strong>Table ouverte du 2<sup>\u00e8me<\/sup> dimanche du mois.<br \/><\/strong><\/span><strong>Ce dimanche 12 janvier, \u00e0 Jarville, apr\u00e8s la messe, table ouverte partag\u00e9e avec les scouts. <\/strong>Chacun apporte un plat sal\u00e9 ou sucr\u00e9, sa bonne humeur\u00a0! N\u2019h\u00e9sitez pas \u00e0 le proposer\u00a0!<\/span><\/p>\n<p><span style=\"color: #000000;\"><span style=\"text-decoration: underline;\"><strong>Parcours Alpha<br \/><\/strong><\/span><strong>Le mardi 14 janvier 2025 \u00e0 Jarville de 19h30 \u00e0 22h<\/strong> dans les salles \u00e0 droite de l\u2019\u00e9glise, <strong>vous \u00eates invit\u00e9s \u00e0 une rencontre sur le th\u00e8me\u00a0: \u2018Qui est J\u00e9sus ?\u2019\u2019. <\/strong>La rencontre d\u00e9bute par un moment convivial autour d\u2019un repas, suivi d\u2019un bref expos\u00e9 puis d\u2019un temps d\u2019\u00e9change. <strong>Ce parcours est ouvert \u00e0 tous.<\/strong> Chacun est accueilli de mani\u00e8re d\u00e9contract\u00e9e pour \u00e9changer en petits groupes, <strong>d\u00e9couvrir ou red\u00e9couvrir la foi chr\u00e9tienne<\/strong>. Ensuite plusieurs rencontres sont pr\u00e9vues. Contacter Odile Bonmati.<\/span><\/p>\n<p><span style=\"color: #000000;\"><strong><span style=\"text-decoration: underline;\">Rencontres du MCR (Mouvement Chr\u00e9tien des Retrait\u00e9s)<\/span><br \/><\/strong><strong>Mardi 14 janvier<\/strong>, rencontre du groupe de Jarville, salles paroissiales \u00e0 14h30.<\/span><\/p>\n<p><span style=\"color: #000000;\"><span style=\"text-decoration: underline;\"><strong>Rencontre des EAP (Equipe d\u2019Animation Pastorale)<br \/><\/strong><\/span><strong>L\u2019EAP de Saint-Fran\u00e7ois-de-Sales se rencontre le mercredi 15 janvier <\/strong>\u00e0 20h \u00e0 Jarville<strong> et l\u2019EAP de Sainte-Jeanne-de-Chantal le mercredi 22 janvier <\/strong>\u00e0 20h \u00e0 Ludres<strong>. <\/strong><\/span><\/p>\n<p><span style=\"color: #000000;\"><span style=\"text-decoration: underline;\"><strong>Repas paroissial annuel<br \/><\/strong><\/span><strong>Le dimanche 19 janvier<\/strong>, nos deux paroisses se retrouvent pour le repas annuel, \u00e0 la Maison du Temps Libre \u00e0 Heillecourt. <strong>Derniers jours pour s\u2019inscrire ! <\/strong><\/span><\/p>\n<p><span style=\"color: #000000;\"><span style=\"text-decoration: underline;\"><strong>Pr\u00e9paration au mariage<br \/><\/strong><\/span>Les futurs mari\u00e9s sont invit\u00e9s \u00e0 la journ\u00e9e dioc\u00e9saine qui leur est sp\u00e9cialement propos\u00e9e, <strong>le 25 janvier, <\/strong>\u00e0 l\u2019\u00e9glise et \u00e0 l\u2019ensemble scolaire <strong>Saint L\u00e9on\u00a0de Nancy<\/strong> : t\u00e9moignages de couples, partage en petits groupes, Mgr Michel et un couple r\u00e9pondront aux questions, temps autour de la Parole de Dieu et b\u00e9n\u00e9diction de chaque couple par Mgr Michel.<\/span><\/p>\n<p><span style=\"color: #000000;\"><span style=\"text-decoration: underline;\"><strong>Rencontre des jeunes AJC\u00a0: de la 4<sup>\u00e8me<\/sup> aux classes lyc\u00e9e<br \/><\/strong><\/span>Notre prochaine rencontre est pr\u00e9vue le <strong>vendredi 17 janvier \u00e0 Ludres \u00e0 19h.<\/strong> Il y aura un temps d\u2019adoration d\u00e8s 18h pour ceux qui le souhaitent, suivi de la messe \u00e0 19h. Nous poursuivrons par le repas puis un temps de partage. Nous ferons un P\u00e8re No\u00ebl secret. Chacun apporte un petit cadeau de quelques euros qui aide \u00e0 grandir dans la foi. Un tirage au sort permettra de les offrir \u00e0 une autre personne pr\u00e9sente le 17.<\/span><br \/><span style=\"color: #000000;\">Ne pas oublier le temps fort,<strong> pr\u00e9vu au monast\u00e8re d\u2019Orbey les 25-26 janvier <\/strong>sur\u00a0\u00ab\u00a0<em>Nous avons l\u2019esp\u00e9rance de la vie \u00e9ternelle<\/em>\u00bb (lettre de saint Paul \u00e0 Tite 1,2). Contacter vite le P. Alexandre-Marie.<\/span><\/p>\n<p><span style=\"color: #000000;\"><strong><span style=\"text-decoration: underline;\">Horaires des messes dominicales des 18 et 19 janvier 2025.<\/span><br \/><\/strong><strong>Samedi 18 janvier\u00a0: 18h <\/strong>Heillecourt, Laneuveville,\u00a0M\u00e9r\u00e9ville<\/span><br \/><span style=\"color: #000000;\"><strong>Dimanche 19 janvier : 10h <\/strong>Frolois <strong>10 h30 <\/strong>Jarville, Neuves-Maisons\u00a0\u00a0\u00a0\u00a0\u00a0\u00a0\u00a0 \u00a0\u00a0\u00a0\u00a0\u00a0\u00a0\u00a0\u00a0<strong>11h<\/strong> Ludres<\/span><\/p>\n<p><span style=\"color: #000000;\"><strong>Attention, il n\u2019y aura pas de messe \u00e0 Fl\u00e9ville le dimanche 26 janvier.<\/strong><\/span><\/p>\n<p><span style=\"color: #000000;\"><span style=\"text-decoration: underline;\"><strong>Journ\u00e9e Mariale en l\u2019\u00e9glise de Laneuveville<\/strong>: <strong>\u2018\u2019Avec Marie, P\u00e8lerins d\u2019Esp\u00e9rance\u2019\u2019<br \/><\/strong><\/span><strong>Le mardi 11 f\u00e9vrier 2025\u00a0: \u00e0 10h messe <\/strong>suivie d\u2019un d\u00e9jeuner \u00e0 l\u2019auberge de La Mirabelle \u00e0 Ferri\u00e8re\u00a0: Inscription avant le 15 janvier. Contact\u00a0: Mme Chambon 03 83 56 34 31 ou 06 83 50 66 49.<\/span><\/p>\n<p><span style=\"color: #000000;\"><span style=\"text-decoration: underline;\"><strong>Collecte de l\u2019op\u00e9ration Orange :<br \/><\/strong><\/span>Meri \u00e0 tous ceux qui ont achet\u00e9 des oranges pour l\u2019op\u00e9ration Oranges de S\u0153urs Emmanuelle et Sara<strong>\u00a0: <\/strong>Vous avez donn\u00e9 630 \u20ac pour l\u2019ensemble des paroisses.<\/span><\/p>\n<p><span style=\"color: #000000;\"><strong><span style=\"text-decoration: underline;\">Autres Annonces<\/span><br \/><\/strong><strong>\u00a0&#8211; Journ\u00e9e-d\u00e9sert pour les parents<br \/><\/strong><strong>Mardi 14 janvier \u00e0 9h <\/strong>au Centre Spirituel dioc\u00e9sain, les AFC (Associations familiales catholiques) proposent une journ\u00e9e d\u00e9sert\u00a0pour les mamans et les papas : adoration ou oraison, lectio divina, messe, repas tir\u00e9 du sac &#8230; pas d\u2019inscription. On peut venir avec son nourrisson.<\/span><\/p>\n<p><span style=\"color: #000000;\"><strong>\u00a0&#8211; Mardi de la Formation<br \/><\/strong><strong>Mardi 14 janvier, \u00e0 14h30 ou \u00e0 20h30, <\/strong>conf\u00e9rence du P\u00e8re Jacques Bombardier sur la th\u00e9ologie de Beno\u00eet XVI\u00a0: \u2018\u2019la foi chr\u00e9tienne d\u2019hier et d\u2019aujourd\u2019hui\u2019\u2019, \u00e0 l\u2019\u00e9glise St Pierre de Nancy, salle derri\u00e8re l\u2019\u00e9glise.<\/span><\/p>\n<p><span style=\"color: #000000;\"><strong>\u00a0&#8211; Temps d\u2019adoration pour les enfants<br \/><\/strong><strong>Mercredi 15 janvier de 10h30 \u00e0 11h<\/strong> au Centre spirituel dioc\u00e9sain\u00a0: un temps d\u2019adoration guid\u00e9 et accompagn\u00e9 sp\u00e9cialement con\u00e7u pour faire d\u00e9couvrir \u00e0 nos enfants la beaut\u00e9 et la profondeur de l\u2019adoration eucharistique. Pas d\u2019inscription n\u00e9cessaire.<\/span><\/p>\n<p><span style=\"color: #000000;\"><strong>\u00a0&#8211; Conf\u00e9rence et pri\u00e8re avec les saints porteurs d\u2019esp\u00e9rance<br \/><\/strong><strong>Lundi 20 janvier 2025 de 18h \u00e0 19h30, <\/strong>conf\u00e9rence au centre spirituel dioc\u00e9sain<strong>, \u00e0 la rencontre de la Bienheureuse Alix le Clerc. <\/strong>Apr\u00e8s Saint Jean Bosco, le chemin avec les saints porteurs d\u2019esp\u00e9rance se poursuit avec la Bienheureuse Alix le Clerc. Educatrice, cr\u00e9atrice d\u2019\u00e9coles pour les filles, elle fonde \u00e9galement, avec l\u2019aide Saint Pierre Fourier, un ordre de religieuses enseignantes : la congr\u00e9gation Notre Dame.<\/span><\/p>\n<p><span style=\"color: #000000;\"><strong>\u00a0&#8211; 72<sup>\u00e8me<\/sup> Journ\u00e9es mondiales des malades de la l\u00e8pre, les 25-26 janvier<\/strong><strong> :<br \/><\/strong><strong style=\"font-size: revert;\"><em>Parce que la l\u00e8pre d\u00e9chire encore des vies :<br \/><\/em><\/strong>Bien que souvent per\u00e7ue comme une maladie du pass\u00e9, la l\u00e8pre frappe encore chaque ann\u00e9e plus de 200 000 personnes, principalement dans les r\u00e9gions les plus vuln\u00e9rables du monde. \u00c0 l&rsquo;occasion de la Journ\u00e9e mondiale des malades de la l\u00e8pre 2025, qui se tiendra du <strong>24 au 26 janvier<\/strong>, la Fondation Raoul Follereau r\u00e9affirme l&rsquo;urgence d&rsquo;agir et met en avant les <strong>efforts notamment d\u00e9ploy\u00e9s au Tchad<\/strong>, <strong>A la sortie des messes de ce week-end, des qu\u00eateurs nous solliciteront. Pour tous les malades et ceux qui les soignent, <\/strong>merci pour votre g\u00e9n\u00e9rosit\u00e9<strong>.<\/strong><\/span><\/p>\n<p><span style=\"color: #000000;\"><strong>\u00a0&#8211; L\u2019assembl\u00e9e dioc\u00e9saine des mouvements et Associations de fid\u00e8les<br \/><\/strong><strong>Samedi 18 janvier, de 14h \u00e0 17h, \u00e0 la Maison dioc\u00e9saine<\/strong> l\u2019Assembl\u00e9e dioc\u00e9saine 2025 des mouvements et associations de fid\u00e8les\u00a0aura lieu, au domaine de l\u2019Asn\u00e9e, en salle Rome. Elle sera pr\u00e9sid\u00e9e par notre \u00e9v\u00eaque, Monseigneur Pierre-Yves Michel. Cette rencontre sera centr\u00e9e autour d\u2019un th\u00e8me abord\u00e9 dans la lettre pastorale de notre \u00e9v\u00eaque, vers plus de fraternit\u00e9 : les cinq essentiels de toute communaut\u00e9 chr\u00e9tienne (la pri\u00e8re, la fraternit\u00e9, la formation, le service et l\u2019\u00e9vang\u00e9lisation).<\/span><\/p>\n<p><span style=\"color: #000000;\"><strong>\u00a0&#8211; Journ\u00e9e Bible : Les pieds dans la Bible\u00a0<br \/><\/strong><strong>Le samedi 25 janvier de 8h30 \u00e0 16h30, <\/strong>avec le p\u00e8re Olivier Bourion, journ\u00e9e interdioc\u00e9saine : temps de pri\u00e8re, temps d\u2019enseignement, travail en groupe\u2026<\/span><\/p>\n<p><span style=\"color: #000000;\"><strong>\u00a0&#8211; Conf\u00e9rence de l\u2019ADA : La guerre de l\u2019information<br \/><\/strong><strong>Mardi 28 janvier \u00e0 20h30 <\/strong>au domaine de l\u2019Asn\u00e9e, par Francis Colon professeur d\u2019histoire.<\/span><\/p>\n<p><span style=\"color: #000000;\"><strong>\u00a0&#8211; Journ\u00e9e des la\u00efcs en mission eccl\u00e9siale (LEME) et des coordinateurs<br \/><\/strong>Les la\u00efcs en mission eccl\u00e9siale* (LEME) et coordinateurs paroissiaux se retrouvent pour leur session annuelle le <strong>lundi\u00a03 f\u00e9vrier 2025, de 9h \u00e0 18h, \u00e0 la Maison dioc\u00e9saine<\/strong>, au domaine de l\u2019Asn\u00e9e. Le th\u00e8me <em>\u00ab\u00a0Vivre en fraternit\u00e9, quel d\u00e9fi !\u00a0\u00bb. D<\/em>ans la continuit\u00e9 de la lettre pastorale de notre \u00e9v\u00eaque <a style=\"color: #000000;\" href=\"https:\/\/www.catholique-nancy.fr\/grands-dossiers\/conversion-missionnaire\/\"><em>Vers plus de fraternit\u00e9<\/em><\/a>, une r\u00e9flexion commune sera men\u00e9e sur diff\u00e9rents aspects de la vie en \u00e9quipe, sur la mani\u00e8re dont la fraternit\u00e9 peut faire grandir chaque personne et faire grandir chaque \u00e9quipe.<\/span><br \/><span style=\"color: #000000;\"><em>* Les LEME sont des personnes ayant re\u00e7u une lettre de mission sign\u00e9e de l\u2019\u00e9v\u00eaque, et qui sont envoy\u00e9es en mission par pour un temps d\u00e9termin\u00e9.<\/em><\/span><\/p>\n<p style=\"text-align: center;\"><span style=\"color: #000000;\"><em>\u00ab\u00a0Il est plus beau d\u2019\u00e9clairer que de briller seulement\u00a0\u00bb <br \/>Saint Thomas d\u2019Aquin.<\/em><\/span><\/p>\n","protected":false},"excerpt":{"rendered":"<p>Messe des familles, accueil bapt\u00eame, lumi\u00e8re de la Paix de Bethl\u00e9emCe dimanche 12 janvier, \u00e0 Jarville \u00e0 10h30, les familles et les enfants des groupes de cat\u00e9 et celles qui ont demand\u00e9 le bapt\u00eame de leur enfant sont sp\u00e9cialement invit\u00e9s \u00e0 cette messe. Les scouts de Jarville-Ludres apporteront et distribueront la lumi\u00e8re de Bethl\u00e9em aux&hellip; <br \/> <a class=\"read-more\" href=\"https:\/\/paroisses-nancy-sud.fr\/HOME\/annonces-de-saint-francois-de-sales-et-sainte-jeanne-de-chantal-du-12-janvier\/\">Lire la suite<\/a><\/p>\n","protected":false},"author":5,"featured_media":2464,"comment_status":"closed","ping_status":"open","sticky":false,"template":"","format":"standard","meta":[],"categories":[7],"tags":[],"acf":[],"_links":{"self":[{"href":"https:\/\/paroisses-nancy-sud.fr\/HOME\/wp-json\/wp\/v2\/posts\/4412"}],"collection":[{"href":"https:\/\/paroisses-nancy-sud.fr\/HOME\/wp-json\/wp\/v2\/posts"}],"about":[{"href":"https:\/\/paroisses-nancy-sud.fr\/HOME\/wp-json\/wp\/v2\/types\/post"}],"author":[{"embeddable":true,"href":"https:\/\/paroisses-nancy-sud.fr\/HOME\/wp-json\/wp\/v2\/users\/5"}],"replies":[{"embeddable":true,"href":"https:\/\/paroisses-nancy-sud.fr\/HOME\/wp-json\/wp\/v2\/comments?post=4412"}],"version-history":[{"count":1,"href":"https:\/\/paroisses-nancy-sud.fr\/HOME\/wp-json\/wp\/v2\/posts\/4412\/revisions"}],"predecessor-version":[{"id":4413,"href":"https:\/\/paroisses-nancy-sud.fr\/HOME\/wp-json\/wp\/v2\/posts\/4412\/revisions\/4413"}],"wp:featuredmedia":[{"embeddable":true,"href":"https:\/\/paroisses-nancy-sud.fr\/HOME\/wp-json\/wp\/v2\/media\/2464"}],"wp:attachment":[{"href":"https:\/\/paroisses-nancy-sud.fr\/HOME\/wp-json\/wp\/v2\/media?parent=4412"}],"wp:term":[{"taxonomy":"category","embeddable":true,"href":"https:\/\/paroisses-nancy-sud.fr\/HOME\/wp-json\/wp\/v2\/categories?post=4412"},{"taxonomy":"post_tag","embeddable":true,"href":"https:\/\/paroisses-nancy-sud.fr\/HOME\/wp-json\/wp\/v2\/tags?post=4412"}],"curies":[{"name":"wp","href":"https:\/\/api.w.org\/{rel}","templated":true}]}}