{"id":4416,"date":"2025-01-12T10:00:00","date_gmt":"2025-01-12T09:00:00","guid":{"rendered":"https:\/\/paroisses-nancy-sud.fr\/HOME\/?p=4416"},"modified":"2025-01-10T17:59:20","modified_gmt":"2025-01-10T16:59:20","slug":"une-seule-solution-la-manifestation","status":"publish","type":"post","link":"https:\/\/paroisses-nancy-sud.fr\/HOME\/une-seule-solution-la-manifestation\/","title":{"rendered":"Une seule solution : la manifestation !"},"content":{"rendered":"\n<p><span style=\"color: #000000;\">Une seule solution : la manifestation !<\/span><\/p>\n<p><span style=\"color: #000000;\">C&rsquo;est aujourd&rsquo;hui la f\u00eate du Bapt\u00eame du Seigneur. Essayons de mieux en comprendre le sens. Cette f\u00eate cl\u00f4t le temps de la Nativit\u00e9. Dans l&rsquo;\u00e9lan de la f\u00eate de No\u00ebl, nous c\u00e9l\u00e9brons la Sainte Famille, Marie M\u00e8re de Dieu, l&rsquo;Epiphanie et le Bapt\u00eame, des f\u00eates de la r\u00e9v\u00e9lation, de la manifestation de Dieu, qui r\u00e9pondent \u00e0 la question : qui est-il, celui qui est n\u00e9 \u00e0 No\u00ebl ?<\/span><\/p>\n<p><span style=\"color: #000000;\">Or pour notre Dieu, c&rsquo;est la m\u00eame chose d&rsquo;\u00eatre et d&rsquo;aimer, de parler et d&rsquo;agir, de sauver, de se donner et de se manifester. Aussit\u00f4t n\u00e9, l&rsquo;enfant de la cr\u00e8che est c\u00e9l\u00e9br\u00e9 par les anges et reconnu comme Sauveur par les bergers, indiqu\u00e9 par l&rsquo;\u00e9toile et ador\u00e9 par les mages, mais aussi craint et pers\u00e9cut\u00e9 par ses ennemis, \u00e0 commencer par H\u00e9rode. Dieu est n\u00e9 dans le monde, et le monde n&rsquo;est pas indiff\u00e9rent \u00e0 sa pr\u00e9sence.<\/span><\/p>\n<p><span style=\"color: #000000;\">Depuis No\u00ebl, les lectures des messes nous ont r\u00e9v\u00e9l\u00e9 ce qui va advenir de l&rsquo;enfant de Bethl\u00e9em, ce qu&rsquo;il va dire et faire, et donc quelle est sa mission, d&rsquo;o\u00f9 il vient, ce qu&rsquo;il est, qui il est. Il appartient \u00e0 une v\u00e9ritable famille humaine et pourtant sa m\u00e8re peut \u00eatre appel\u00e9e la M\u00e8re de Dieu. Il va \u00eatre reconnu par Jean le Baptiste comme l&rsquo;Agneau de Dieu qui enl\u00e8ve le p\u00e9ch\u00e9 du monde. Il est le Pasteur qui a compassion des humains et les nourrit en multipliant les pains et les poissons, le Proph\u00e8te qui enseigne et qui appelle \u00e0 la conversion, le Roi vainqueur qui chasse les esprits mauvais et qui marche sur les eaux d\u00e9cha\u00een\u00e9es de la mort, le Sauveur qui gu\u00e9rit les malades et purifie les l\u00e9preux. Il est l&rsquo;Epoux v\u00e9ritable et il apporte la joie aux noces de Cana.<\/span><\/p>\n<p><span style=\"color: #000000;\">Aujourd&rsquo;hui, l&rsquo;enfant n\u00e9 \u00e0 Bethl\u00e9em est manifest\u00e9 comme le Messie, le Christ, celui qui a re\u00e7u l&rsquo;onction, celui sur qui repose l&rsquo;Esprit Saint. L&rsquo;enfant de la cr\u00e8che est le m\u00eame \u00e0 qui Dieu dit aujourd&rsquo;hui : \u00ab Toi, tu es mon Fils bien-aim\u00e9 ; en toi, je trouve ma joie. \u00bb<\/span><\/p>\n<p><span style=\"color: #000000;\">Pour notre Dieu, c&rsquo;est la m\u00eame chose d&rsquo;\u00eatre et d&rsquo;aimer, de parler et d&rsquo;agir, de sauver, de se donner et de se manifester. Le fait que Dieu se rende accessible \u00e0 nos sens, sa manifestation dans le monde, cela porte un nom que nous utilisons souvent sans y penser : la gloire. Lorsque le Fils de Dieu na\u00eet \u00e0 Bethl\u00e9em, les anges chantent \u00ab Gloire \u00e0 Dieu ! \u00bb, c&rsquo;est-\u00e0-dire \u00ab Dieu est n\u00e9 dans le monde et cela se voit \u00bb. Nous en faisons autant au d\u00e9but de nos messes : \u00ab Gloire \u00e0 Dieu ! \u00bb Le Seigneur est avec nous, Dieu est au milieu de nous, et cela se voit.<\/span><\/p>\n<p><span style=\"color: #000000;\">La gloire de Dieu, le livre d&rsquo;Isa\u00efe en parle justement aujourd&rsquo;hui : \u00ab Consolez, consolez mon peuple&#8230; parlez au c\u0153ur de J\u00e9rusalem. Proclamez que son service est accompli, que son crime est expi\u00e9&#8230; pr\u00e9parez le chemin du Seigneur&#8230; que tout ravin soit combl\u00e9, toute montagne et toute colline abaiss\u00e9es&#8230; alors se r\u00e9v\u00e9lera la gloire du Seigneur, et tout \u00eatre de chair verra que la bouche du Seigneur a parl\u00e9. \u00bb<\/span><\/p>\n<p><span style=\"color: #000000;\">\u00c0 quoi cela servirait-il que Dieu pardonne si personne n&rsquo;annon\u00e7ait le pardon ? \u00c0 quoi cela servirait-il que Dieu parle si personne ne proclamait la nouvelle ? \u00c0 quoi cela servirait-il que Dieu naisse parmi les humains si tout cela restait cach\u00e9 ? \u00c0 quoi cela servirait-il que Dieu soit si sa gloire ne se r\u00e9v\u00e9lait pas, si l&rsquo;on ne pouvait voir que la bouche du Seigneur a parl\u00e9 ?<\/span><\/p>\n<p><span style=\"color: #000000;\">Le Seigneur J\u00e9sus est l&rsquo;enfant de la cr\u00e8che et le baptis\u00e9 du Jourdain, le charpentier cach\u00e9 et le transfigur\u00e9 resplendissant de lumi\u00e8re, l&rsquo;Agneau et le Pasteur, le Roi vainqueur et le Serviteur souffrant, le Crucifi\u00e9 et le Ressuscit\u00e9, celui qui juge et celui qui pardonne, le visage de la mis\u00e9ricorde du P\u00e8re, le rayonnement de la gloire de Dieu et l&rsquo;expression parfaite de son \u00eatre, celui gr\u00e2ce \u00e0 qui la gloire du Dieu invisible est rendue visible \u00e0 nos yeux.<\/span><\/p>\n<p><span style=\"color: #000000;\">Le Seigneur J\u00e9sus n&rsquo;a pas \u00e9t\u00e9 adopt\u00e9 par Dieu. Il n&rsquo;y a pas eu un jour o\u00f9 il n&rsquo;\u00e9tait que J\u00e9sus, et le lendemain le Fils du P\u00e8re. Pour J\u00e9sus, \u00eatre ce qu&rsquo;il est, \u00eatre le Fils bien-aim\u00e9, \u00eatre oint de l&rsquo;Esprit Saint, \u00eatre envoy\u00e9 par le P\u00e8re, sauver le monde, faire conna\u00eetre le P\u00e8re, manifester la gloire de Dieu, c&rsquo;est une seule et m\u00eame chose.<\/span><\/p>\n<p><span style=\"color: #000000;\">Par les sacrements de l&rsquo;initiation, bapt\u00eame, confirmation et eucharistie, nous sommes en communion avec Dieu, participants de la nature divine, greff\u00e9s sur la vigne v\u00e9ritable qu&rsquo;est J\u00e9sus, membres du corps du Christ, pierres vivantes int\u00e9gr\u00e9es \u00e0 la construction, marqu\u00e9s par l&rsquo;onction de l&rsquo;Esprit Saint. Par cons\u00e9quent, la gr\u00e2ce du Seigneur J\u00e9sus est n\u00f4tre, et la mission du Seigneur J\u00e9sus est n\u00f4tre.<\/span><\/p>\n<p><span style=\"color: #000000;\">\u00ab La gr\u00e2ce de Dieu s&rsquo;est manifest\u00e9e pour le salut de tous les hommes, nous dit saint Paul aujourd&rsquo;hui. Elle nous apprend \u00e0 renoncer \u00e0 l&rsquo;impi\u00e9t\u00e9 et aux convoitises&#8230; \u00e0 vivre avec justice et pi\u00e9t\u00e9. \u00bb. Nous sommes \u00ab son peuple, un peuple ardent \u00e0 faire le bien. \u00bb<\/span><\/p>\n<p><span style=\"color: #000000;\">Notre mission ? Rendre visible le Dieu auquel nous croyons, manifester la gloire de Dieu, vivre de telle sorte que le monde voie et croie \u00ab que la bouche du Seigneur a parl\u00e9 \u00bb. Nous le faisons en croyant l&rsquo;\u00c9vangile qui nous assure que Dieu notre P\u00e8re a tant d&rsquo;amour pour nous qu&rsquo;il a envoy\u00e9 son Fils et son Esprit afin que nous le connaissions, que nous soyons sauv\u00e9s, que nous l&rsquo;aimions et que nous vivions en communion avec lui, d\u00e8s aujourd&rsquo;hui et pour toujours.<\/span><\/p>\n<p><span style=\"color: #000000;\">Voil\u00e0 pourquoi, pour un disciple de J\u00e9sus, foi et pratique sont les deux faces de la m\u00eame m\u00e9daille. Si je crois en un Dieu lointain et indiff\u00e9rent, en un Dieu qui surveille et punit, en un Dieu qui ne me veut pas heureux, c&rsquo;est cela que je manifesterai par ma pratique.<\/span><\/p>\n<p><span style=\"color: #000000;\">Au contraire, si je crois en un Dieu proche qui m&rsquo;aime et me parle, comment ne pas lui consacrer un temps chaque jour pour la pri\u00e8re ? Si je crois en un Dieu de mis\u00e9ricorde qui me pardonne, comment ne pas venir r\u00e9guli\u00e8rement me confesser et r\u00e9entendre \u00ab je te pardonne tous tes p\u00e9ch\u00e9s \u00bb ? Si je crois en un Dieu qui d\u00e9sire d&rsquo;un grand d\u00e9sir partager avec moi sa vie, comme ne pas honorer le rendez-vous de la messe ? Si je crois que l&rsquo;\u00c9vangile concerne aussi mon prochain, comment ne pas le lui dire ? Si je crois que le Seigneur J\u00e9sus triomphe du mal sous toutes ses formes, comment ne pas prendre part \u00e0 son triomphe en luttant contre le mal en moi et autour de moi ?<\/span><\/p>\n<p><span style=\"color: #000000;\">Si je crois que je suis le fils, la fille bien aim\u00e9e du P\u00e8re et qu&rsquo;il trouve en moi sa joie, comment ne pas vivre de cette foi, la manifester et rendre gloire au P\u00e8re, par le Fils, dans l&rsquo;Esprit, d\u00e8s aujourd&rsquo;hui, chaque jour de ma vie et pour les si\u00e8cles des si\u00e8cles ?<\/span><\/p>\n<p style=\"text-align: right;\"><em><span style=\"color: #000000;\">P\u00e8re Alexandre-Marie Valder<\/span><\/em><\/p>\n","protected":false},"excerpt":{"rendered":"<p>Une seule solution : la manifestation ! C&rsquo;est aujourd&rsquo;hui la f\u00eate du Bapt\u00eame du Seigneur. Essayons de mieux en comprendre le sens. Cette f\u00eate cl\u00f4t le temps de la Nativit\u00e9. Dans l&rsquo;\u00e9lan de la f\u00eate de No\u00ebl, nous c\u00e9l\u00e9brons la Sainte Famille, Marie M\u00e8re de Dieu, l&rsquo;Epiphanie et le Bapt\u00eame, des f\u00eates de la r\u00e9v\u00e9lation,&hellip; <br \/> <a class=\"read-more\" href=\"https:\/\/paroisses-nancy-sud.fr\/HOME\/une-seule-solution-la-manifestation\/\">Lire la suite<\/a><\/p>\n","protected":false},"author":9,"featured_media":290,"comment_status":"closed","ping_status":"open","sticky":false,"template":"","format":"standard","meta":[],"categories":[9],"tags":[],"acf":[],"_links":{"self":[{"href":"https:\/\/paroisses-nancy-sud.fr\/HOME\/wp-json\/wp\/v2\/posts\/4416"}],"collection":[{"href":"https:\/\/paroisses-nancy-sud.fr\/HOME\/wp-json\/wp\/v2\/posts"}],"about":[{"href":"https:\/\/paroisses-nancy-sud.fr\/HOME\/wp-json\/wp\/v2\/types\/post"}],"author":[{"embeddable":true,"href":"https:\/\/paroisses-nancy-sud.fr\/HOME\/wp-json\/wp\/v2\/users\/9"}],"replies":[{"embeddable":true,"href":"https:\/\/paroisses-nancy-sud.fr\/HOME\/wp-json\/wp\/v2\/comments?post=4416"}],"version-history":[{"count":2,"href":"https:\/\/paroisses-nancy-sud.fr\/HOME\/wp-json\/wp\/v2\/posts\/4416\/revisions"}],"predecessor-version":[{"id":4418,"href":"https:\/\/paroisses-nancy-sud.fr\/HOME\/wp-json\/wp\/v2\/posts\/4416\/revisions\/4418"}],"wp:featuredmedia":[{"embeddable":true,"href":"https:\/\/paroisses-nancy-sud.fr\/HOME\/wp-json\/wp\/v2\/media\/290"}],"wp:attachment":[{"href":"https:\/\/paroisses-nancy-sud.fr\/HOME\/wp-json\/wp\/v2\/media?parent=4416"}],"wp:term":[{"taxonomy":"category","embeddable":true,"href":"https:\/\/paroisses-nancy-sud.fr\/HOME\/wp-json\/wp\/v2\/categories?post=4416"},{"taxonomy":"post_tag","embeddable":true,"href":"https:\/\/paroisses-nancy-sud.fr\/HOME\/wp-json\/wp\/v2\/tags?post=4416"}],"curies":[{"name":"wp","href":"https:\/\/api.w.org\/{rel}","templated":true}]}}