{"id":4420,"date":"2025-01-17T16:11:31","date_gmt":"2025-01-17T15:11:31","guid":{"rendered":"https:\/\/paroisses-nancy-sud.fr\/HOME\/?p=4420"},"modified":"2025-01-17T16:11:31","modified_gmt":"2025-01-17T15:11:31","slug":"annonces-de-la-visitation-du-19-janvier","status":"publish","type":"post","link":"https:\/\/paroisses-nancy-sud.fr\/HOME\/annonces-de-la-visitation-du-19-janvier\/","title":{"rendered":"Annonces de la Visitation du 19 janvier"},"content":{"rendered":"\n<p><span style=\"color: #000000;\"><span style=\"text-decoration: underline;\"><strong>Dimanche 16 f\u00e9vrier, <\/strong>bapt\u00eames<\/span> de Luna et d\u2019Est\u00e9ban.<\/span><br \/><span style=\"color: #000000;\"><strong>R\u00e9jouissons-nous et portons-les dans nos pri\u00e8res\u00a0!<\/strong><\/span><\/p>\n<p><span style=\"color: #000000;\"><span style=\"text-decoration: underline;\"><strong>Lundi 20 janvier, <\/strong>de 14h00 \u00e0 16h00, rencontres des groupes de lecture suivie \u00ab P\u00e8lerins des \u00c9critures<\/span> \u00bb simultan\u00e9ment\u00a0 \u00e0 Bainville, chez S\u0153ur Marie-Fran\u00e7ois\u00a0\u00a0et Neuves-Maisons, dans les salles paroissiales, selon les d\u00e9placements de chacun.<\/span><\/p>\n<p><span style=\"color: #000000;\"><span style=\"text-decoration: underline;\"><strong>Du\u00a018 janvier\u00a0au\u00a025 janvier 2025, <\/strong><\/span>Semaine de pri\u00e8re pour l\u2019unit\u00e9 des chr\u00e9tiens 2025.<\/span><\/p>\n<p><span style=\"color: #000000;\"><span style=\"text-decoration: underline;\"><strong>Samedi 25 janvier \u00e0 15h00, <\/strong>concert du ch\u0153ur d\u2019hommes<\/span> Jean Bouillet en l\u2019\u00e9glise de Neuves-Maisons sous la direction\u00a0de G\u00e9rard Heitz avec Jean Didion au piano et \u00e0 l\u2019accord\u00e9on. \u0152uvres religieuses et profanes. Entr\u00e9e libre.<\/span><\/p>\n<p><span style=\"color: #000000;\"><span style=\"text-decoration: underline;\"><strong>Dimanche 9 f\u00e9vrier, dimanche de la sant\u00e9 <\/strong>;<\/span> Nous prierons pour les personnels soignants, les aidants et les b\u00e9n\u00e9voles, avec petits t\u00e9moignages, panneaux dans le narthex, un ap\u00e9ritif sera servi \u00e9galement dans le narthex.<\/span><br \/><span style=\"color: #000000;\">\u00a0<strong><span style=\"text-decoration: underline;\">Samedi 22 f\u00e9vrier 2025 \u00e0 l\u2019\u00e9glise de Bainville sur Madon \u00e0 16H00<\/span> ,<\/strong> Messe pour les malades et personnes \u00e2g\u00e9es et ou handicap\u00e9es.<\/span><br \/><span style=\"color: #000000;\">Le sacrement des malades peut \u00eatre donn\u00e9 pendant la messe, il suffit d\u2019en faire la demande \u00e0 la maison paroissiale, par t\u00e9l\u00e9phone les jours de permanence <strong>03 83 47 25 54\u00a0\u00a0 ou par mail\u00a0 \u00a0<\/strong><span style=\"text-decoration: underline;\"><a style=\"color: #000000; text-decoration: underline;\" href=\"mailto:visitationmm@orange.fr\">visitationmm@orange.fr<\/a><\/span><strong><br \/><\/strong>Un go\u00fbter sera servi dans la salle \u00e0 c\u00f4t\u00e9 de l\u2019\u00e9glise \u00e0 l\u2019issue de la c\u00e9l\u00e9bration.<\/span><\/p>\n<p><span style=\"color: #000000;\"><strong><span style=\"text-decoration: underline;\">Messes \u00e0 la Visitation<\/span><br \/><\/strong>Samedi \u00a025 janvier \u00e0 18h00\u00a0: Sexey aux Forges<\/span><br \/><span style=\"color: #000000;\">Dimanche 26 janvier \u00e0 10h30\u00a0: Neuves Maisons<\/span><\/p>\n<p><span style=\"color: #000000;\"><strong><span style=\"text-decoration: underline;\">Messes en semaine.<\/span><br \/><\/strong>Jeudi\u00a0: adoration \u00e0 16h00 et messe \u00e0 16h30 \u00e0 la chapelle.<\/span><br \/><span style=\"color: #000000;\">Vendredi\u00a0: messe \u00e0 08h20 chez les s\u0153urs \u00e0 Bainville, 67 rue Jacques Callot.<\/span><\/p>\n<p><span style=\"color: #000000;\"><strong><u>Permanences \u00e0 la maison paroissiale :<\/u><\/strong> <\/span><br \/><span style=\"color: #000000;\">Mardi de 14h \u00e0 16h30 et Samedi de 9h30 \u00e0 11h30<\/span><br \/><span style=\"color: #000000;\">tel : 03 83 47 25 54 \u2013 <em><strong>adresse mail<\/strong><\/em><strong> : <\/strong><a style=\"color: #000000;\" href=\"mailto:visitationmm@orange.fr\">visitationmm@orange.fr<\/a>\u00a0 <\/span><br \/><span style=\"color: #000000;\">Horaires des messes :\u00a0 <a style=\"color: #000000;\" href=\"https:\/\/messes.info\/\">messesinfo<\/a><em> (cliquer sur le lien<\/em><\/span><\/p>\n","protected":false},"excerpt":{"rendered":"<p>Dimanche 16 f\u00e9vrier, bapt\u00eames de Luna et d\u2019Est\u00e9ban.R\u00e9jouissons-nous et portons-les dans nos pri\u00e8res\u00a0! Lundi 20 janvier, de 14h00 \u00e0 16h00, rencontres des groupes de lecture suivie \u00ab P\u00e8lerins des \u00c9critures \u00bb simultan\u00e9ment\u00a0 \u00e0 Bainville, chez S\u0153ur Marie-Fran\u00e7ois\u00a0\u00a0et Neuves-Maisons, dans les salles paroissiales, selon les d\u00e9placements de chacun. Du\u00a018 janvier\u00a0au\u00a025 janvier 2025, Semaine de pri\u00e8re pour&hellip; <br \/> <a class=\"read-more\" href=\"https:\/\/paroisses-nancy-sud.fr\/HOME\/annonces-de-la-visitation-du-19-janvier\/\">Lire la suite<\/a><\/p>\n","protected":false},"author":5,"featured_media":471,"comment_status":"closed","ping_status":"open","sticky":false,"template":"","format":"standard","meta":[],"categories":[10],"tags":[],"acf":[],"_links":{"self":[{"href":"https:\/\/paroisses-nancy-sud.fr\/HOME\/wp-json\/wp\/v2\/posts\/4420"}],"collection":[{"href":"https:\/\/paroisses-nancy-sud.fr\/HOME\/wp-json\/wp\/v2\/posts"}],"about":[{"href":"https:\/\/paroisses-nancy-sud.fr\/HOME\/wp-json\/wp\/v2\/types\/post"}],"author":[{"embeddable":true,"href":"https:\/\/paroisses-nancy-sud.fr\/HOME\/wp-json\/wp\/v2\/users\/5"}],"replies":[{"embeddable":true,"href":"https:\/\/paroisses-nancy-sud.fr\/HOME\/wp-json\/wp\/v2\/comments?post=4420"}],"version-history":[{"count":2,"href":"https:\/\/paroisses-nancy-sud.fr\/HOME\/wp-json\/wp\/v2\/posts\/4420\/revisions"}],"predecessor-version":[{"id":4424,"href":"https:\/\/paroisses-nancy-sud.fr\/HOME\/wp-json\/wp\/v2\/posts\/4420\/revisions\/4424"}],"wp:featuredmedia":[{"embeddable":true,"href":"https:\/\/paroisses-nancy-sud.fr\/HOME\/wp-json\/wp\/v2\/media\/471"}],"wp:attachment":[{"href":"https:\/\/paroisses-nancy-sud.fr\/HOME\/wp-json\/wp\/v2\/media?parent=4420"}],"wp:term":[{"taxonomy":"category","embeddable":true,"href":"https:\/\/paroisses-nancy-sud.fr\/HOME\/wp-json\/wp\/v2\/categories?post=4420"},{"taxonomy":"post_tag","embeddable":true,"href":"https:\/\/paroisses-nancy-sud.fr\/HOME\/wp-json\/wp\/v2\/tags?post=4420"}],"curies":[{"name":"wp","href":"https:\/\/api.w.org\/{rel}","templated":true}]}}