{"id":4422,"date":"2025-01-17T16:41:22","date_gmt":"2025-01-17T15:41:22","guid":{"rendered":"https:\/\/paroisses-nancy-sud.fr\/HOME\/?p=4422"},"modified":"2025-01-17T16:41:55","modified_gmt":"2025-01-17T15:41:55","slug":"annonces-de-saint-francois-de-sales-et-sainte-jeanne-de-chantal-du-19-janvier","status":"publish","type":"post","link":"https:\/\/paroisses-nancy-sud.fr\/HOME\/annonces-de-saint-francois-de-sales-et-sainte-jeanne-de-chantal-du-19-janvier\/","title":{"rendered":"Annonces de Saint-Fran\u00e7ois-de-Sales et Sainte-Jeanne-de-Chantal du 19 janvier"},"content":{"rendered":"\n<p><span style=\"color: #000000;\"><span style=\"text-decoration: underline;\"><strong>Parcours Alpha\u00a0<br \/><\/strong><\/span><strong>Le mardi 21 janvier 2025 \u00e0 Jarville de 19h30 \u00e0 22h<\/strong> dans les salles \u00e0 droite de l\u2019\u00e9glise, <strong>vous \u00eates invit\u00e9s \u00e0 une rencontre sur le th\u00e8me\u00a0: <em>\u2018Pourquoi J\u00e9sus est-il mort<\/em> ?\u2019\u2019. <\/strong>La rencontre d\u00e9bute par un moment convivial autour d\u2019un repas, suivi d\u2019un bref expos\u00e9 puis d\u2019un temps d\u2019\u00e9change. <strong>Ce parcours est ouvert \u00e0 tous.<\/strong> Chacun est accueilli de mani\u00e8re d\u00e9contract\u00e9e pour \u00e9changer en petits groupes, <strong>d\u00e9couvrir ou red\u00e9couvrir la foi chr\u00e9tienne<\/strong>. Contact\u00a0: Odile Bonmati 06 23 46 74 17.\u00a0<\/span><\/p>\n<p><span style=\"color: #000000;\"><span style=\"text-decoration: underline;\"><strong>R\u00e9union de l\u2019\u00e9quipe Passerelle\u00a0<br \/><\/strong><\/span><strong>Le mardi 21 janvier, \u00e0 14h, \u00e0 Ludres, <\/strong>rencontre de l\u2019\u00e9quipe de pr\u00e9paration du prochain num\u00e9ro de Passerelle. <strong>N\u2019h\u00e9sitez pas \u00e0 venir \u00e0 cette r\u00e9union <\/strong>si vous avez des id\u00e9es sur le contenu de ce journal paroissial et de secteur<strong>.<\/strong><\/span><\/p>\n<p><span style=\"color: #000000;\"><span style=\"text-decoration: underline;\"><strong>Rencontres du MCR (Mouvement Chr\u00e9tien des Retrait\u00e9s)<br \/><\/strong><\/span><strong>Mardi 21 janvier<\/strong>, rencontre du groupe de Jarville, salles paroissiales \u00e0 14h30.<\/span><\/p>\n<p><span style=\"color: #000000;\"><span style=\"text-decoration: underline;\"><strong>Rencontre des EAP (Equipe d\u2019Animation Pastorale)<br \/><\/strong><\/span><strong>Les membres de l\u2019EAP de Sainte-Jeanne-de-Chantal se r\u00e9uniront le mercredi 22 janvier <\/strong>\u00e0 20h \u00e0 Ludres<strong>. <\/strong><\/span><\/p>\n<p><span style=\"color: #000000;\"><span style=\"text-decoration: underline;\"><strong>Pr\u00e9paration au mariage<br \/><\/strong><\/span>Les futurs mari\u00e9s sont invit\u00e9s \u00e0 la journ\u00e9e dioc\u00e9saine qui leur est sp\u00e9cialement propos\u00e9e, <strong>le 25 janvier, <\/strong>\u00e0 l\u2019\u00e9glise et \u00e0 l\u2019ensemble scolaire <strong>Saint L\u00e9on\u00a0de Nancy<\/strong>.<\/span><br \/><span style=\"color: #000000;\">Leurs prochaines rencontres se feront <strong>le dimanche 2 f\u00e9vrier le matin et le samedi 8 f\u00e9vier l\u2019apr\u00e8s-midi<\/strong> \u00e0 Jarville.<\/span><\/p>\n<p><span style=\"color: #000000;\"><strong><span style=\"text-decoration: underline;\">Rencontre des jeunes AJC\u00a0: de la 4<sup>\u00e8me<\/sup> aux classes lyc\u00e9e<\/span><br \/><\/strong>Ne pas oublier le temps fort,<strong> pr\u00e9vu au monast\u00e8re d\u2019Orbey les 25-26 janvier <\/strong>sur\u00a0\u00ab\u00a0<em>Nous avons l\u2019esp\u00e9rance de la vie \u00e9ternelle<\/em>\u00bb (lettre de saint Paul \u00e0 Tite 1,2). Contacter vite le P. Alexandre-Marie :\u00a0<a style=\"color: #000000;\" href=\"mailto:amvalder@lilo.org\">amvalder@lilo.org<\/a><\/span><\/p>\n<p><span style=\"color: #000000;\"><strong><span style=\"text-decoration: underline;\">Horaires des messes dominicales des 25 et 26 janvier 2025.<\/span><br \/><\/strong><strong>Samedi 18 janvier\u00a0: 18h <\/strong>Heillecourt, Laneuveville,\u00a0Sexey-aux-Forges<\/span><br \/><span style=\"color: #000000;\"><strong>Dimanche 19 janvier : 10h <\/strong>Flavigny <strong>10 h30 <\/strong>Jarville, Neuves-Maisons\u00a0\u00a0\u00a0\u00a0\u00a0\u00a0\u00a0 \u00a0\u00a0\u00a0\u00a0\u00a0\u00a0\u00a0\u00a0<\/span><\/p>\n<p><span style=\"color: #000000;\"><strong>Attention, il n\u2019y aura pas de messe \u00e0 Fl\u00e9ville ce dimanche 26 janvier.<\/strong><\/span><\/p>\n<p><span style=\"color: #000000;\"><span style=\"text-decoration: underline;\"><strong>Journ\u00e9e Mariale en l\u2019\u00e9glise de Laneuveville\u00a0<br \/><\/strong><\/span><strong><em>\u2018\u2019Avec Marie, P\u00e8lerins d\u2019Esp\u00e9rance\u2019\u2019<br \/><\/em><\/strong><strong>Le mardi 11 f\u00e9vrier 2025\u00a0: \u00e0 10h messe <\/strong>suivie d\u2019un d\u00e9jeuner \u00e0 l\u2019auberge de La Mirabelle \u00e0 Ferri\u00e8re\u00a0: Inscription avant le 15 janvier. Contact\u00a0: Mme Chambon 03 83 56 34 31 ou 06 83 50 66 49.<\/span><\/p>\n<p><span style=\"color: #000000;\"><span style=\"text-decoration: underline;\"><strong>Collecte de l\u2019op\u00e9ration Orange<br \/><\/strong><\/span>Meri \u00e0 tous ceux qui ont achet\u00e9 des oranges pour l\u2019op\u00e9ration Oranges de S\u0153urs Emmanuelle et Sara<strong>\u00a0: <\/strong>Vous avez donn\u00e9 630 \u20ac pour l\u2019ensemble des paroisses.<\/span><\/p>\n<p><span style=\"color: #000000;\"><span style=\"text-decoration: underline;\"><strong>Autres Annonces<br \/><\/strong><\/span><strong>Semaine de l\u2019Unit\u00e9 des chr\u00e9tiens : Du samedi 18 janvier au samedi 25 janvier 2025 <\/strong><strong>\u00a0<em>\u2018\u2019 Crois-tu cela\u00a0? \u2018<\/em>\u2019 <\/strong>Jean 11,26.<\/span><br \/><span style=\"color: #000000;\">Une veill\u00e9e \u0153cum\u00e9nique est organis\u00e9e sur le secteur pastoral du toulois par les communaut\u00e9s catholique, protestante et orthodoxe, <strong>le mercredi 22 janvier 2025 \u00e0 20h<\/strong> \u00e0 la chapelle Jeanne-d\u2019Arc \u00e0 Ecrouves.<\/span><\/p>\n<p><span style=\"color: #000000;\"><strong>\u00a0<\/strong><span style=\"text-decoration: underline;\"><strong>Conf\u00e9rence et pri\u00e8re avec les saints porteurs d\u2019esp\u00e9rance<br \/><\/strong><\/span><strong>Lundi 20 janvier 2025 de 18h \u00e0 19h30, <\/strong>conf\u00e9rence au centre spirituel dioc\u00e9sain<strong>, \u00e0 la rencontre de la Bienheureuse Alix le Clerc. <\/strong>Apr\u00e8s Saint Jean Bosco, le chemin avec les saints porteurs d\u2019esp\u00e9rance se poursuit avec la Bienheureuse Alix le Clerc. Educatrice, cr\u00e9atrice d\u2019\u00e9coles pour les filles, elle fonde \u00e9galement, avec l\u2019aide Saint Pierre Fourier, un ordre de religieuses enseignantes : la congr\u00e9gation Notre Dame.<\/span><\/p>\n<p><span style=\"color: #000000;\"><span style=\"text-decoration: underline;\"><strong>Atelier de lecture patristique sur Saint Athanase<br \/><\/strong><\/span><strong>Le mardi 21 janvier de 9h \u00e0 16h, au Centre Spirituel Dioc\u00e9sain, <\/strong>\u00e0 la rencontre de Athanase, p\u00e8re de l\u2019Eglise, \u00e9v\u00eaque d\u2019Alexandrie et fervent d\u00e9fenseur de la foi au concile de Nic\u00e9e (325).<\/span><\/p>\n<p><span style=\"color: #000000;\"><span style=\"text-decoration: underline;\"><strong>72<sup>\u00e8me<\/sup> Journ\u00e9es mondiales des malades de la l\u00e8pre, les 25-26 janvier :\u00a0<br \/><\/strong><\/span><strong><em>Parce que la l\u00e8pre d\u00e9chire encore des vies.<br \/><\/em><\/strong>Bien que souvent per\u00e7ue comme une maladie du pass\u00e9, la l\u00e8pre frappe encore chaque ann\u00e9e plus de 200 000 personnes, principalement dans les r\u00e9gions les plus vuln\u00e9rables du monde. \u00c0 l&rsquo;occasion de la Journ\u00e9e mondiale des malades de la l\u00e8pre 2025, qui se tiendra du <strong>24 au 26 janvier<\/strong>, la Fondation Raoul Follereau r\u00e9affirme l&rsquo;urgence d&rsquo;agir et met en avant les <strong>efforts notamment d\u00e9ploy\u00e9s au Tchad<\/strong>, <strong>A la sortie des messes de ce week-end, des qu\u00eateurs nous solliciteront. Pour tous les malades et ceux qui les soignent, <\/strong>merci pour votre g\u00e9n\u00e9rosit\u00e9<strong>.<\/strong><\/span><\/p>\n<p><span style=\"color: #000000;\"><strong><span style=\"text-decoration: underline;\">Journ\u00e9e Bible : Les pieds dans la Bible<\/span><br \/><\/strong><strong style=\"font-size: revert;\">Le samedi 25 janvier de 8h30 \u00e0 16h30, <\/strong><span style=\"font-size: revert;\">avec le p\u00e8re Olivier Bourion, journ\u00e9e interdioc\u00e9saine : temps de pri\u00e8re, temps d\u2019enseignement, travail en groupe\u2026<\/span><\/span><\/p>\n<p><span style=\"color: #000000;\"><strong><span style=\"text-decoration: underline;\">Conf\u00e9rence de l\u2019ADA\u00a0: La guerre de l\u2019information<\/span><br \/><\/strong><strong>Mardi 28 janvier \u00e0 20h30 <\/strong>au domaine de l\u2019Asn\u00e9e, par Francis Colon professeur d\u2019histoire.<\/span><\/p>\n<p><span style=\"color: #000000;\"><strong><span style=\"text-decoration: underline;\">Journ\u00e9e des la\u00efcs en mission eccl\u00e9siale (LEME*) et des coordinateurs\u00a0<\/span><br \/><\/strong>Les La\u00efcs En mission Eccl\u00e9siale* et coordinateurs paroissiaux se retrouvent pour leur session annuelle le <strong>lundi\u00a03 f\u00e9vrier 2025, de 9h \u00e0 18h, \u00e0 la Maison dioc\u00e9saine<\/strong>, au domaine de l\u2019Asn\u00e9e. Le th\u00e8me <em>\u00ab\u00a0Vivre en fraternit\u00e9, quel d\u00e9fi !\u00a0\u00bb. D<\/em>ans la continuit\u00e9 de la lettre pastorale de notre \u00e9v\u00eaque <a style=\"color: #000000;\" href=\"https:\/\/www.catholique-nancy.fr\/grands-dossiers\/conversion-missionnaire\/\"><em>Vers plus de fraternit\u00e9<\/em><\/a>, une r\u00e9flexion commune sera men\u00e9e sur diff\u00e9rents aspects de la vie en \u00e9quipe, sur la mani\u00e8re dont la fraternit\u00e9 peut faire grandir chaque personne et faire grandir chaque \u00e9quipe. (*Les LEME sont des personnes ayant re\u00e7u une lettre de mission sign\u00e9e de l\u2019\u00e9v\u00eaque, et qui sont envoy\u00e9es en mission pour un temps d\u00e9termin\u00e9).<\/span><\/p>\n<p><span style=\"text-decoration: underline; color: #000000;\"><strong>\u00a0<\/strong><strong>Pri\u00e8re pour l\u2019unit\u00e9 des chr\u00e9tiens<\/strong><\/span><\/p>\n<p style=\"text-align: center;\"><span style=\"color: #000000;\"><em>Dieu notre P\u00e8re,<\/em><\/span><br \/><span style=\"color: #000000;\"><em>Accepte notre louange et notre action de gr\u00e2ce<\/em><\/span><br \/><span style=\"color: #000000;\"><em>Pour ce qui unit d\u00e9j\u00e0 les chr\u00e9tiens<\/em><\/span><br \/><span style=\"color: #000000;\"><em>Dans la confession et le t\u00e9moignage<\/em><\/span><br \/><span style=\"color: #000000;\"><em>De J\u00e9sus, notre Seigneur.<\/em><\/span><br \/><span style=\"color: #000000;\"><em>H\u00e2te l\u2019heure o\u00f9 toutes les \u00c9glises<\/em><\/span><br \/><span style=\"color: #000000;\"><em>Se reconna\u00eetront dans l\u2019unique communion<\/em><\/span><br \/><span style=\"color: #000000;\"><em>Que tu as voulue<\/em><\/span><br \/><span style=\"color: #000000;\"><em>Et pour laquelle ton Fils t\u2019a pri\u00e9<\/em><\/span><br \/><span style=\"color: #000000;\"><em>Dans la puissance de l\u2019Esprit Saint.<\/em><\/span><\/p>\n<p style=\"text-align: center;\"><span style=\"color: #000000;\"><em>Amen<\/em><\/span><\/p>\n","protected":false},"excerpt":{"rendered":"<p>Parcours Alpha\u00a0Le mardi 21 janvier 2025 \u00e0 Jarville de 19h30 \u00e0 22h dans les salles \u00e0 droite de l\u2019\u00e9glise, vous \u00eates invit\u00e9s \u00e0 une rencontre sur le th\u00e8me\u00a0: \u2018Pourquoi J\u00e9sus est-il mort ?\u2019\u2019. La rencontre d\u00e9bute par un moment convivial autour d\u2019un repas, suivi d\u2019un bref expos\u00e9 puis d\u2019un temps d\u2019\u00e9change. Ce parcours est ouvert&hellip; <br \/> <a class=\"read-more\" href=\"https:\/\/paroisses-nancy-sud.fr\/HOME\/annonces-de-saint-francois-de-sales-et-sainte-jeanne-de-chantal-du-19-janvier\/\">Lire la suite<\/a><\/p>\n","protected":false},"author":5,"featured_media":2464,"comment_status":"closed","ping_status":"open","sticky":false,"template":"","format":"standard","meta":[],"categories":[7],"tags":[],"acf":[],"_links":{"self":[{"href":"https:\/\/paroisses-nancy-sud.fr\/HOME\/wp-json\/wp\/v2\/posts\/4422"}],"collection":[{"href":"https:\/\/paroisses-nancy-sud.fr\/HOME\/wp-json\/wp\/v2\/posts"}],"about":[{"href":"https:\/\/paroisses-nancy-sud.fr\/HOME\/wp-json\/wp\/v2\/types\/post"}],"author":[{"embeddable":true,"href":"https:\/\/paroisses-nancy-sud.fr\/HOME\/wp-json\/wp\/v2\/users\/5"}],"replies":[{"embeddable":true,"href":"https:\/\/paroisses-nancy-sud.fr\/HOME\/wp-json\/wp\/v2\/comments?post=4422"}],"version-history":[{"count":3,"href":"https:\/\/paroisses-nancy-sud.fr\/HOME\/wp-json\/wp\/v2\/posts\/4422\/revisions"}],"predecessor-version":[{"id":4426,"href":"https:\/\/paroisses-nancy-sud.fr\/HOME\/wp-json\/wp\/v2\/posts\/4422\/revisions\/4426"}],"wp:featuredmedia":[{"embeddable":true,"href":"https:\/\/paroisses-nancy-sud.fr\/HOME\/wp-json\/wp\/v2\/media\/2464"}],"wp:attachment":[{"href":"https:\/\/paroisses-nancy-sud.fr\/HOME\/wp-json\/wp\/v2\/media?parent=4422"}],"wp:term":[{"taxonomy":"category","embeddable":true,"href":"https:\/\/paroisses-nancy-sud.fr\/HOME\/wp-json\/wp\/v2\/categories?post=4422"},{"taxonomy":"post_tag","embeddable":true,"href":"https:\/\/paroisses-nancy-sud.fr\/HOME\/wp-json\/wp\/v2\/tags?post=4422"}],"curies":[{"name":"wp","href":"https:\/\/api.w.org\/{rel}","templated":true}]}}