{"id":4428,"date":"2025-01-17T16:49:18","date_gmt":"2025-01-17T15:49:18","guid":{"rendered":"https:\/\/paroisses-nancy-sud.fr\/HOME\/?p=4428"},"modified":"2025-01-17T16:49:18","modified_gmt":"2025-01-17T15:49:18","slug":"4428-2","status":"publish","type":"post","link":"https:\/\/paroisses-nancy-sud.fr\/HOME\/4428-2\/","title":{"rendered":""},"content":{"rendered":"\n<p><span style=\"color: #000000;\"><strong>Semaine de pri\u00e8re pour l\u2019unit\u00e9 des chr\u00e9tiens, \u00ab Crois-tu cela ? \u00bb<\/strong><\/span><\/p>\n<p><span style=\"color: #000000;\">Le th\u00e8me de la Semaine de pri\u00e8re pour l\u2019unit\u00e9 des chr\u00e9tiens, \u00ab <strong>Crois-tu cela <\/strong>? \u00bb a \u00e9t\u00e9 \u00e9labor\u00e9 cette ann\u00e9e avec le concours de la communaut\u00e9 monastique de Bose. Cette communaut\u00e9, fond\u00e9e en 1968 en Italie, est compos\u00e9e de fr\u00e8res et de s\u0153urs appartenant \u00e0 diff\u00e9rentes confessions chr\u00e9tiennes, vivant la vie communautaire et le c\u00e9libat. S\u2019inspirant du riche patrimoine liturgique et religieux des \u00c9glises d\u2019Orient et d\u2019Occident, les membres de la communaut\u00e9 offrent des ressources pour les chr\u00e9tiens souhaitant prier ensemble dans le respect de leurs diff\u00e9rences.<\/span><\/p>\n<p><span style=\"color: #000000;\">C\u2019est ainsi que la sp\u00e9cificit\u00e9 de la communaut\u00e9 de Bose entre en r\u00e9sonance avec la comm\u00e9moration qui aura lieu cette ann\u00e9e du 1700<sup>\u00e8me<\/sup> anniversaire du premier concile \u0153cum\u00e9nique qui se tint \u00e0 Nic\u00e9e, pr\u00e8s de Constantinople, en 325. \u00c0 partir de la confession de foi \u00e9tablie lors de ce concile, il s\u2019agit pour nous aujourd\u2019hui de c\u00e9l\u00e9brer ensemble le socle de la foi des chr\u00e9tiens qui est vivante et porte des fruits.<\/span><\/p>\n<p><span style=\"color: #000000;\">La Semaine de Pri\u00e8re pour l\u2019Unit\u00e9 des Chr\u00e9tiens 2025 est une invitation \u00e0 puiser dans notre h\u00e9ritage commun et \u00e0 entrer plus profond\u00e9ment dans la foi partag\u00e9e qui unit les chr\u00e9tiens. C\u2019est dans cet esprit que le passage biblique de r\u00e9f\u00e9rence a \u00e9t\u00e9 choisi : Jean 11, 17-27. Il s\u2019agit du dialogue entre J\u00e9sus et Marthe, lors de la visite de J\u00e9sus chez Marthe et Marie \u00e0 B\u00e9thanie, apr\u00e8s la mort de leur fr\u00e8re Lazare. Elles cherch\u00e8rent ardemment \u00e0 donner une r\u00e9ponse compr\u00e9hensible \u00e0 la question de J\u00e9sus : \u00ab Crois-tu cela ? \u00bb retenue comme th\u00e8me.<\/span><\/p>\n<p><span style=\"color: #000000;\">Que cette semaine de pri\u00e8re soit l\u2019occasion de prier et de contempler chaque jour la foi partag\u00e9e et c\u00e9l\u00e9br\u00e9e de par le monde, et d\u2019y trouver un motif d\u2019action de gr\u00e2ce car, comme le dit saint Paul : \u00ab <em>Il y a un seul Corps et un seul Esprit. Il y a un seul Seigneur, une seule foi, un seul bapt\u00eame<\/em> \u00bb (Ep 4, 4-5).<\/span><\/p>\n<p style=\"text-align: right;\"><span style=\"color: #000000;\"><em>Revue Magnificat,<br \/><\/em><em style=\"font-size: revert;\">p\u00e8re Miguel Desjardins, d\u00e9l\u00e9gu\u00e9 national de la Conf\u00e9rence <\/em><em style=\"font-size: revert;\">des \u00c9v\u00eaques de France pour l\u2019unit\u00e9 des chr\u00e9tiens.<\/em><\/span><\/p>\n","protected":false},"excerpt":{"rendered":"<p>Semaine de pri\u00e8re pour l\u2019unit\u00e9 des chr\u00e9tiens, \u00ab Crois-tu cela ? \u00bb Le th\u00e8me de la Semaine de pri\u00e8re pour l\u2019unit\u00e9 des chr\u00e9tiens, \u00ab Crois-tu cela ? \u00bb a \u00e9t\u00e9 \u00e9labor\u00e9 cette ann\u00e9e avec le concours de la communaut\u00e9 monastique de Bose. Cette communaut\u00e9, fond\u00e9e en 1968 en Italie, est compos\u00e9e de fr\u00e8res et de&hellip; <br \/> <a class=\"read-more\" href=\"https:\/\/paroisses-nancy-sud.fr\/HOME\/4428-2\/\">Lire la suite<\/a><\/p>\n","protected":false},"author":5,"featured_media":523,"comment_status":"closed","ping_status":"open","sticky":false,"template":"","format":"standard","meta":[],"categories":[6],"tags":[],"acf":[],"_links":{"self":[{"href":"https:\/\/paroisses-nancy-sud.fr\/HOME\/wp-json\/wp\/v2\/posts\/4428"}],"collection":[{"href":"https:\/\/paroisses-nancy-sud.fr\/HOME\/wp-json\/wp\/v2\/posts"}],"about":[{"href":"https:\/\/paroisses-nancy-sud.fr\/HOME\/wp-json\/wp\/v2\/types\/post"}],"author":[{"embeddable":true,"href":"https:\/\/paroisses-nancy-sud.fr\/HOME\/wp-json\/wp\/v2\/users\/5"}],"replies":[{"embeddable":true,"href":"https:\/\/paroisses-nancy-sud.fr\/HOME\/wp-json\/wp\/v2\/comments?post=4428"}],"version-history":[{"count":1,"href":"https:\/\/paroisses-nancy-sud.fr\/HOME\/wp-json\/wp\/v2\/posts\/4428\/revisions"}],"predecessor-version":[{"id":4429,"href":"https:\/\/paroisses-nancy-sud.fr\/HOME\/wp-json\/wp\/v2\/posts\/4428\/revisions\/4429"}],"wp:featuredmedia":[{"embeddable":true,"href":"https:\/\/paroisses-nancy-sud.fr\/HOME\/wp-json\/wp\/v2\/media\/523"}],"wp:attachment":[{"href":"https:\/\/paroisses-nancy-sud.fr\/HOME\/wp-json\/wp\/v2\/media?parent=4428"}],"wp:term":[{"taxonomy":"category","embeddable":true,"href":"https:\/\/paroisses-nancy-sud.fr\/HOME\/wp-json\/wp\/v2\/categories?post=4428"},{"taxonomy":"post_tag","embeddable":true,"href":"https:\/\/paroisses-nancy-sud.fr\/HOME\/wp-json\/wp\/v2\/tags?post=4428"}],"curies":[{"name":"wp","href":"https:\/\/api.w.org\/{rel}","templated":true}]}}