{"id":4434,"date":"2025-01-24T21:05:12","date_gmt":"2025-01-24T20:05:12","guid":{"rendered":"https:\/\/paroisses-nancy-sud.fr\/HOME\/?p=4434"},"modified":"2025-01-24T21:05:12","modified_gmt":"2025-01-24T20:05:12","slug":"annonces-de-la-visitation-du-26-janvier","status":"publish","type":"post","link":"https:\/\/paroisses-nancy-sud.fr\/HOME\/annonces-de-la-visitation-du-26-janvier\/","title":{"rendered":"Annonces de la Visitation du 26 janvier"},"content":{"rendered":"\n<p><span style=\"color: #000000;\"><span style=\"text-decoration: underline;\"><strong>Mardi 28 janvier 2025, \u00e0 20h, <\/strong><\/span><a style=\"color: #000000;\" href=\"https:\/\/www.catholique-nancy.fr\/sites\/homosexualite-et-vie-chretienne\/\">l\u2019\u00e9quipe dioc\u00e9saine Homosexualit\u00e9 et vie chr\u00e9tienne<\/a>\u00a0invite tous ceux qui le souhaitent \u00e0 participer \u00e0 un cin\u00e9-d\u00e9bat autour du film\u00a0Flee, r\u00e9alis\u00e9 par Jonas Poher Rasmussen, qui raconte l\u2019histoire d\u2019un jeune afghan fuyant son pays en raison de son homosexualit\u00e9. La projection, suivie d\u2019un d\u00e9bat, est propos\u00e9e au cin\u00e9ma\u00a0<a style=\"color: #000000;\" href=\"https:\/\/www.cameo-nancy.fr\/nos-cinemas\/p0073-cameo-commanderie\/\">Cam\u00e9o Commanderie \u00e0 Nancy<\/a>, au tarif de 9\u20ac. Parmi les invit\u00e9s au d\u00e9bat, il y aura Thibault Laplace, qui accompagne des migrants, et Franck Porterat, pr\u00e9sident de l\u2019antenne de la M-et-M de la Ligue internationale contre le racisme et l\u2019antis\u00e9mitisme (Licra).<\/span><\/p>\n<p><span style=\"color: #000000;\"><strong>\u00a0<\/strong><span style=\"text-decoration: underline;\"><strong>Jeudi 30 janvier 2025, \u00e0 20h,<\/strong> \u00ab<\/span>\u00a0Comment parler a\u0300 Dieu ? La vraie religion selon Thomas d\u2019Aquin.\u00a0\u00bb Voil\u00e0 le th\u00e8me de la conf\u00e9rence de ce jeudi 30 janvier, au 4 rue Lacordaire \u00e0 Nancy. Intervenant : le fr\u00e8re Gilles Berceville, dominicain, professeur de th\u00e9ologie a\u0300 l\u2019Institut Catholique de Paris.<\/span><\/p>\n<p><span style=\"color: #000000;\"><strong><span style=\"text-decoration: underline;\">Samedi 1er\u00a0f\u00e9vrier 2025 au Domaine de l\u2019Asn\u00e9e<\/span>, <\/strong>journ\u00e9e destin\u00e9e aux adultes de notre dioc\u00e8se qui se pr\u00e9parent aux sacrements de l\u2019initiation chr\u00e9tienne et qui sont appel\u00e9s par notre \u00e9v\u00eaque \u00e0 signifier leur choix lors de l\u2019Appel d\u00e9cisif en la cath\u00e9drale de Nancy.<\/span><br \/><span style=\"color: #000000;\">Sur notre paroisse, cinq adultes sont concern\u00e9s que nous accompagnons de nos pri\u00e8res.<\/span><\/p>\n<p><span style=\"color: #000000;\"><span style=\"text-decoration: underline;\"><strong>Dimanche 9 f\u00e9vrier, dimanche de la sant\u00e9 <\/strong>;<\/span> Nous prierons pour les personnels soignants, les aidants et les b\u00e9n\u00e9voles, avec petits t\u00e9moignages, panneaux dans le narthex, un ap\u00e9ritif sera servi \u00e9galement dans le narthex.<\/span><\/p>\n<p><span style=\"color: #000000;\">\u00a0<strong><span style=\"text-decoration: underline;\">Samedi 22 f\u00e9vrier 2025 \u00e0 l\u2019\u00e9glise de Bainville sur Madon \u00e0 16H00\u00a0<\/span><br \/><\/strong>\u00a0Messe pour les malades et personnes \u00e2g\u00e9es et ou handicap\u00e9es,<\/span><br \/><span style=\"color: #000000;\">Le sacrement des malades peut \u00eatre donn\u00e9 pendant la messe, il suffit d\u2019en faire la demande \u00e0 la maison paroissiale, par t\u00e9l\u00e9phone les jours de permanence\u00a0 (03 83 47 25 54) ou par mail<strong>\u00a0 \u00a0<\/strong><a style=\"color: #000000;\" href=\"mailto:visitationmm@orange.fr\">visitationmm@orange.fr<\/a><strong><br \/><\/strong>Un go\u00fbter sera servi dans la salle \u00e0 c\u00f4t\u00e9 de l\u2019\u00e9glise \u00e0 l\u2019issue de la c\u00e9l\u00e9bration.<\/span><\/p>\n<p><span style=\"color: #000000;\"><strong><span style=\"text-decoration: underline;\">Messes \u00e0 la Visitation<\/span><br \/><\/strong>Samedi \u00a001 f\u00e9vrier \u00e0 18h00\u00a0: Chavigny<\/span><br \/><span style=\"color: #000000;\">Dimanche 02 f\u00e9vrier \u00e0 10h00\u00a0: Xeuilley et \u00e0 10h30\u00a0: Neuves Maisons<\/span><\/p>\n<p><span style=\"color: #000000;\"><strong><span style=\"text-decoration: underline;\">Messes en semaine.<\/span><br \/><\/strong>Jeudi\u00a0: adoration \u00e0 16h00 et messe \u00e0 16h30 \u00e0 la chapelle.<\/span><br \/><span style=\"color: #000000;\">Vendredi\u00a0: messe \u00e0 08h20 chez les s\u0153urs \u00e0 Bainville, 67 rue Jacques Callot.<\/span><\/p>\n<p><span style=\"color: #000000;\"><strong><u>Permanences \u00e0 la maison paroissiale :<\/u><\/strong> <\/span><br \/><span style=\"color: #000000;\">Mardi de 14h \u00e0 16h30 et Samedi de 9h30 \u00e0 11h30<\/span><br \/><span style=\"color: #000000;\">tel : 03 83 47 25 54 \u2013 <em><strong>adresse mail<\/strong><\/em><strong> : <\/strong><a style=\"color: #000000;\" href=\"mailto:visitationmm@orange.fr\">visitationmm@orange.fr<\/a>\u00a0 <\/span><br \/><span style=\"color: #000000;\">Horaires des messes :\u00a0 <a style=\"color: #000000;\" href=\"https:\/\/messes.info\/\">messesinfo<\/a><em> (cliquer sur le lien)<\/em><\/span><\/p>\n","protected":false},"excerpt":{"rendered":"<p>Mardi 28 janvier 2025, \u00e0 20h, l\u2019\u00e9quipe dioc\u00e9saine Homosexualit\u00e9 et vie chr\u00e9tienne\u00a0invite tous ceux qui le souhaitent \u00e0 participer \u00e0 un cin\u00e9-d\u00e9bat autour du film\u00a0Flee, r\u00e9alis\u00e9 par Jonas Poher Rasmussen, qui raconte l\u2019histoire d\u2019un jeune afghan fuyant son pays en raison de son homosexualit\u00e9. La projection, suivie d\u2019un d\u00e9bat, est propos\u00e9e au cin\u00e9ma\u00a0Cam\u00e9o Commanderie \u00e0&hellip; <br \/> <a class=\"read-more\" href=\"https:\/\/paroisses-nancy-sud.fr\/HOME\/annonces-de-la-visitation-du-26-janvier\/\">Lire la suite<\/a><\/p>\n","protected":false},"author":5,"featured_media":471,"comment_status":"closed","ping_status":"open","sticky":false,"template":"","format":"standard","meta":[],"categories":[10],"tags":[],"acf":[],"_links":{"self":[{"href":"https:\/\/paroisses-nancy-sud.fr\/HOME\/wp-json\/wp\/v2\/posts\/4434"}],"collection":[{"href":"https:\/\/paroisses-nancy-sud.fr\/HOME\/wp-json\/wp\/v2\/posts"}],"about":[{"href":"https:\/\/paroisses-nancy-sud.fr\/HOME\/wp-json\/wp\/v2\/types\/post"}],"author":[{"embeddable":true,"href":"https:\/\/paroisses-nancy-sud.fr\/HOME\/wp-json\/wp\/v2\/users\/5"}],"replies":[{"embeddable":true,"href":"https:\/\/paroisses-nancy-sud.fr\/HOME\/wp-json\/wp\/v2\/comments?post=4434"}],"version-history":[{"count":1,"href":"https:\/\/paroisses-nancy-sud.fr\/HOME\/wp-json\/wp\/v2\/posts\/4434\/revisions"}],"predecessor-version":[{"id":4435,"href":"https:\/\/paroisses-nancy-sud.fr\/HOME\/wp-json\/wp\/v2\/posts\/4434\/revisions\/4435"}],"wp:featuredmedia":[{"embeddable":true,"href":"https:\/\/paroisses-nancy-sud.fr\/HOME\/wp-json\/wp\/v2\/media\/471"}],"wp:attachment":[{"href":"https:\/\/paroisses-nancy-sud.fr\/HOME\/wp-json\/wp\/v2\/media?parent=4434"}],"wp:term":[{"taxonomy":"category","embeddable":true,"href":"https:\/\/paroisses-nancy-sud.fr\/HOME\/wp-json\/wp\/v2\/categories?post=4434"},{"taxonomy":"post_tag","embeddable":true,"href":"https:\/\/paroisses-nancy-sud.fr\/HOME\/wp-json\/wp\/v2\/tags?post=4434"}],"curies":[{"name":"wp","href":"https:\/\/api.w.org\/{rel}","templated":true}]}}