{"id":4436,"date":"2025-01-24T21:12:39","date_gmt":"2025-01-24T20:12:39","guid":{"rendered":"https:\/\/paroisses-nancy-sud.fr\/HOME\/?p=4436"},"modified":"2025-01-24T21:12:39","modified_gmt":"2025-01-24T20:12:39","slug":"annonces-de-saint-francois-de-sales-et-sainte-jeanne-de-chantal-du-26-janvier","status":"publish","type":"post","link":"https:\/\/paroisses-nancy-sud.fr\/HOME\/annonces-de-saint-francois-de-sales-et-sainte-jeanne-de-chantal-du-26-janvier\/","title":{"rendered":"Annonces de Saint-Fran\u00e7ois-de-Sales et Sainte-Jeanne-de-Chantal du 26 janvier"},"content":{"rendered":"\n<p><span style=\"color: #000000;\"><strong><span style=\"text-decoration: underline;\">Dimanche 26 janvier\u00a0: Dimanche de la Parole de Dieu<\/span><br \/><\/strong>Le 26 janvier 2025 marquera la sixi\u00e8me \u00e9dition du Dimanche de la\u00a0<a style=\"color: #000000;\" href=\"https:\/\/catechese.catholique.fr\/outils\/lexique\/parole-de-dieu\/\">Parole de Dieu<\/a>, une c\u00e9l\u00e9bration qui aura lieu dans toute l\u2019\u00c9glise. Pour cette occasion, le pape Fran\u00e7ois a choisi comme devise les paroles du psalmiste : \u00ab <strong>J\u2019esp\u00e8re en ta Parole<\/strong> \u00bb (Ps 119, 74). Ce verset r\u00e9sonne comme un appel \u00e0 l\u2019esp\u00e9rance, un cri lanc\u00e9 vers Dieu dans les moments de doute, de souffrance ou de confusion.<\/span><\/p>\n<p><span style=\"color: #000000;\"><span style=\"text-decoration: underline;\"><strong>Parcours Alpha<br \/><\/strong><\/span><strong>Le mardi 28 janvier 2025 \u00e0 Jarville de 19h30 \u00e0 22h<\/strong> dans les salles \u00e0 droite de l\u2019\u00e9glise, <strong>vous \u00eates invit\u00e9s \u00e0 une rencontre sur le th\u00e8me\u00a0: <em>\u2018Comment savoir si j\u2019ai la foi<\/em> ?\u2019\u2019. <\/strong>La rencontre d\u00e9bute par un moment convivial autour d\u2019un repas, suivi d\u2019un bref expos\u00e9 puis d\u2019un temps d\u2019\u00e9change. <strong>Ce parcours est ouvert \u00e0 tous.<\/strong> Chacun est accueilli de mani\u00e8re d\u00e9contract\u00e9e pour \u00e9changer en petits groupes, <strong>d\u00e9couvrir ou red\u00e9couvrir la foi chr\u00e9tienne<\/strong>. Contact\u00a0: Odile Bonmati 06 23 46 74 17.\u00a0<\/span><\/p>\n<p><span style=\"color: #000000;\"><span style=\"text-decoration: underline;\"><strong>Pr\u00e9paration au mariage<br \/><\/strong><\/span>Les prochaines rencontres des couples se pr\u00e9parant au mariage se feront <strong>le dimanche 2 f\u00e9vrier le matin et le samedi 8 f\u00e9vier l\u2019apr\u00e8s-midi<\/strong> \u00e0 Jarville.<\/span><\/p>\n<p><span style=\"color: #000000;\"><span style=\"text-decoration: underline;\"><strong>Qu\u00eate suppl\u00e9mentaire du premier dimanche du mois<br \/><\/strong><\/span><strong style=\"font-size: revert;\">Les samedi 1<sup>er<\/sup> f\u00e9vrier et dimanche 2 f\u00e9vrier<\/strong><span style=\"font-size: revert;\">, \u00e0 la sortie des messes on vous proposera la qu\u00eate suppl\u00e9mentaire du premier dimanche du mois, qu\u00eate qui permet de consolider le budget de fonctionnement et d\u2019entretien de nos locaux. Grand merci \u00e0 vous\u00a0!<\/span><\/span><\/p>\n<p><span style=\"color: #000000;\"><span style=\"text-decoration: underline;\"><strong>Horaires des messes dominicales des 1<sup>er<\/sup>et 2 f\u00e9vrier 2025.<br \/><\/strong><\/span><strong>Attention, il n\u2019y a pas de messe \u00e0 Fl\u00e9ville ce dimanche 26 janvier.<br \/><\/strong><strong>Samedi 1<sup>er<\/sup> f\u00e9vrier\u00a0: 18h <\/strong>Heillecourt, Laneuveville, Chavigny,<\/span><br \/><span style=\"color: #000000;\"><strong>Dimanche 2 f\u00e9vrier : 10h<\/strong> Xeuilley <strong>10 h30 <\/strong>Jarville, Neuves-Maisons\u00a0\u00a0\u00a0 \u00a0<strong>11h<\/strong> Ludres\u00a0\u00a0\u00a0 \u00a0\u00a0\u00a0\u00a0\u00a0\u00a0\u00a0\u00a0<\/span><\/p>\n<p><span style=\"color: #000000;\"><span style=\"text-decoration: underline;\"><strong>Journ\u00e9e Mariale en l\u2019\u00e9glise de Laneuveville\u00a0<br \/><\/strong><\/span><strong><em>\u2018\u2019Avec Marie, P\u00e8lerins d\u2019Esp\u00e9rance\u2019\u2019<br \/><\/em><\/strong><strong>Le mardi 11 f\u00e9vrier 2025\u00a0: \u00e0 10h messe <\/strong>suivie d\u2019un d\u00e9jeuner \u00e0 l\u2019auberge de La Mirabelle \u00e0 Ferri\u00e8re\u00a0: Inscription avant le 15 janvier. Contact\u00a0: Mme Chambon 03 83 56 34 31 ou 06 83 50 66 49.<\/span><\/p>\n<p><span style=\"color: #000000;\"><span style=\"text-decoration: underline;\"><strong>Autres Annonces<br \/><\/strong><\/span><strong>Les 25-26 janvier\u00a0: 72<sup>\u00e8me<\/sup> Journ\u00e9es mondiales des malades de la l\u00e8pre<br \/><\/strong><strong style=\"font-size: revert;\"><em>Parce que la l\u00e8pre d\u00e9chire encore des vies<br \/><\/em><\/strong>Bien que souvent per\u00e7ue comme une maladie du pass\u00e9, la l\u00e8pre frappe encore chaque ann\u00e9e plus de 200 000 personnes, principalement dans les r\u00e9gions les plus vuln\u00e9rables du monde. \u00c0 l&rsquo;occasion de la Journ\u00e9e mondiale des malades de la l\u00e8pre 2025, qui se tiendra du <strong>24 au 26 janvier<\/strong>, la Fondation Raoul Follereau r\u00e9affirme l&rsquo;urgence d&rsquo;agir et met en avant les <strong>efforts notamment d\u00e9ploy\u00e9s au Tchad<\/strong>, <strong>A la sortie des messes de ce week-end<\/strong>, (ou le WE du 9 f\u00e9vrier \u00e0 Flavigny et \u00e0 Fl\u00e9ville)<strong> des qu\u00eateurs nous solliciteront. Pour tous les malades et ceux qui les soignent, <\/strong>merci pour votre g\u00e9n\u00e9rosit\u00e9<strong>.<\/strong><\/span><\/p>\n<p><span style=\"color: #000000;\"><span style=\"text-decoration: underline;\"><strong>Conf\u00e9rence de l\u2019ADA\u00a0: La guerre de l\u2019information<br \/><\/strong><\/span><strong>Mardi 28 janvier \u00e0 20h30 <\/strong>au domaine de l\u2019Asn\u00e9e, par Francis Colon professeur d\u2019histoire.<\/span><br \/><span style=\"color: #000000;\"><strong>Comment parler \u00e0 Dieu\u00a0? La vraie religion selon Thomas D\u2019Aquin<\/strong><\/span><\/p>\n<p><span style=\"color: #000000;\"><span style=\"text-decoration: underline;\"><strong>Conf\u00e9rence du jeudi 30 janvier 2025, \u00e0 20h, au 4 rue Lacordaire \u00e0 Nancy, au Couvent des dominicains. <\/strong><\/span>Intervenant : le fr\u00e8re Gilles Berceville, dominicain, professeur de the\u0301ologie a\u0300 l\u2019Institut Catholique de Paris.<\/span><\/p>\n<p><span style=\"color: #000000;\"><span style=\"text-decoration: underline;\"><strong>Journ\u00e9e des la\u00efcs en mission eccl\u00e9siale (LEME*) et des coordinateurs<br \/><\/strong><\/span>Les La\u00efcs En mission Eccl\u00e9siale* et coordinateurs paroissiaux se retrouvent pour leur session annuelle le <strong>lundi\u00a03 f\u00e9vrier 2025, de 9h \u00e0 18h, \u00e0 la Maison dioc\u00e9saine<\/strong>, au domaine de l\u2019Asn\u00e9e. Le th\u00e8me <em>\u00ab\u00a0Vivre en fraternit\u00e9, quel d\u00e9fi !\u00a0\u00bb. D<\/em>ans la continuit\u00e9 de la lettre pastorale de notre \u00e9v\u00eaque <a style=\"color: #000000;\" href=\"https:\/\/www.catholique-nancy.fr\/grands-dossiers\/conversion-missionnaire\/\"><em>Vers plus de fraternit\u00e9<\/em><\/a>, une r\u00e9flexion commune sera men\u00e9e sur diff\u00e9rents aspects de la vie en \u00e9quipe, sur la mani\u00e8re dont la fraternit\u00e9 peut faire grandir chaque personne et faire grandir chaque \u00e9quipe. (*Les LEME sont des personnes ayant re\u00e7u une lettre de mission sign\u00e9e de l\u2019\u00e9v\u00eaque, et qui sont envoy\u00e9es en mission pour un temps d\u00e9termin\u00e9).<\/span><\/p>\n<p><span style=\"color: #000000;\"><span style=\"text-decoration: underline;\"><strong>Mini-Camp 7-12 ans<br \/><\/strong><\/span><strong>\u2018La Joie de servir, une esp\u00e9rance \u00e0 b\u00e2tir\u2019\u2019<br \/><\/strong>Voici une proposition du\u00a0<a style=\"color: #000000;\" href=\"https:\/\/www.mej.fr\/\">Mouvement eucharistique des jeunes<\/a>\u00a0(MEJ 54) pour faire vivre aux jeunes \u00e2g\u00e9s de 7 \u00e0 12 ans des vacances autrement :\u00a0un <strong>mini-camp MEJ de quatre jours \u00e0 Rehaupal, dans les Vosges, du dimanche 9 au mercredi 12 f\u00e9vrier 2025.<br \/><\/strong>D\u00e9couverte, joie, partage, amiti\u00e9, foi, confiance seront au c\u0153ur de cette exp\u00e9rience.<\/span><br \/><span style=\"color: #000000;\">Quand ? Comment ?\u00a0<strong>D\u00e9part en bus le dimanche 9 f\u00e9vrier 2025 \u00e0 10h30 depuis le parking du cin\u00e9ma UGC, \u00e0 Ludres. <\/strong>Retour le mercredi 12 f\u00e9vrier vers 16h30 au m\u00eame endroit.<\/span><\/p>\n<p><span style=\"color: #000000;\"><span style=\"text-decoration: underline;\"><strong>Journ\u00e9e de la Vie Consacr\u00e9e 2025<br \/><\/strong><\/span>A l\u2019occasion de la journ\u00e9e de la Vie Consacr\u00e9e, les V\u00eapres seront c\u00e9l\u00e9br\u00e9es avec les personnes consacr\u00e9es le <strong>dimanche 2 f\u00e9vrier \u00e0 la cath\u00e9drale de Nancy \u00e0 16h.<\/strong><\/span><\/p>\n<p><span style=\"color: #000000;\"><span style=\"text-decoration: underline;\"><strong>Heure de pri\u00e8re et d\u2019adoration pour les pr\u00eatres<br \/><\/strong><\/span><strong>Le vendredi 7 f\u00e9vier <\/strong>(chaque premier vendredi du mois)<strong> \u00e0 17h \u00e0 l\u2019\u00e9glise Ste Th\u00e9r\u00e8se de Villers les Nancy. <\/strong>Heure de pri\u00e8re organis\u00e9e par l\u2019Institut s\u00e9culier AAS (Assistantes \u00e0 l\u2019Apostolat Sacerdotal)<\/span><\/p>\n<p><span style=\"color: #000000;\"><span style=\"text-decoration: underline;\"><strong>R\u00e9collection des cat\u00e9chum\u00e8nes avant appel d\u00e9cisif<br \/><\/strong><\/span><strong style=\"font-size: revert;\">Samedi 1<sup>er<\/sup>\u00a0f\u00e9vrier 2025 au Domaine de l\u2019Asn\u00e9e <\/strong><span style=\"font-size: revert;\">(Villers-l\u00e8s-Nancy)\u00a0: Cette journ\u00e9e est destin\u00e9e aux adultes de notre dioc\u00e8se qui se pr\u00e9parent aux sacrements de l\u2019initiation chr\u00e9tienne et qui sont appel\u00e9s par notre \u00e9v\u00eaque \u00e0 signifier leur choix lors de l\u2019Appel d\u00e9cisif en la cath\u00e9drale de Nancy. Nous avons cinq jeunes adultes de nos paroisses, qui seront baptis\u00e9s \u00e0 P\u00e2ques 2025.<\/span><\/span><\/p>\n","protected":false},"excerpt":{"rendered":"<p>Dimanche 26 janvier\u00a0: Dimanche de la Parole de DieuLe 26 janvier 2025 marquera la sixi\u00e8me \u00e9dition du Dimanche de la\u00a0Parole de Dieu, une c\u00e9l\u00e9bration qui aura lieu dans toute l\u2019\u00c9glise. Pour cette occasion, le pape Fran\u00e7ois a choisi comme devise les paroles du psalmiste : \u00ab J\u2019esp\u00e8re en ta Parole \u00bb (Ps 119, 74). Ce&hellip; <br \/> <a class=\"read-more\" href=\"https:\/\/paroisses-nancy-sud.fr\/HOME\/annonces-de-saint-francois-de-sales-et-sainte-jeanne-de-chantal-du-26-janvier\/\">Lire la suite<\/a><\/p>\n","protected":false},"author":5,"featured_media":2464,"comment_status":"closed","ping_status":"open","sticky":false,"template":"","format":"standard","meta":[],"categories":[7],"tags":[],"acf":[],"_links":{"self":[{"href":"https:\/\/paroisses-nancy-sud.fr\/HOME\/wp-json\/wp\/v2\/posts\/4436"}],"collection":[{"href":"https:\/\/paroisses-nancy-sud.fr\/HOME\/wp-json\/wp\/v2\/posts"}],"about":[{"href":"https:\/\/paroisses-nancy-sud.fr\/HOME\/wp-json\/wp\/v2\/types\/post"}],"author":[{"embeddable":true,"href":"https:\/\/paroisses-nancy-sud.fr\/HOME\/wp-json\/wp\/v2\/users\/5"}],"replies":[{"embeddable":true,"href":"https:\/\/paroisses-nancy-sud.fr\/HOME\/wp-json\/wp\/v2\/comments?post=4436"}],"version-history":[{"count":1,"href":"https:\/\/paroisses-nancy-sud.fr\/HOME\/wp-json\/wp\/v2\/posts\/4436\/revisions"}],"predecessor-version":[{"id":4437,"href":"https:\/\/paroisses-nancy-sud.fr\/HOME\/wp-json\/wp\/v2\/posts\/4436\/revisions\/4437"}],"wp:featuredmedia":[{"embeddable":true,"href":"https:\/\/paroisses-nancy-sud.fr\/HOME\/wp-json\/wp\/v2\/media\/2464"}],"wp:attachment":[{"href":"https:\/\/paroisses-nancy-sud.fr\/HOME\/wp-json\/wp\/v2\/media?parent=4436"}],"wp:term":[{"taxonomy":"category","embeddable":true,"href":"https:\/\/paroisses-nancy-sud.fr\/HOME\/wp-json\/wp\/v2\/categories?post=4436"},{"taxonomy":"post_tag","embeddable":true,"href":"https:\/\/paroisses-nancy-sud.fr\/HOME\/wp-json\/wp\/v2\/tags?post=4436"}],"curies":[{"name":"wp","href":"https:\/\/api.w.org\/{rel}","templated":true}]}}