{"id":4438,"date":"2025-01-24T21:16:33","date_gmt":"2025-01-24T20:16:33","guid":{"rendered":"https:\/\/paroisses-nancy-sud.fr\/HOME\/?p=4438"},"modified":"2025-01-24T21:16:33","modified_gmt":"2025-01-24T20:16:33","slug":"saint-francois-de-sales","status":"publish","type":"post","link":"https:\/\/paroisses-nancy-sud.fr\/HOME\/saint-francois-de-sales\/","title":{"rendered":"Saint Fran\u00e7ois de Sales"},"content":{"rendered":"\n<p><span style=\"color: #000000;\"><strong>Saint Fran\u00e7ois de Sales, \u00e9v\u00eaque de Gen\u00e8ve, docteur de l&rsquo;\u00c9glise (+ 1622, sa f\u00eate est le 24 janvier)<\/strong><\/span><\/p>\n<p><span style=\"color: #000000;\">Le pape Fran\u00e7ois a consacr\u00e9 une lettre apostolique \u00ab <a style=\"color: #000000;\" href=\"https:\/\/eglise.catholique.fr\/vatican\/messages-du-pape-francois\/534801-lettre-apostolique-totum-amoris-est-du-saint-pere-le-pape-francois-pour-le-quatrieme-centaine-de-la-mort-de-saint-francois-de-sales\/\"><em>Totum amoris est<\/em>\u00a0<\/a>\u00bb, <em>tout est amour<\/em>, pour le 4<sup>\u00e8me<\/sup> centenaire de la mort de saint Fran\u00e7ois de Sales (28 d\u00e9cembre 2022).<\/span><\/p>\n<p><span style=\"color: #000000;\">Un saint \u00e9v\u00eaque savoyard du 17<sup>\u00e8me<\/sup>\u00a0si\u00e8cle peut-il encore parler aux fid\u00e8les du 21<sup>\u00e8me<\/sup>\u00a0si\u00e8cle ? Oui, nous r\u00e9pond le Pape Fran\u00e7ois \u00e0 travers cette lettre.<\/span><\/p>\n<p><span style=\"color: #000000;\">Le Saint-P\u00e8re nous fait mieux conna\u00eetre le parcours terrestre de cet inlassable pasteur et pr\u00e9dicateur du \u00ab\u00a0Grand si\u00e8cle\u00a0\u00bb, marqu\u00e9 par de graves crises politiques dans le Royaume de France et par les guerres de religion. On y d\u00e9couvre un saint dot\u00e9 de \u00ab temp\u00e9rament<em> \u00bb,<\/em>\u00a0fin observateur des probl\u00e8mes et caract\u00e9ristiques de son \u00e9poque, mais tout aussi attentif \u00e0 la complexit\u00e9 du c\u0153ur humain, qu\u2019il a lui-m\u00eame exp\u00e9riment\u00e9e \u00e0 travers crises et rel\u00e8vements.\u00a0<\/span><\/p>\n<p><span style=\"color: #000000;\">Pour aider les chr\u00e9tiens \u00e0 \u00a0\u00bb habiter le changement avec une sagesse \u00e9vang\u00e9lique \u00ab\u00a0, le Pape reprend dans sa lettre trois axes fondamentaux de la pens\u00e9e de Fran\u00e7ois de Sales.\u00a0<\/span><\/p>\n<p><span style=\"color: #000000;\">Le premier consiste \u00e0 relire la \u00ab\u00a0relation heureuse entre Dieu et l\u2019\u00eatre humain \u00bb.<em>\u00a0<\/em>Pour le fondateur de l\u2019ordre de la Visitation avec sainte Jeanne de Chantal, il s\u2019agit de r\u00e9aliser que Dieu n\u2019impose rien \u00e0 sa cr\u00e9ature de mani\u00e8re despotique ou arbitraire mais lui apprend \u00e0 marcher \u00ab\u00a0comme le fait un papa ou une maman avec son enfant\u00a0\u00bb.\u00a0<\/span><\/p>\n<p><span style=\"color: #000000;\">Le deuxi\u00e8me \u00e9l\u00e9ment de l\u2019\u0153uvre de saint Fran\u00e7ois de Sales mis en avant par le Pape est sa r\u00e9flexion sur la d\u00e9votion. \u00ab\u00a0La description de la fausse d\u00e9votion par Fran\u00e7ois de Sales est savoureuse et toujours actuelle et il n\u2019est pas difficile pour nous de nous y retrouver, non sans une touche efficace de sain humour\u00a0\u00bb.<\/span><\/p>\n<p><span style=\"color: #000000;\">Il reprend les paroles de Paul VI prononc\u00e9es \u00e0 l\u2019occasion du quatri\u00e8me centenaire de la naissance de Fran\u00e7ois de Sales : \u00ab\u00a0La saintet\u00e9 n\u2019est pas l\u2019apanage de l\u2019une ou de l\u2019autre classe ; mais l\u2019invitation pressante est adress\u00e9e \u00e0 tous les chr\u00e9tiens.\u00a0\u00bb\u00a0<\/span><\/p>\n<p><span style=\"color: #000000;\">Enfin, le pape Fran\u00e7ois souligne que l\u2019\u00e9v\u00eaque d\u2019Annecy consid\u00e9rait la vie chr\u00e9tienne comme \u00ab\u00a0l\u2019extase de l\u2019\u0153uvre et de la vie\u00a0\u00bb. Mais cette extase ne doit pas \u00eatre confondue avec \u00ab\u00a0une fuite facile\u00a0\u00bb et \u00ab\u00a0encore moins avec une ob\u00e9issance triste et grise\u00a0\u00bb, pointant du doigt ce \u00ab\u00a0danger\u00a0\u00bb qui menace la vie chr\u00e9tienne et fustigeant les chr\u00e9tiens aux airs de \u00ab\u00a0car\u00eame sans P\u00e2ques\u00a0\u00bb. Citant largement Fran\u00e7ois de Sales, le Pape d\u00e9crit l\u2019extase comme \u00ab\u00a0une vie qui a retrouv\u00e9 les sources de la joie, contre toute aridit\u00e9, contre la tentation du repli sur soi\u00a0\u00bb.<\/span><\/p>\n<p style=\"text-align: right;\"><span style=\"color: #000000;\"><em>D\u2019apr\u00e8s le site Aleteia<\/em><\/span><\/p>\n","protected":false},"excerpt":{"rendered":"<p>Saint Fran\u00e7ois de Sales, \u00e9v\u00eaque de Gen\u00e8ve, docteur de l&rsquo;\u00c9glise (+ 1622, sa f\u00eate est le 24 janvier) Le pape Fran\u00e7ois a consacr\u00e9 une lettre apostolique \u00ab Totum amoris est\u00a0\u00bb, tout est amour, pour le 4\u00e8me centenaire de la mort de saint Fran\u00e7ois de Sales (28 d\u00e9cembre 2022). Un saint \u00e9v\u00eaque savoyard du 17\u00e8me\u00a0si\u00e8cle peut-il&hellip; <br \/> <a class=\"read-more\" href=\"https:\/\/paroisses-nancy-sud.fr\/HOME\/saint-francois-de-sales\/\">Lire la suite<\/a><\/p>\n","protected":false},"author":5,"featured_media":523,"comment_status":"closed","ping_status":"open","sticky":false,"template":"","format":"standard","meta":[],"categories":[6],"tags":[],"acf":[],"_links":{"self":[{"href":"https:\/\/paroisses-nancy-sud.fr\/HOME\/wp-json\/wp\/v2\/posts\/4438"}],"collection":[{"href":"https:\/\/paroisses-nancy-sud.fr\/HOME\/wp-json\/wp\/v2\/posts"}],"about":[{"href":"https:\/\/paroisses-nancy-sud.fr\/HOME\/wp-json\/wp\/v2\/types\/post"}],"author":[{"embeddable":true,"href":"https:\/\/paroisses-nancy-sud.fr\/HOME\/wp-json\/wp\/v2\/users\/5"}],"replies":[{"embeddable":true,"href":"https:\/\/paroisses-nancy-sud.fr\/HOME\/wp-json\/wp\/v2\/comments?post=4438"}],"version-history":[{"count":1,"href":"https:\/\/paroisses-nancy-sud.fr\/HOME\/wp-json\/wp\/v2\/posts\/4438\/revisions"}],"predecessor-version":[{"id":4439,"href":"https:\/\/paroisses-nancy-sud.fr\/HOME\/wp-json\/wp\/v2\/posts\/4438\/revisions\/4439"}],"wp:featuredmedia":[{"embeddable":true,"href":"https:\/\/paroisses-nancy-sud.fr\/HOME\/wp-json\/wp\/v2\/media\/523"}],"wp:attachment":[{"href":"https:\/\/paroisses-nancy-sud.fr\/HOME\/wp-json\/wp\/v2\/media?parent=4438"}],"wp:term":[{"taxonomy":"category","embeddable":true,"href":"https:\/\/paroisses-nancy-sud.fr\/HOME\/wp-json\/wp\/v2\/categories?post=4438"},{"taxonomy":"post_tag","embeddable":true,"href":"https:\/\/paroisses-nancy-sud.fr\/HOME\/wp-json\/wp\/v2\/tags?post=4438"}],"curies":[{"name":"wp","href":"https:\/\/api.w.org\/{rel}","templated":true}]}}