{"id":4446,"date":"2025-01-31T17:30:21","date_gmt":"2025-01-31T16:30:21","guid":{"rendered":"https:\/\/paroisses-nancy-sud.fr\/HOME\/?p=4446"},"modified":"2025-01-31T17:32:17","modified_gmt":"2025-01-31T16:32:17","slug":"4446-2","status":"publish","type":"post","link":"https:\/\/paroisses-nancy-sud.fr\/HOME\/4446-2\/","title":{"rendered":"Annonces de Saint-Fran\u00e7ois-de-Sales et Sainte-Jeanne-de-Chantal du 2 f\u00e9vrier"},"content":{"rendered":"\n<p><span style=\"color: #000000;\"><span style=\"text-decoration: underline;\"><strong>Journ\u00e9e de la Vie Consacr\u00e9e 2025<br \/><\/strong><\/span>A l\u2019occasion de la journ\u00e9e de la Vie Consacr\u00e9e, les V\u00eapres seront c\u00e9l\u00e9br\u00e9es avec les personnes consacr\u00e9es le <strong>dimanche 2 f\u00e9vrier \u00e0 la cath\u00e9drale de Nancy \u00e0 16h<\/strong><strong>.<\/strong><\/span><\/p>\n<p><span style=\"color: #000000;\"><strong><span style=\"text-decoration: underline;\">Messe des familles<\/span><br \/><\/strong><strong>Ce dimanche 2 f\u00e9vrier, \u00e0 Jarville, messe des familles <\/strong>o\u00f9 sont plus particuli\u00e8rement invit\u00e9s les enfants des groupes de cat\u00e9.<\/span><\/p>\n<p><span style=\"color: #000000;\"><span style=\"text-decoration: underline;\"><strong>Qu\u00eate suppl\u00e9mentaire du premier dimanche du mois<br \/><\/strong><\/span><strong style=\"font-size: revert;\">Samedi 1<sup>er<\/sup> f\u00e9vrier et dimanche 2 f\u00e9vrier<\/strong><span style=\"font-size: revert;\">, \u00e0 la sortie des messes on vous propose la qu\u00eate suppl\u00e9mentaire du premier dimanche du mois, qu\u00eate qui permet de consolider le budget de fonctionnement et d\u2019entretien de nos locaux. Grand merci \u00e0 vous\u00a0!<\/span><\/span><\/p>\n<p><span style=\"color: #000000;\"><span style=\"text-decoration: underline;\"><strong>Pr\u00e9paration au mariage<br \/><\/strong><\/span>Les couples se pr\u00e9parant au mariage se rencontrent c<strong>e dimanche 2 f\u00e9vrier \u00e0 9h <\/strong>\u00e0 Jarville puis le<strong> samedi 8 f\u00e9vier \u00e0 14h<\/strong> \u00e0 Jarville.<\/span><\/p>\n<p><span style=\"color: #000000;\"><span style=\"text-decoration: underline;\"><strong>Roger Bertaux nous a quitt\u00e9s<br \/><\/strong><\/span>Nous avons appris avec tristesse le d\u00e9c\u00e8s du diacre de Saint-Fran\u00e7ois-de-Sales, Roger Bertaux, survenu le 24 janvier 2025. Il a \u00e9t\u00e9 ordonn\u00e9 diacre le 7 mai 2000, il \u00e9tait mari\u00e9, p\u00e8re de trois enfants. Il a particip\u00e9 \u00e0 la vie de la paroisse Saint-Fran\u00e7ois-de-Sales, notamment en tant que comptable b\u00e9n\u00e9vole. Il a aussi exerc\u00e9 son minist\u00e8re de diacre aupr\u00e8s des personnes \u00e2g\u00e9es et des personnes malades, notamment \u00e0 la maison de retraite du Haut-du-Bois \u00e0 Jarville et au sein du Mouvement chr\u00e9tien des retrait\u00e9s (MCR), et c\u00e9l\u00e9br\u00e9 des bapt\u00eames.<\/span><br \/><span style=\"color: #000000;\"><strong>La messe de fun\u00e9railles sera c\u00e9l\u00e9br\u00e9e le mardi 4 f\u00e9vrier 2025, \u00e0 14h30, \u00e0 l\u2019\u00e9glise du Sacr\u00e9-C\u0153ur de Jarville-la-Malgrange.<br \/><\/strong><span style=\"font-size: revert;\">Nous le confions \u00e0 la mis\u00e9ricorde du Seigneur et assurons sa famille et ses amis de nos pri\u00e8res.<\/span><\/span><\/p>\n<p><span style=\"color: #000000;\"><span style=\"text-decoration: underline;\"><strong>Parcours Alpha<br \/><\/strong><\/span><strong>Mardi 4 f\u00e9vrier 2025 \u00e0 Jarville de 19h30 \u00e0 22h<\/strong> rencontre sur le th\u00e8me<strong>: <em>\u2018Prier pourquoi et comment <\/em>?\u2019\u2019.<\/strong><\/span><\/p>\n<p><span style=\"color: #000000;\"><strong><span style=\"text-decoration: underline;\">Pri\u00e8re d\u2019intercession du premier jeudi du mois<\/span><br \/><\/strong><strong>Jeudi 6 f\u00e9vrier \u00e0 17h \u00e0 Jarville, pri\u00e8re d\u2019intercession <\/strong>pour les malades et les personnes souffrantes, les familles, les groupes en difficult\u00e9.<\/span><\/p>\n<p><span style=\"color: #000000;\"><span style=\"text-decoration: underline;\"><strong>Table ouverte<br \/><\/strong><\/span><strong style=\"font-size: revert;\">Dimanche 9 f\u00e9vrier, \u00e0 Jarville, rendez-vous pour la table ouverte du 2<sup>\u00e8me<\/sup> dimanche du mois\u00a0! <\/strong><span style=\"font-size: revert;\">Chacun et chacune est le ou la bienvenue. N\u2019h\u00e9sitez pas \u00e0 inviter\u00a0! Chacun apporte un plat sal\u00e9 ou sucr\u00e9 \u00e0 partager.<\/span><\/span><\/p>\n<p><span style=\"color: #000000;\"><span style=\"text-decoration: underline;\"><strong>Dimanche de la Sant\u00e9 \u2018\u2019Qui enverrai-je\u2019\u2019\u00a0<\/strong><strong>? Isa\u00efe 6,8<br \/><\/strong><\/span><span style=\"font-size: revert;\">La Journ\u00e9e mondiale du malade se d\u00e9cline dans les dioc\u00e8ses fran\u00e7ais en un Dimanche de la Sant\u00e9 <\/span><strong style=\"font-size: revert;\">(9 f\u00e9vrier 2025),<\/strong><span style=\"font-size: revert;\"> pour rappeler que l\u2019accompagnement des personnes souffrantes et la pr\u00e9servation du don de sant\u00e9 sont des priorit\u00e9s \u00e9vang\u00e9liques. Comme Isa\u00efe, osons r\u00e9pondre <\/span><em style=\"font-size: revert;\">\u2018\u2019 Me voici Seigneur \u2018\u2019 <\/em><span style=\"font-size: revert;\">pour accompagner les personnes malades, isol\u00e9es de nos quartiers comme le font d\u00e9j\u00e0 les personnes de l\u2019\u00e9quipe du Service de l\u2019Evangile aux Malades\u00a0!<\/span><\/span><\/p>\n<p><span style=\"color: #000000;\"><span style=\"text-decoration: underline;\"><strong>Horaires des messes dominicales des 8 et 9 f\u00e9vrier 2025.<br \/><\/strong><\/span><strong>Samedi 8 f\u00e9vrier\u00a0: 18h <\/strong>Heillecourt, Laneuveville, Pierreville<\/span><br \/><span style=\"color: #000000;\"><strong>Dimanche 9 f\u00e9vrier : 10h<\/strong> Flavigny, Fl\u00e9ville \u00a0\u00a0\u00a0<strong>\u00a010 h30 <\/strong>Jarville, Neuves-Maisons\u00a0\u00a0\u00a0 \u00a0<\/span><\/p>\n<p><span style=\"color: #000000;\"><span style=\"text-decoration: underline;\"><strong>Journ\u00e9e Mariale en l\u2019\u00e9glise de Laneuveville<\/strong>: <strong><em>\u2018\u2019Avec Marie, P\u00e8lerins d\u2019Esp\u00e9rance\u2019\u2019<br \/><\/em><\/strong><\/span><strong>Le mardi 11 f\u00e9vrier 2025\u00a0: \u00e0 10h messe <\/strong>suivie d\u2019un d\u00e9jeuner \u00e0 l\u2019auberge de La Mirabelle \u00e0 Ferri\u00e8re\u00a0: Inscription avant le 15 janvier. Contact\u00a0: Mme Chambon 03 83 56 34 31 ou 06 83 50 66 49.<\/span><\/p>\n<p><span style=\"text-decoration: underline; color: #000000;\"><strong>Autres Annonces :\u00a0<\/strong><\/span><\/p>\n<p><span style=\"color: #000000;\"><strong>\u00a0&#8211;<span style=\"text-decoration: underline;\"> 72<sup>\u00e8me<\/sup> Journ\u00e9es mondiales des malades de la l\u00e8pre<br \/><\/span><\/strong><strong style=\"font-size: revert;\">La qu\u00eate de lutte contre la l\u00e8pre aura lieu les dimanches 2 f\u00e9vrier \u00e0 Ludres et 9 f\u00e9vrier \u00e0 Fl\u00e9ville<\/strong><span style=\"font-size: revert;\">. Pour tous les malades et ceux qui les soignent, merci pour votre g\u00e9n\u00e9rosit\u00e9.<\/span><\/span><\/p>\n<p><span style=\"color: #000000;\"><strong>\u00a0&#8211;<span style=\"text-decoration: underline;\"> Journ\u00e9e des la\u00efcs en mission eccl\u00e9siale (LEME*) et des coordinateurs<br \/><\/span><\/strong>Les La\u00efcs En mission Eccl\u00e9siale* et coordinateurs paroissiaux se retrouvent pour leur session annuelle le <strong>lundi\u00a03 f\u00e9vrier 2025, de 9h \u00e0 18h, \u00e0 la Maison dioc\u00e9saine<\/strong>, au domaine de l\u2019Asn\u00e9e. Le th\u00e8me <em>\u00ab\u00a0Vivre en fraternit\u00e9, quel d\u00e9fi !\u00a0\u00bb. D<\/em>ans la continuit\u00e9 de la lettre pastorale de notre \u00e9v\u00eaque <a style=\"color: #000000;\" href=\"https:\/\/www.catholique-nancy.fr\/grands-dossiers\/conversion-missionnaire\/\"><em>Vers plus de fraternit\u00e9<\/em><\/a>, une r\u00e9flexion commune sera men\u00e9e sur diff\u00e9rents aspects de la vie en \u00e9quipe, sur la mani\u00e8re dont la fraternit\u00e9 peut faire grandir chaque personne et faire grandir chaque \u00e9quipe. (*Les LEME sont des personnes ayant re\u00e7u une lettre de mission sign\u00e9e de l\u2019\u00e9v\u00eaque, et qui sont envoy\u00e9es en mission pour un temps d\u00e9termin\u00e9).<\/span><\/p>\n<p><span style=\"color: #000000;\"><strong>\u00a0&#8211; <span style=\"text-decoration: underline;\">Mini-Camp MEJ des 7-12 ans : \u2018\u2018La Joie de servir, une esp\u00e9rance \u00e0 b\u00e2tir\u2019\u2019<\/span><br \/><\/strong>Le\u00a0<a style=\"color: #000000;\" href=\"https:\/\/www.mej.fr\/\">Mouvement eucharistique des jeunes<\/a>\u00a0(MEJ 54) propose de faire vivre aux jeunes \u00e2g\u00e9s de 7 \u00e0 12 ans des vacances autrement :\u00a0un <strong>mini-camp MEJ de quatre jours \u00e0 Rehaupal, dans les Vosges, du dimanche 9 au mercredi 12 f\u00e9vrier 2025. <\/strong>D\u00e9couverte, joie, partage, amiti\u00e9, foi, confiance seront au c\u0153ur de cette exp\u00e9rience. <strong>D\u00e9part en bus le dimanche 9 f\u00e9vrier 2025 \u00e0 10h30 depuis le parking du cin\u00e9ma UGC, \u00e0 Ludres. <\/strong>Contact\u00a0: responsablemej54@gmail.com<\/span><\/p>\n<p><span style=\"color: #000000;\"><strong>\u00a0&#8211; <span style=\"text-decoration: underline;\">Heure de pri\u00e8re et d\u2019adoration pour les pr\u00eatres<\/span><br \/><\/strong><strong>Le vendredi 7 f\u00e9vier <\/strong>(chaque premier vendredi du mois)<strong> \u00e0 17h \u00e0 l\u2019\u00e9glise Ste Th\u00e9r\u00e8se de Villers les Nancy. <\/strong>Heure de pri\u00e8re organis\u00e9e par l\u2019Institut s\u00e9culier AAS (Assistantes \u00e0 l\u2019Apostolat Sacerdotal)<\/span><\/p>\n<p><span style=\"color: #000000;\"><strong>\u00a0&#8211; <span style=\"text-decoration: underline;\">Vivre le jubil\u00e9 dans notre dioc\u00e8se :<\/span><\/strong><\/span><\/p>\n<ul>\n<li><span style=\"color: #000000;\"><strong>Continuons \u00e0 cheminer dans la pri\u00e8re<\/strong> : une pri\u00e8re accompagne toute l\u2019ann\u00e9e jubilaire.<\/span><\/li>\n<li><span style=\"color: #000000;\"><strong style=\"font-size: revert;\">C\u00e9l\u00e9brons de fa\u00e7on renouvel\u00e9e le sacrement de r\u00e9conciliation<\/strong><span style=\"font-size: revert;\"> : tous les pr\u00eatres du dioc\u00e8se sont invit\u00e9s \u00e0 devenir particuli\u00e8rement cette ann\u00e9e des missionnaires de la mis\u00e9ricorde, \u00e0 travers des propositions pr\u00e8s de chez vous (bulle n\u00b0 23).<\/span><\/span><\/li>\n<li><span style=\"color: #000000;\"><strong style=\"font-size: revert;\">Vivons la d\u00e9marche jubilaire en Lorraine<\/strong><span style=\"font-size: revert;\"> :\u00a0<\/span><strong style=\"font-size: revert;\">un livret<\/strong><span style=\"font-size: revert;\"> vous sera propos\u00e9 pour vivre en toute simplicit\u00e9 la d\u00e9marche de conversion et de consolation du Jubil\u00e9 de l\u2019esp\u00e9rance et obtenir l\u2019indulgence (bulle n\u00b0 23). Nous nous tournerons vers des figures spirituelles de la Lorraine pour accueillir \u00ab cette esp\u00e9rance qui ne passe pas, cette esp\u00e9rance qui est en Dieu \u00bb (bulle N\u00b0 25).<\/span><\/span><\/li>\n<li><span style=\"color: #000000;\"><strong style=\"font-size: revert;\">Faisons un p\u00e8lerinage dans l\u2019une des \u00e9glises jubilaires<\/strong><span style=\"font-size: revert;\"> : des \u00e9glises ont \u00e9t\u00e9 d\u00e9sign\u00e9es comme lieux jubilaires pour pouvoir faire la d\u00e9marche du Jubil\u00e9 (voir le site du dioc\u00e8se).<\/span><\/span><\/li>\n<li><span style=\"color: #000000;\"><strong style=\"font-size: revert;\">Participons nombreux \u00e0 la\u00a0<\/strong><a style=\"font-size: revert; color: #000000;\" href=\"https:\/\/www.catholique-nancy.fr\/agenda\/36766-36766\/\"><strong>messe chrismale<\/strong><\/a><strong style=\"font-size: revert;\">, le mardi 15 avril 2025,<\/strong> <strong style=\"font-size: revert;\">\u00e0 18h, \u00e0 la cath\u00e9drale Saint-\u00c9tienne de Toul.<\/strong><span style=\"font-size: revert;\"> (en raison des travaux dans la cath\u00e9drale de Nancy). Un verre de l\u2019amiti\u00e9 ouvert \u00e0 tous, suivra.<\/span><\/span><\/li>\n<li><span style=\"color: #000000;\"><strong style=\"font-size: revert;\">Rassemblons-nous lors de la Saint-Nicolas d\u2019\u00e9t\u00e9, le lundi 9 juin 2025<\/strong><span style=\"font-size: revert;\"> :\u00a0lors de cette procession \u00e0 Saint-Nicolas-de-Port, <\/span><strong style=\"font-size: revert;\">nous f\u00eaterons les 1700 ans du Concile de Nic\u00e9e <\/strong><strong style=\"font-size: revert;\">(bulle n\u00b0 17).<\/strong><\/span><\/li>\n<\/ul>\n","protected":false},"excerpt":{"rendered":"<p>Journ\u00e9e de la Vie Consacr\u00e9e 2025A l\u2019occasion de la journ\u00e9e de la Vie Consacr\u00e9e, les V\u00eapres seront c\u00e9l\u00e9br\u00e9es avec les personnes consacr\u00e9es le dimanche 2 f\u00e9vrier \u00e0 la cath\u00e9drale de Nancy \u00e0 16h. Messe des famillesCe dimanche 2 f\u00e9vrier, \u00e0 Jarville, messe des familles o\u00f9 sont plus particuli\u00e8rement invit\u00e9s les enfants des groupes de cat\u00e9.&hellip; <br \/> <a class=\"read-more\" href=\"https:\/\/paroisses-nancy-sud.fr\/HOME\/4446-2\/\">Lire la suite<\/a><\/p>\n","protected":false},"author":5,"featured_media":2464,"comment_status":"closed","ping_status":"open","sticky":false,"template":"","format":"standard","meta":[],"categories":[7],"tags":[],"acf":[],"_links":{"self":[{"href":"https:\/\/paroisses-nancy-sud.fr\/HOME\/wp-json\/wp\/v2\/posts\/4446"}],"collection":[{"href":"https:\/\/paroisses-nancy-sud.fr\/HOME\/wp-json\/wp\/v2\/posts"}],"about":[{"href":"https:\/\/paroisses-nancy-sud.fr\/HOME\/wp-json\/wp\/v2\/types\/post"}],"author":[{"embeddable":true,"href":"https:\/\/paroisses-nancy-sud.fr\/HOME\/wp-json\/wp\/v2\/users\/5"}],"replies":[{"embeddable":true,"href":"https:\/\/paroisses-nancy-sud.fr\/HOME\/wp-json\/wp\/v2\/comments?post=4446"}],"version-history":[{"count":2,"href":"https:\/\/paroisses-nancy-sud.fr\/HOME\/wp-json\/wp\/v2\/posts\/4446\/revisions"}],"predecessor-version":[{"id":4448,"href":"https:\/\/paroisses-nancy-sud.fr\/HOME\/wp-json\/wp\/v2\/posts\/4446\/revisions\/4448"}],"wp:featuredmedia":[{"embeddable":true,"href":"https:\/\/paroisses-nancy-sud.fr\/HOME\/wp-json\/wp\/v2\/media\/2464"}],"wp:attachment":[{"href":"https:\/\/paroisses-nancy-sud.fr\/HOME\/wp-json\/wp\/v2\/media?parent=4446"}],"wp:term":[{"taxonomy":"category","embeddable":true,"href":"https:\/\/paroisses-nancy-sud.fr\/HOME\/wp-json\/wp\/v2\/categories?post=4446"},{"taxonomy":"post_tag","embeddable":true,"href":"https:\/\/paroisses-nancy-sud.fr\/HOME\/wp-json\/wp\/v2\/tags?post=4446"}],"curies":[{"name":"wp","href":"https:\/\/api.w.org\/{rel}","templated":true}]}}