{"id":4449,"date":"2025-02-02T10:00:00","date_gmt":"2025-02-02T09:00:00","guid":{"rendered":"https:\/\/paroisses-nancy-sud.fr\/HOME\/?p=4449"},"modified":"2025-01-31T18:02:36","modified_gmt":"2025-01-31T17:02:36","slug":"vous-etes-devenus-lumiere-dans-le-christ","status":"publish","type":"post","link":"https:\/\/paroisses-nancy-sud.fr\/HOME\/vous-etes-devenus-lumiere-dans-le-christ\/","title":{"rendered":"<strong>Vous \u00eates devenus lumi\u00e8re dans le Christ<\/strong>"},"content":{"rendered":"\n<p><span style=\"color: #000000;\"><strong>Vous \u00eates devenus lumi\u00e8re dans le Christ<\/strong><\/span><\/p>\n<p><span style=\"color: #000000;\">Fr\u00e8res et s\u0153urs, ce cierge que nous tenons en main symbolise notre personne. M\u00e8che et cire \u00e9troitement associ\u00e9es composent ce cierge. Sans m\u00e8che, pas de cierge\u00a0; sans cire, pas de cierge. Il en est de m\u00eame pour notre \u00e2me et notre corps qui forment ensemble la personne unique qu&rsquo;est chacun de nous.<\/span><\/p>\n<p><span style=\"color: #000000;\">De plus, ce cierge \u00e9teint, vous en conviendrez avec moi, a l&rsquo;air un peu b\u00eate, juste pos\u00e9 l\u00e0. Oh, bien s\u00fbr, tant qu&rsquo;il est \u00e9teint, il ne risque pas de lui arriver quoi que ce soit. On peut le coucher \u00e0 plat et le laisser l\u00e0. Tranquille. P\u00e9p\u00e8re.<\/span><\/p>\n<p><span style=\"color: #000000;\">D\u00e8s lors que l&rsquo;extr\u00e9mit\u00e9 de la m\u00e8che est allum\u00e9e, plus question de le laisser couch\u00e9. Le cierge allum\u00e9 trouve son orientation naturelle en accomplissant ce en vue de quoi il existe\u00a0: illuminer. D\u00e8s lors que la fine pointe de l&rsquo;\u00e2me re\u00e7oit la lumi\u00e8re, cette lumi\u00e8re que nous f\u00eatons aujourd&rsquo;hui, alors la personne est pleinement ce qu&rsquo;elle est appel\u00e9e \u00e0 \u00eatre. Cet homme ou cette femme se tient debout, comme un vivant, les pieds sur terre, la t\u00eate tendue vers le ciel.<\/span><\/p>\n<p><span style=\"color: #000000;\">C&rsquo;est lorsqu&rsquo;il est enflamm\u00e9 que ce cierge r\u00e9pond pleinement \u00e0 sa vocation de cierge. C&rsquo;est en se consumant, en se donnant, qu&rsquo;il devient ce qu&rsquo;il est appel\u00e9 \u00e0 \u00eatre. Ainsi en est-il de l&rsquo;\u00eatre humain, \u00ab\u00a0seule cr\u00e9ature sur terre que Dieu a voulue pour elle-m\u00eame\u00a0\u00bb et qui \u00ab\u00a0ne peut pleinement se trouver que par le don d\u00e9sint\u00e9ress\u00e9 de lui-m\u00eame\u00a0\u00bb, selon la phrase du Concile Vatican\u00a0II que saint Jean-Paul\u00a0II aimait \u00e0 redire.<\/span><\/p>\n<p><span style=\"color: #000000;\">Mesurons le paradoxe\u00a0: pour \u00eatre pleinement lui-m\u00eame, ce cierge a besoin de la flamme, c&rsquo;est-\u00e0-dire de quelque chose qu&rsquo;il ne peut pas tirer de lui-m\u00eame. Cette flamme, il l&rsquo;a n\u00e9cessairement re\u00e7ue d&rsquo;un autre cierge, qui l&rsquo;avait re\u00e7ue d&rsquo;un autre cierge, et ainsi de proche en proche jusqu&rsquo;\u00e0 la source de toute flamme.<\/span><\/p>\n<p><span style=\"color: #000000;\">Pour \u00eatre pleinement ce que nous sommes, pour vivre pleinement notre vocation humaine, nous avons besoin de recevoir une lumi\u00e8re qui vient de plus grand que nous, de Dieu lui-m\u00eame.<\/span><\/p>\n<p><span style=\"color: #000000;\">Aujourd&rsquo;hui, en cette f\u00eate de la Pr\u00e9sentation du Seigneur, f\u00eate de la Chandeleur,\u00a0 nous c\u00e9l\u00e9brons cette lumi\u00e8re venue dans le monde, lumi\u00e8re sans laquelle nous resterions tels des cierges b\u00eatement couch\u00e9s en fagot dans leur carton.<\/span><\/p>\n<p><span style=\"color: #000000;\">Aujourd&rsquo;hui, nous louons et nous rendons gr\u00e2ce, c&rsquo;est-\u00e0-dire que nous disons \u00e0 la fois \u00ab\u00a0bravo\u00a0\u00bb et \u00ab\u00a0merci\u00a0\u00bb \u00e0 notre Dieu pour la lumi\u00e8re du Christ. Il est n\u00e9 il y a quarante jours, et aujourd&rsquo;hui sa lumi\u00e8re se r\u00e9pand et se transmet jusqu&rsquo;\u00e0 nous. En ce jour, la liturgie gr\u00e9gorienne chante\u00a0: \u00ab\u00a0Il vient, le Seigneur, il vient \u00e9clairer les yeux de ses serviteurs.\u00a0\u00bb<\/span><\/p>\n<p><span style=\"color: #000000;\">Nous croyons que le Seigneur J\u00e9sus est le Sauveur du monde, notre Sauveur. Sauver, pour J\u00e9sus, c&rsquo;est notamment \u00e9clairer nos yeux, nous illuminer, faire appara\u00eetre en pleine lumi\u00e8re pour nous qui est vraiment Dieu et qui sont vraiment les hommes et les femmes pour lui.<\/span><\/p>\n<p><span style=\"color: #000000;\">Aujourd&rsquo;hui, en cette f\u00eate de la Pr\u00e9sentation, nous avons port\u00e9 des cierges allum\u00e9s en l&rsquo;honneur du Christ notre Dieu. Il est \u00ab\u00a0lumi\u00e8re pour \u00e9clairer les nations\u00a0\u00bb, \u00ab\u00a0l\u2019astre d\u2019en haut qui nous visite pour illuminer ceux qui habitent les t\u00e9n\u00e8bres et l\u2019ombre de la mort\u00a0\u00bb, \u00ab\u00a0la vraie lumi\u00e8re qui \u00e9claire tout homme en venant dans le monde\u00a0\u00bb, \u00ab\u00a0la lumi\u00e8re du monde\u00a0\u00bb.<\/span><\/p>\n<p><span style=\"color: #000000;\">\u00ab\u00a0Vous \u00eates la lumi\u00e8re du monde\u00a0\u00bb, disait J\u00e9sus \u00e0 ses disciples, et il nous le redit \u00e9galement aujourd&rsquo;hui. Le cierge allum\u00e9 que nous avons port\u00e9 au d\u00e9but de la c\u00e9l\u00e9bration et celui que nous porterons dans la nuit de P\u00e2ques nous engagent. Une chr\u00e9tien est un porteur de lumi\u00e8re, et ce depuis le jour de son bapt\u00eame.<\/span><\/p>\n<p><span style=\"color: #000000;\">Que l&rsquo;on soit baptis\u00e9 b\u00e9b\u00e9, enfant ou adulte, on re\u00e7oit la lumi\u00e8re du Christ, on devient lumi\u00e8re dans le Christ. En transmettant cette lumi\u00e8re, le pr\u00eatre ou le diacre d\u00e9clare \u2013 et entendons cette parole pour nous ce matin\u00a0: \u00ab\u00a0Vous \u00eates devenus lumi\u00e8re dans le Christ\u00a0: marchez toujours comme des enfants de lumi\u00e8re\u00a0; demeurez fid\u00e8les \u00e0 la foi de votre bapt\u00eame. Alors, quand le Seigneur viendra, vous pourrez aller \u00e0 sa rencontre dans son Royaume avec tous les saints du Ciel.\u00a0\u00bb<\/span><\/p>\n<p><span style=\"color: #000000;\">Nous avons re\u00e7u la lumi\u00e8re du Christ, cette lumi\u00e8re qu&rsquo;aucun de nous n&rsquo;aurait pu tirer de lui-m\u00eame. Cette lumi\u00e8re nous est donn\u00e9e d&rsquo;abord pour nous-m\u00eames, afin d&rsquo;\u00e9clairer notre marche jour apr\u00e8s jour, \u00ab\u00a0pour conduire nos pas aux chemins de la paix\u00a0\u00bb, mais aussi pour que nous soyons lumi\u00e8re pour ceux qui nous entourent, et que nous les conduisions vers la source de cette lumi\u00e8re.<\/span><\/p>\n<p><span style=\"color: #000000;\">\u00c0 l&rsquo;origine, la f\u00eate de la Pr\u00e9sentation s&rsquo;appelait la f\u00eate de la Rencontre, rencontre de Dieu avec l&rsquo;humanit\u00e9 repr\u00e9sent\u00e9e par Sym\u00e9on et Anne. En son Fils, Dieu est venu \u00e9clairer les yeux de ses serviteurs et de ses servantes, les rencontrer afin de les pr\u00e9parer \u00e0 \u00ab\u00a0aller \u00e0 sa rencontre dans son Royaume avec tous les saints du Ciel.\u00a0\u00bb<\/span><\/p>\n<p><span style=\"color: #000000;\">Louange et action de gr\u00e2ce \u00e0 Dieu notre P\u00e8re, par son Fils J\u00e9sus le Christ, dans l&rsquo;Esprit de lumi\u00e8re. Amen.<\/span><\/p>\n<p style=\"text-align: right;\"><span style=\"color: #000000;\"><em>P\u00e8re Alexandre-Marie Valder<\/em><\/span><\/p>\n","protected":false},"excerpt":{"rendered":"<p>Vous \u00eates devenus lumi\u00e8re dans le Christ Fr\u00e8res et s\u0153urs, ce cierge que nous tenons en main symbolise notre personne. M\u00e8che et cire \u00e9troitement associ\u00e9es composent ce cierge. Sans m\u00e8che, pas de cierge\u00a0; sans cire, pas de cierge. Il en est de m\u00eame pour notre \u00e2me et notre corps qui forment ensemble la personne unique&hellip; <br \/> <a class=\"read-more\" href=\"https:\/\/paroisses-nancy-sud.fr\/HOME\/vous-etes-devenus-lumiere-dans-le-christ\/\">Lire la suite<\/a><\/p>\n","protected":false},"author":5,"featured_media":290,"comment_status":"closed","ping_status":"open","sticky":false,"template":"","format":"standard","meta":[],"categories":[9],"tags":[],"acf":[],"_links":{"self":[{"href":"https:\/\/paroisses-nancy-sud.fr\/HOME\/wp-json\/wp\/v2\/posts\/4449"}],"collection":[{"href":"https:\/\/paroisses-nancy-sud.fr\/HOME\/wp-json\/wp\/v2\/posts"}],"about":[{"href":"https:\/\/paroisses-nancy-sud.fr\/HOME\/wp-json\/wp\/v2\/types\/post"}],"author":[{"embeddable":true,"href":"https:\/\/paroisses-nancy-sud.fr\/HOME\/wp-json\/wp\/v2\/users\/5"}],"replies":[{"embeddable":true,"href":"https:\/\/paroisses-nancy-sud.fr\/HOME\/wp-json\/wp\/v2\/comments?post=4449"}],"version-history":[{"count":1,"href":"https:\/\/paroisses-nancy-sud.fr\/HOME\/wp-json\/wp\/v2\/posts\/4449\/revisions"}],"predecessor-version":[{"id":4450,"href":"https:\/\/paroisses-nancy-sud.fr\/HOME\/wp-json\/wp\/v2\/posts\/4449\/revisions\/4450"}],"wp:featuredmedia":[{"embeddable":true,"href":"https:\/\/paroisses-nancy-sud.fr\/HOME\/wp-json\/wp\/v2\/media\/290"}],"wp:attachment":[{"href":"https:\/\/paroisses-nancy-sud.fr\/HOME\/wp-json\/wp\/v2\/media?parent=4449"}],"wp:term":[{"taxonomy":"category","embeddable":true,"href":"https:\/\/paroisses-nancy-sud.fr\/HOME\/wp-json\/wp\/v2\/categories?post=4449"},{"taxonomy":"post_tag","embeddable":true,"href":"https:\/\/paroisses-nancy-sud.fr\/HOME\/wp-json\/wp\/v2\/tags?post=4449"}],"curies":[{"name":"wp","href":"https:\/\/api.w.org\/{rel}","templated":true}]}}