{"id":4455,"date":"2025-02-07T21:01:59","date_gmt":"2025-02-07T20:01:59","guid":{"rendered":"https:\/\/paroisses-nancy-sud.fr\/HOME\/?p=4455"},"modified":"2025-02-07T21:01:59","modified_gmt":"2025-02-07T20:01:59","slug":"annonces-de-la-visitation-du-9-fevrier-2025","status":"publish","type":"post","link":"https:\/\/paroisses-nancy-sud.fr\/HOME\/annonces-de-la-visitation-du-9-fevrier-2025\/","title":{"rendered":"Annonces de la Visitation du 9 f\u00e9vrier 2025"},"content":{"rendered":"\n<p><span style=\"color: #000000;\"><strong><span style=\"text-decoration: underline;\">Jeudi 13 f\u00e9vrier\u00a0de 14h00 \u00e0 15h00\u00a0:<\/span> <\/strong>dans les salles paroissiales de Neuves-Maisons, rencontre mensuelle, ouverte \u00e0 tous, anim\u00e9e par Mr Patrice Kelche. Une formation biblique pour vivre l\u2019ann\u00e9e jubilaire, avec pour th\u00e8me \u00ab\u00a0Foi, Esp\u00e9rance et Charit\u00e9\u00a0\u00bb.<\/span><\/p>\n<p><span style=\"color: #000000;\"><span style=\"text-decoration: underline;\"><strong>Dimanche 09 f\u00e9vrier, dimanche de la sant\u00e9 <\/strong>;<\/span> Nous prierons pour les personnels soignants, les aidants et les b\u00e9n\u00e9voles, avec petits t\u00e9moignages, panneaux dans le narthex, un ap\u00e9ritif sera servi \u00e9galement dans le narthex.<\/span><br \/><span style=\"color: #000000;\"><strong>Samedi 22 f\u00e9vrier 2025 \u00e0 l\u2019\u00e9glise de Bainville sur Madon \u00e0 16H00, m<\/strong>esse pour les malades et personnes \u00e2g\u00e9es et ou handicap\u00e9es.\u00a0Le sacrement des malades peut \u00eatre donn\u00e9 pendant la messe, il suffit d\u2019en faire la demande \u00e0 la maison paroissiale, par t\u00e9l\u00e9phone les jours de permanence ( <strong>03 83 47 25 54 ) <\/strong>ou par mail <span style=\"text-decoration: underline;\"><strong><a style=\"color: #000000; text-decoration: underline;\" href=\"mailto:visitationmm@orange.fr\">visitationmm@orange.fr<\/a><\/strong><\/span><\/span><br \/><span style=\"color: #000000;\">Un go\u00fbter sera servi dans la salle \u00e0 c\u00f4t\u00e9 de l\u2019\u00e9glise \u00e0 l\u2019issue de la c\u00e9l\u00e9bration.<\/span><\/p>\n<p><span style=\"color: #000000;\"><span style=\"text-decoration: underline;\"><strong>Lundi 24 f\u00e9vrier, \u00e0 14h00,<\/strong><\/span> rencontres des groupes de lecture suivie du parcours biblique \u00ab P\u00e8lerins des Ecritures \u00bb, soit \u00e0 Bainville chez les s\u0153urs, soit \u00e0 Neuves-Maisons dans la salle du RDC du Presbyt\u00e8re.<\/span><\/p>\n<p><span style=\"color: #000000;\"><span style=\"text-decoration: underline;\"><strong>Jubil\u00e9 de l&rsquo;esp\u00e9rance : Un livret<\/strong><\/span>\u00a0vous sera bient\u00f4t propos\u00e9 pour vivre la d\u00e9marche de conversion et de consolation du Jubil\u00e9 de l\u2019esp\u00e9rance et obtenir l\u2019indulgence.<\/span><\/p>\n<p><span style=\"color: #000000;\"><span style=\"text-decoration: underline;\"><strong>Messes \u00e0 la Visitation<br \/><\/strong><\/span>Samedi \u00a015 f\u00e9vrier \u00e0 18h00\u00a0: Messein<\/span><br \/><span style=\"color: #000000;\">Dimanche 16 f\u00e9vrier \u00e0 10h00\u00a0: Pulligny et \u00e0 10h30\u00a0: Neuves Maisons,<\/span><\/p>\n<p><span style=\"color: #000000;\"><span style=\"text-decoration: underline;\"><strong>Messes en semaine.<br \/><\/strong><\/span>Jeudi\u00a0: adoration \u00e0 16h00 et messe \u00e0 16h30 \u00e0 la chapelle.<\/span><br \/><span style=\"color: #000000;\">Vendredi\u00a0: messe \u00e0 08h20 chez les s\u0153urs \u00e0 Bainville, 67 rue Jacques Callot.<\/span><\/p>\n<p><span style=\"color: #000000;\"><strong><u>Permanences \u00e0 la maison paroissiale :<\/u><\/strong> <\/span><br \/><span style=\"color: #000000;\">Mardi de 14h \u00e0 16h30 et Samedi de 9h30 \u00e0 11h30<\/span><br \/><span style=\"color: #000000;\">tel : 03 83 47 25 54 \u2013 <em><strong>adresse mail<\/strong><\/em><strong> : <\/strong><a style=\"color: #000000;\" href=\"mailto:visitationmm@orange.fr\">visitationmm@orange.fr<\/a>\u00a0 <\/span><br \/><span style=\"color: #000000;\">Horaires des messes :\u00a0 <a style=\"color: #000000;\" href=\"https:\/\/messes.info\/\">messesinfo<\/a><em> (cliquer sur le lien)<\/em><\/span><\/p>\n","protected":false},"excerpt":{"rendered":"<p>Jeudi 13 f\u00e9vrier\u00a0de 14h00 \u00e0 15h00\u00a0: dans les salles paroissiales de Neuves-Maisons, rencontre mensuelle, ouverte \u00e0 tous, anim\u00e9e par Mr Patrice Kelche. Une formation biblique pour vivre l\u2019ann\u00e9e jubilaire, avec pour th\u00e8me \u00ab\u00a0Foi, Esp\u00e9rance et Charit\u00e9\u00a0\u00bb. Dimanche 09 f\u00e9vrier, dimanche de la sant\u00e9 ; Nous prierons pour les personnels soignants, les aidants et les b\u00e9n\u00e9voles,&hellip; <br \/> <a class=\"read-more\" href=\"https:\/\/paroisses-nancy-sud.fr\/HOME\/annonces-de-la-visitation-du-9-fevrier-2025\/\">Lire la suite<\/a><\/p>\n","protected":false},"author":5,"featured_media":471,"comment_status":"closed","ping_status":"open","sticky":false,"template":"","format":"standard","meta":[],"categories":[10],"tags":[],"acf":[],"_links":{"self":[{"href":"https:\/\/paroisses-nancy-sud.fr\/HOME\/wp-json\/wp\/v2\/posts\/4455"}],"collection":[{"href":"https:\/\/paroisses-nancy-sud.fr\/HOME\/wp-json\/wp\/v2\/posts"}],"about":[{"href":"https:\/\/paroisses-nancy-sud.fr\/HOME\/wp-json\/wp\/v2\/types\/post"}],"author":[{"embeddable":true,"href":"https:\/\/paroisses-nancy-sud.fr\/HOME\/wp-json\/wp\/v2\/users\/5"}],"replies":[{"embeddable":true,"href":"https:\/\/paroisses-nancy-sud.fr\/HOME\/wp-json\/wp\/v2\/comments?post=4455"}],"version-history":[{"count":2,"href":"https:\/\/paroisses-nancy-sud.fr\/HOME\/wp-json\/wp\/v2\/posts\/4455\/revisions"}],"predecessor-version":[{"id":4457,"href":"https:\/\/paroisses-nancy-sud.fr\/HOME\/wp-json\/wp\/v2\/posts\/4455\/revisions\/4457"}],"wp:featuredmedia":[{"embeddable":true,"href":"https:\/\/paroisses-nancy-sud.fr\/HOME\/wp-json\/wp\/v2\/media\/471"}],"wp:attachment":[{"href":"https:\/\/paroisses-nancy-sud.fr\/HOME\/wp-json\/wp\/v2\/media?parent=4455"}],"wp:term":[{"taxonomy":"category","embeddable":true,"href":"https:\/\/paroisses-nancy-sud.fr\/HOME\/wp-json\/wp\/v2\/categories?post=4455"},{"taxonomy":"post_tag","embeddable":true,"href":"https:\/\/paroisses-nancy-sud.fr\/HOME\/wp-json\/wp\/v2\/tags?post=4455"}],"curies":[{"name":"wp","href":"https:\/\/api.w.org\/{rel}","templated":true}]}}