{"id":4459,"date":"2025-02-07T21:17:22","date_gmt":"2025-02-07T20:17:22","guid":{"rendered":"https:\/\/paroisses-nancy-sud.fr\/HOME\/?p=4459"},"modified":"2025-02-07T21:17:22","modified_gmt":"2025-02-07T20:17:22","slug":"annonces-de-saint-francois-de-sales-et-sainte-jeanne-de-chantal-du-9-fevrier","status":"publish","type":"post","link":"https:\/\/paroisses-nancy-sud.fr\/HOME\/annonces-de-saint-francois-de-sales-et-sainte-jeanne-de-chantal-du-9-fevrier\/","title":{"rendered":"Annonces de Saint-Fran\u00e7ois-de-Sales et Sainte-Jeanne-de-Chantal du 9 f\u00e9vrier"},"content":{"rendered":"\n<p><span style=\"color: #000000;\"><strong><span style=\"text-decoration: underline;\">Table ouverte :<\/span><br \/><\/strong><strong>Dimanche 9 f\u00e9vrier, \u00e0 Jarville, rendez-vous pour la table ouverte du 2<sup>\u00e8me<\/sup> dimanche du mois\u00a0! <\/strong>Chacun et chacune est le ou la bienvenue. N\u2019h\u00e9sitez pas \u00e0 inviter\u00a0! Chacun apporte un plat sal\u00e9 ou sucr\u00e9 \u00e0 partager.<\/span><\/p>\n<p><span style=\"color: #000000;\"><span style=\"text-decoration: underline;\"><strong>Journ\u00e9e Mariale<\/strong> <\/span><strong><em><span style=\"text-decoration: underline;\">\u2018\u2019Avec Marie, P\u00e8lerins d\u2019Esp\u00e9rance\u2019\u2019<\/span><br \/><\/em><\/strong><strong>Le mardi 11 f\u00e9vrier 2025, \u00e0 10h messe <\/strong><strong>en l\u2019\u00e9glise <\/strong>Notre-Dame de l\u2019Assomption de Laneuveville.\u00a0<\/span><\/p>\n<p><span style=\"color: #000000;\"><strong><span style=\"text-decoration: underline;\">Bapt\u00eames<\/span><br \/><\/strong><strong>\u00a0&#8211; Accueil bapt\u00eame <\/strong>(accueil de la famille et du b\u00e9b\u00e9)<strong> <br \/>\u00a0&#8211; dimanche 9 <\/strong>f\u00e9vrier \u00e0 Jarville \u00e0 10h30.<\/span><br \/><span style=\"color: #000000;\"><strong>\u00a0&#8211; Jeudi 13 f\u00e9vrier, pr\u00e9paration du bapt\u00eame \u00e0 Jarville \u00e0 20h30.<br \/><\/strong><strong>\u00a0&#8211; Dimanche 16 f\u00e9vrier \u00e0 Jarville, bapt\u00eame <\/strong>de Rom\u00e9o Magnifique.<\/span><\/p>\n<p><span style=\"color: #000000;\"><strong><span style=\"text-decoration: underline;\">Horaires des messes dominicales des 15 et 16 f\u00e9vrier 2025.<\/span><br \/><\/strong><strong>Samedi 15 f\u00e9vrier\u00a0: 18h <\/strong>Heillecourt, Laneuveville, Messein.<\/span><br \/><span style=\"color: #000000;\"><strong>Dimanche 16 f\u00e9vrier : 10h<\/strong> Pulligny <strong>10 h30 <\/strong>Jarville, Neuves-Maisons\u00a0\u00a0\u00a0 \u00a0<strong>11h<\/strong> Ludres<\/span><\/p>\n<p><span style=\"color: #000000;\"><strong>Autres Annonces :<br \/><\/strong><strong>\u00a0&#8211; <span style=\"text-decoration: underline;\">72<sup>\u00e8me<\/sup> Journ\u00e9es mondiales des malades de la l\u00e8pre<\/span><br \/><\/strong>La qu\u00eate de lutte contre la l\u00e8pre a lieu ce <strong>dimanche 9 f\u00e9vrier \u00e0 Fl\u00e9ville<\/strong>, pour tous les malades et ceux qui les soignent, merci pour votre g\u00e9n\u00e9rosit\u00e9.<\/span><\/p>\n<p><span style=\"color: #000000;\"><strong>\u00a0&#8211; <span style=\"text-decoration: underline;\">Inauguration de la chapelle du Centre Spirituel Dioc\u00e9sain :<\/span><br \/><\/strong>La chapelle du centre spirituel vient d\u2019\u00eatre restaur\u00e9e\u00a0! L\u2019inauguration et la cons\u00e9cration de son nouvel autel se fera<strong> lors d\u2019une messe le samedi 15 f\u00e9vrier \u00e0 15h.<\/strong> N\u2019h\u00e9sitez pas \u00e0 venir d\u00e9couvrir ce nouveau lieu. <strong>La chapelle est ouverte tous les jours de 7h \u00e0 19h.<\/strong><\/span><\/p>\n<p><span style=\"color: #000000;\"><strong><span style=\"text-decoration: underline;\">P\u00e8lerinage des jeunes \u00e0 Rome dans le cadre du Jubil\u00e9 :<\/span><br \/><\/strong>\u00ab Cet \u00e9t\u00e9, les jeunes du monde entier sont invit\u00e9s par le Pape Fran\u00e7ois \u00e0 participer au Jubil\u00e9 des Jeunes \u00e0 Rome, 2 ans apr\u00e8s les JMJ de Lisbonne. Le Service des Jeunes organise un p\u00e8lerinage <strong>du 25 juillet au 6 ao\u00fbt<\/strong> afin de s\u2019y rendre pour environ 250 jeunes. <\/span><br \/><span style=\"color: #000000;\">Les inscriptions sont ouvertes au prix de <strong>490 euros pour les \u00e9tudiants<\/strong> et 590 euros pour les jeunes professionnels, payable en 3 fois. <strong>Ceux qui s\u2019inscriront avant le 14 f\u00e9vrier b\u00e9n\u00e9ficieront d\u2019une r\u00e9duction de 40 euros<\/strong>. <\/span><br \/><span style=\"color: #000000;\">Vous retrouverez toutes les infos et le lien pour s\u2019inscrire via l\u2019affiche au fond de l\u2019\u00e9glise ou sur <a style=\"color: #000000;\" href=\"https:\/\/www.catholique-nancy.fr\/sites\/pastorale-des-jeunes\/jubile-2025\/\">le site du Service des Jeunes<\/a> . N\u2019h\u00e9sitez pas \u00e0 en parler autour de vous !\u00a0<\/span><br \/><span style=\"color: #000000;\">Le Service des Jeunes tient par ailleurs \u00e0 vous remercier pour les dons re\u00e7us lors de l\u2019op\u00e9ration cartes de v\u0153ux et vous donne rendez-vous pour la campagne de parrainage courant mars. Ce sont vos dons qui permettent de proposer un prix aussi bas ! Merci ! \u00bb<\/span><\/p>\n<p><span style=\"color: #000000;\"><span style=\"text-decoration: underline;\"><strong>Journ\u00e9e de ressourcement avant Car\u00eame pour les acteurs de la Solidarit\u00e9\u00a0<br \/><\/strong><\/span><strong>Le 1<sup>er<\/sup> mars prochain (de 9h30 \u00e0 17h)<\/strong>, <strong>\u00e0 la Maison dioc\u00e9saine, au domaine de l\u2019Asn\u00e9e. <\/strong>Quelques jours avant le car\u00eame, le\u00a0<a style=\"color: #000000;\" href=\"https:\/\/www.catholique-nancy.fr\/sites\/service-diocesain-de-la-solidarite-et-de-la-diaconie\/\">service dioc\u00e9sain de la diaconie et \u00e9cologie int\u00e9grale<\/a>\u00a0et le\u00a0<a style=\"color: #000000;\" href=\"https:\/\/ccfd-terresolidaire.org\/\">Comit\u00e9 Catholique contre la faim et pour le d\u00e9veloppement (CCFD)-Terre solidai<strong>re<\/strong><\/a>\u00a0 vous convient \u00e0 une journ\u00e9e de ressourcement sur le <strong>th\u00e8me de la paix et du vivre ensemble<\/strong>. Elle s\u2019adresse \u00e0 tous les acteurs de la solidarit\u00e9 de notre dioc\u00e8se, engag\u00e9s en association ou en paroisse, mais aussi \u00e0 tous ceux qui ont le souci du fr\u00e8re au quotidien. Cette journ\u00e9e s\u2019organise en deux temps\u00a0: une matin\u00e9e pour nourrir notre vie spirituelle et une apr\u00e8s-midi autour de t\u00e9moignages pour nous donner envie de nous engager et une table ronde \u00ab\u00a0Engag\u00e9s dans la solidarit\u00e9 ici et ailleurs, pour mieux vivre ensemble\u00a0\u00bb. Cl\u00f4ture de la journ\u00e9e avec monseigneur Michel.<\/span><\/p>\n<p><span style=\"color: #000000;\"><span style=\"text-decoration: underline;\"><strong>Vivre le jubil\u00e9 dans notre dioc\u00e8se<br \/><\/strong><\/span><strong>\u00a0&#8211; Continuons \u00e0 cheminer dans la pri\u00e8re<\/strong> :\u00a0restons fid\u00e8le \u00e0 la pri\u00e8re qui accompagne toute l\u2019ann\u00e9e jubilaire.<\/span><\/p>\n<p><span style=\"color: #000000;\"><strong>\u00a0&#8211; C\u00e9l\u00e9brons de fa\u00e7on renouvel\u00e9e le sacrement de r\u00e9conciliation<\/strong> :\u00a0tous les pr\u00eatres du dioc\u00e8se sont invit\u00e9s \u00e0 devenir particuli\u00e8rement cette ann\u00e9e des missionnaires de la mis\u00e9ricorde, \u00e0 travers des propositions pr\u00e8s de chez vous (bulle n\u00b0 23).<\/span><\/p>\n<p><span style=\"color: #000000;\"><strong>\u00a0&#8211; Vivons la d\u00e9marche jubilaire<\/strong> en Lorraine :\u00a0<strong>un livret<\/strong> vous sera propos\u00e9 pour vivre en toute simplicit\u00e9 la d\u00e9marche de conversion et de consolation du Jubil\u00e9 de l\u2019esp\u00e9rance et obtenir l\u2019indulgence (bulle n\u00b0 23). Nous nous tournerons vers des figures spirituelles de la Lorraine pour accueillir \u00ab cette esp\u00e9rance qui ne passe pas, cette esp\u00e9rance qui est en Dieu \u00bb (bulle N\u00b0 25).<\/span><\/p>\n<p><span style=\"color: #000000;\"><strong>\u00a0&#8211; Faisons un p\u00e8lerinage dans l\u2019une des \u00e9glises jubilaires :<\/strong>des \u00e9glises ont \u00e9t\u00e9 d\u00e9sign\u00e9es comme lieux jubilaires pour pouvoir faire la d\u00e9marche du Jubil\u00e9 (voir le site du dioc\u00e8se).<\/span><\/p>\n<p><span style=\"color: #000000;\"><strong>\u00a0&#8211; Participons nombreux \u00e0 la <\/strong><a style=\"color: #000000;\" href=\"https:\/\/www.catholique-nancy.fr\/agenda\/36766-36766\/\"><strong>messe chrismale<\/strong><\/a>, <strong>le mardi 15 avril 2025, \u00e0 18h<\/strong>, \u00e0 la cath\u00e9drale Saint-\u00c9tienne de Toul (en raison des travaux dans la cath\u00e9drale de Nancy). Un verre de l\u2019amiti\u00e9 ouvert \u00e0 tous, suivra.<\/span><\/p>\n<p><span style=\"color: #000000;\"><strong>\u00a0&#8211; Rassemblons-nous lors de la Saint-Nicolas d\u2019\u00e9t\u00e9<\/strong>, <strong>le lundi 9 juin 2025<\/strong> :\u00a0lors de cette procession \u00e0 Saint-Nicolas-de-Port, nous f\u00eaterons les 1700 ans du Concile de Nic\u00e9e (bulle n\u00b0 17).<\/span><\/p>\n<p><span style=\"color: #000000;\"><span style=\"text-decoration: underline;\"><strong>Le Service de l\u2019Evangile pour les Malades S.E.M<br \/><\/strong><\/span>A l\u2019occasion du dimanche de la sant\u00e9, Rappelons-nous que l\u2019accompagnement des personnes souffrantes est une priorit\u00e9 \u00e9vang\u00e9lique. Dans nos paroisses les \u00e9quipes du SEM rendent visite aux personnes seules, isol\u00e9es, \u00e2g\u00e9es, chez elles ou dans les foyers r\u00e9sidences, en Ehpad, au SSR de Flavigny. Il s\u2019agit d\u2019\u00eatre l\u00e0, de r\u00e9conforter d\u2019une pr\u00e9sence amicale, d\u2019avoir une \u00e9coute bienveillante. Soyons attentifs \u00e0 rep\u00e9rer les personnes qui en ont besoin et, si vous le souhaitez, \u00e0 rejoindre l\u2019\u00e9quipe de b\u00e9n\u00e9voles.<\/span><\/p>\n<p><span style=\"text-decoration: underline; color: #000000;\"><strong>Pri\u00e8re du dimanche de la sant\u00e9 <\/strong><\/span><\/p>\n<p style=\"text-align: center;\"><span style=\"color: #000000;\"><em>Dieu de mis\u00e9ricorde<\/em><\/span><br \/><span style=\"color: #000000;\"><em>touche-moi comme tu as purifi\u00e9 Isa\u00efe<\/em><\/span><br \/><span style=\"color: #000000;\"><em>au feu de ton amour<\/em><\/span><\/p>\n<p style=\"text-align: center;\"><span style=\"color: #000000;\"><em>J\u2019entends ton appel : \u00ab\u00a0Qui enverrai-je\u00a0\u00bb<br \/>\u00ab\u00a0Me voici, Seigneur\u00a0\u00bb<\/em><\/span><\/p>\n<p style=\"text-align: center;\"><span style=\"color: #000000;\"><em>J\u00e9sus Sauveur,<\/em><\/span><br \/><span style=\"color: #000000;\"><em>gardien et m\u00e9decin de ma vie,<\/em><\/span><br \/><span style=\"color: #000000;\"><em>que je prenne soin de toi<\/em><\/span><br \/><span style=\"color: #000000;\"><em>en ceux et celles qui sont malades ou isol\u00e9s.<\/em><\/span><\/p>\n<p style=\"text-align: center;\"><span style=\"color: #000000;\"><em>Au souffle de l\u2019Esprit,<\/em><\/span><br \/><span style=\"color: #000000;\"><em>je v<\/em>eux te reconna\u00eetre<\/span><br \/><span style=\"color: #000000;\">dans mes fr\u00e8res et s\u0153urs souffrants<\/span><br \/><span style=\"color: #000000;\">et leur manifester ta bont\u00e9,<\/span><br \/><span style=\"color: #000000;\">ta Parole r\u00e9confortante.<\/span><\/p>\n<p style=\"text-align: center;\"><span style=\"color: #000000;\"><em>Tu me dis d\u2019avancer au large<\/em><\/span><br \/><span style=\"color: #000000;\"><em>et j\u2019ai confiance.<\/em><\/span><br \/><span style=\"color: #000000;\"><em>Envoie-moi<\/em><\/span><\/p>\n<p>\u00a0<\/p>\n<p>\u00a0<\/p>\n<p>\u00a0<\/p>\n<p>\u00a0<\/p>\n","protected":false},"excerpt":{"rendered":"<p>Table ouverte :Dimanche 9 f\u00e9vrier, \u00e0 Jarville, rendez-vous pour la table ouverte du 2\u00e8me dimanche du mois\u00a0! Chacun et chacune est le ou la bienvenue. N\u2019h\u00e9sitez pas \u00e0 inviter\u00a0! Chacun apporte un plat sal\u00e9 ou sucr\u00e9 \u00e0 partager. Journ\u00e9e Mariale \u2018\u2019Avec Marie, P\u00e8lerins d\u2019Esp\u00e9rance\u2019\u2019Le mardi 11 f\u00e9vrier 2025, \u00e0 10h messe en l\u2019\u00e9glise Notre-Dame de&hellip; <br \/> <a class=\"read-more\" href=\"https:\/\/paroisses-nancy-sud.fr\/HOME\/annonces-de-saint-francois-de-sales-et-sainte-jeanne-de-chantal-du-9-fevrier\/\">Lire la suite<\/a><\/p>\n","protected":false},"author":5,"featured_media":2464,"comment_status":"closed","ping_status":"open","sticky":false,"template":"","format":"standard","meta":[],"categories":[7],"tags":[],"acf":[],"_links":{"self":[{"href":"https:\/\/paroisses-nancy-sud.fr\/HOME\/wp-json\/wp\/v2\/posts\/4459"}],"collection":[{"href":"https:\/\/paroisses-nancy-sud.fr\/HOME\/wp-json\/wp\/v2\/posts"}],"about":[{"href":"https:\/\/paroisses-nancy-sud.fr\/HOME\/wp-json\/wp\/v2\/types\/post"}],"author":[{"embeddable":true,"href":"https:\/\/paroisses-nancy-sud.fr\/HOME\/wp-json\/wp\/v2\/users\/5"}],"replies":[{"embeddable":true,"href":"https:\/\/paroisses-nancy-sud.fr\/HOME\/wp-json\/wp\/v2\/comments?post=4459"}],"version-history":[{"count":1,"href":"https:\/\/paroisses-nancy-sud.fr\/HOME\/wp-json\/wp\/v2\/posts\/4459\/revisions"}],"predecessor-version":[{"id":4460,"href":"https:\/\/paroisses-nancy-sud.fr\/HOME\/wp-json\/wp\/v2\/posts\/4459\/revisions\/4460"}],"wp:featuredmedia":[{"embeddable":true,"href":"https:\/\/paroisses-nancy-sud.fr\/HOME\/wp-json\/wp\/v2\/media\/2464"}],"wp:attachment":[{"href":"https:\/\/paroisses-nancy-sud.fr\/HOME\/wp-json\/wp\/v2\/media?parent=4459"}],"wp:term":[{"taxonomy":"category","embeddable":true,"href":"https:\/\/paroisses-nancy-sud.fr\/HOME\/wp-json\/wp\/v2\/categories?post=4459"},{"taxonomy":"post_tag","embeddable":true,"href":"https:\/\/paroisses-nancy-sud.fr\/HOME\/wp-json\/wp\/v2\/tags?post=4459"}],"curies":[{"name":"wp","href":"https:\/\/api.w.org\/{rel}","templated":true}]}}