{"id":4500,"date":"2025-03-08T14:05:19","date_gmt":"2025-03-08T13:05:19","guid":{"rendered":"https:\/\/paroisses-nancy-sud.fr\/HOME\/?p=4500"},"modified":"2025-03-08T14:05:19","modified_gmt":"2025-03-08T13:05:19","slug":"annonces-de-la-visitation-du-9-mars","status":"publish","type":"post","link":"https:\/\/paroisses-nancy-sud.fr\/HOME\/annonces-de-la-visitation-du-9-mars\/","title":{"rendered":"Annonces de la Visitation du 9 mars"},"content":{"rendered":"\n<p><span style=\"color: #000000;\"><span style=\"text-decoration: underline;\"><strong>Dimanche 09 mars, bapt\u00eame<\/strong> d<\/span>e L\u00e9na en l\u2019\u00e9glise de Neuves-Maisons<\/span><br \/><span style=\"color: #000000;\">R\u00e9jouissons-nous et portons-la dans nos pri\u00e8res !<\/span><\/p>\n<p><span style=\"color: #000000;\">Vous \u00eates tous invit\u00e9s \u00e0 la c\u00e9l\u00e9bration de <span style=\"text-decoration: underline;\"><strong>l\u2019appel d\u00e9cisif<\/strong><\/span> des futurs baptis\u00e9s de P\u00e2ques, ce dimanche 9 mars 2025, \u00e0 15h, \u00e0 la cath\u00e9drale Saint-\u00c9tienne de Toul, elle sera pr\u00e9sid\u00e9e par notre \u00e9v\u00eaque, Monseigneur Pierre-Yves Michel.<\/span><\/p>\n<p><span style=\"color: #000000;\"><strong><span style=\"text-decoration: underline;\">Les rencontres de Car\u00eame<\/span><\/strong>, pour notre paroisse, auront lieu cinq jeudis de suite \u00e0 14h00 avec pour th\u00e8me l\u2019Esp\u00e9rance, l\u2019une des trois vertus th\u00e9ologales : <\/span><br \/><span style=\"color: #000000;\">Les 13, 20 et 27 mars, les 03 et 10 avril \u00e0 la salle paroissiale de Neuves-Maisons ; L\u2019animation en est assur\u00e9e par Mr. Patrice Kelche. En mai, poursuite des rencontres mensuelles avec pour th\u00e8me la communion des Saints.<\/span><\/p>\n<p><span style=\"color: #000000;\"><strong><span style=\"text-decoration: underline;\">Du 28 juillet au 03 ao\u00fbt 2025, les jeunes du monde entier ont rendez-vous \u00e0 Rome,<\/span><\/strong> \u00e0 l\u2019appel du Pape Fran\u00e7ois adress\u00e9 aux jeunes pr\u00e9sents lors des Journ\u00e9es Mondiales de la Jeunesse \u00e0 Lisbonne \u00e0 l\u2019\u00e9t\u00e9 2023 ! Depuis de nombreuses ann\u00e9es, des millions jeunes ont vu leur vie changer suite \u00e0 leur participation aux JMJ ! Un Jubil\u00e9 c\u2019est \u00e0 la fois similaire et bien diff\u00e9rent C\u2019est un temps pour renouveler sa relation avec J\u00e9sus-Christ et pour red\u00e9couvrir, dans la joie, la force de la mis\u00e9ricorde de Dieu qui nous pardonne de nos p\u00e9ch\u00e9s ! Tous les jeunes, quelle que soit leur foi, sont les bienvenus ! Co\u00fbt d\u2019inscription est de 490 euros pour les \u00e9tudiants (\u00e0 partir de 18 ans) Limite inscriptions le 30\/04\/25 ;<\/span><br \/><span style=\"color: #000000;\">https:\/\/www.catholique-nancy.fr\/sites\/pastorale-des-jeunes\/jubile-2025\/<\/span><\/p>\n<p><span style=\"color: #000000;\"><strong><span style=\"text-decoration: underline;\">Les traditionnels \u0153ufs de P\u00e2ques<\/span> <\/strong>propos\u00e9s par les \u0153uvres de la collecte dioc\u00e9saine, au prix <\/span><br \/><span style=\"color: #000000;\">de 0,75 euros, sont disponibles, merci de pr\u00e9parez vos commandes et de vous adresser au secr\u00e9tariat, une vente sera \u00e9galement propos\u00e9e \u00e0 la sortie de l\u2019\u00e9glise.<\/span><\/p>\n<p><span style=\"color: #000000;\"><strong><span style=\"text-decoration: underline;\">Messes \u00e0 la Visitation<\/span><\/strong><\/span><br \/><span style=\"color: #000000;\">Samedi 15 mars \u00e0 18h00 : M\u00e9r\u00e9ville<\/span><br \/><span style=\"color: #000000;\">Dimanche 16 mars \u00e0 10h00 : Frolois et \u00e0 10h30 : Neuves Maisons, messe du CCFD<\/span><\/p>\n<p><span style=\"color: #000000;\"><strong><span style=\"text-decoration: underline;\">Messes en semaine.<\/span><\/strong><\/span><br \/><span style=\"color: #000000;\">Jeudi 13 mars: Pas de messe <\/span><br \/><span style=\"color: #000000;\">Vendredi 14 mars: Pas de messe<\/span><\/p>\n","protected":false},"excerpt":{"rendered":"<p>Dimanche 09 mars, bapt\u00eame de L\u00e9na en l\u2019\u00e9glise de Neuves-MaisonsR\u00e9jouissons-nous et portons-la dans nos pri\u00e8res ! Vous \u00eates tous invit\u00e9s \u00e0 la c\u00e9l\u00e9bration de l\u2019appel d\u00e9cisif des futurs baptis\u00e9s de P\u00e2ques, ce dimanche 9 mars 2025, \u00e0 15h, \u00e0 la cath\u00e9drale Saint-\u00c9tienne de Toul, elle sera pr\u00e9sid\u00e9e par notre \u00e9v\u00eaque, Monseigneur Pierre-Yves Michel. Les rencontres&hellip; <br \/> <a class=\"read-more\" href=\"https:\/\/paroisses-nancy-sud.fr\/HOME\/annonces-de-la-visitation-du-9-mars\/\">Lire la suite<\/a><\/p>\n","protected":false},"author":5,"featured_media":471,"comment_status":"closed","ping_status":"open","sticky":false,"template":"","format":"standard","meta":[],"categories":[10],"tags":[],"acf":[],"_links":{"self":[{"href":"https:\/\/paroisses-nancy-sud.fr\/HOME\/wp-json\/wp\/v2\/posts\/4500"}],"collection":[{"href":"https:\/\/paroisses-nancy-sud.fr\/HOME\/wp-json\/wp\/v2\/posts"}],"about":[{"href":"https:\/\/paroisses-nancy-sud.fr\/HOME\/wp-json\/wp\/v2\/types\/post"}],"author":[{"embeddable":true,"href":"https:\/\/paroisses-nancy-sud.fr\/HOME\/wp-json\/wp\/v2\/users\/5"}],"replies":[{"embeddable":true,"href":"https:\/\/paroisses-nancy-sud.fr\/HOME\/wp-json\/wp\/v2\/comments?post=4500"}],"version-history":[{"count":3,"href":"https:\/\/paroisses-nancy-sud.fr\/HOME\/wp-json\/wp\/v2\/posts\/4500\/revisions"}],"predecessor-version":[{"id":4507,"href":"https:\/\/paroisses-nancy-sud.fr\/HOME\/wp-json\/wp\/v2\/posts\/4500\/revisions\/4507"}],"wp:featuredmedia":[{"embeddable":true,"href":"https:\/\/paroisses-nancy-sud.fr\/HOME\/wp-json\/wp\/v2\/media\/471"}],"wp:attachment":[{"href":"https:\/\/paroisses-nancy-sud.fr\/HOME\/wp-json\/wp\/v2\/media?parent=4500"}],"wp:term":[{"taxonomy":"category","embeddable":true,"href":"https:\/\/paroisses-nancy-sud.fr\/HOME\/wp-json\/wp\/v2\/categories?post=4500"},{"taxonomy":"post_tag","embeddable":true,"href":"https:\/\/paroisses-nancy-sud.fr\/HOME\/wp-json\/wp\/v2\/tags?post=4500"}],"curies":[{"name":"wp","href":"https:\/\/api.w.org\/{rel}","templated":true}]}}