{"id":4511,"date":"2025-03-08T14:24:10","date_gmt":"2025-03-08T13:24:10","guid":{"rendered":"https:\/\/paroisses-nancy-sud.fr\/HOME\/?p=4511"},"modified":"2025-03-08T14:24:10","modified_gmt":"2025-03-08T13:24:10","slug":"annonces-de-saint-francois-de-sales-et-sainte-jeanne-de-chantal-du-9-mars","status":"publish","type":"post","link":"https:\/\/paroisses-nancy-sud.fr\/HOME\/annonces-de-saint-francois-de-sales-et-sainte-jeanne-de-chantal-du-9-mars\/","title":{"rendered":"Annonces de Saint-Fran\u00e7ois-de-Sales et Sainte-Jeanne-de-Chantal du 9 mars"},"content":{"rendered":"\n<table width=\"720\">\n<tbody>\n<tr>\n<td width=\"155\">\n<p><span style=\"color: #000000;\"><strong>Mardi 11 mars <\/strong><\/span><\/p>\n<\/td>\n<td width=\"565\">\n<p><span style=\"color: #000000;\">&#8211;\u00a0\u00a0\u00a0\u00a0\u00a0\u00a0\u00a0 <strong>A 15h \u00e0 Fl\u00e9ville Pri\u00e8re mensuelle, ann\u00e9e du Jubil\u00e9<\/strong>, chapelet \u00e0 pr\u00e9voir<\/span><\/p>\n<\/td>\n<\/tr>\n<tr>\n<td width=\"155\">\n<p><span style=\"color: #000000;\"><strong>Jeudi 13 mars<\/strong><\/span><\/p>\n<\/td>\n<td width=\"565\">\n<p><span style=\"color: #000000;\">&#8211;\u00a0\u00a0\u00a0\u00a0\u00a0\u00a0\u00a0 <strong>A 17h 15, pri\u00e8re des m\u00e8res \u00e0 Jarville,<\/strong> dans les salles paroissiales ainsi que tous les jeudis.<\/span><\/p>\n<\/td>\n<\/tr>\n<tr>\n<td width=\"155\">\n<p><span style=\"color: #000000;\"><strong>Vendredi 14 mars<\/strong><\/span><\/p>\n<\/td>\n<td width=\"565\">\n<p><span style=\"color: #000000;\">&#8211;\u00a0\u00a0\u00a0\u00a0\u00a0\u00a0\u00a0 <strong>A 15h, chemin de croix \u00e0 Heillecourt et \u00e0 Laneuveville.<\/strong><\/span><\/p>\n<p><span style=\"color: #000000;\">&#8211;\u00a0\u00a0\u00a0\u00a0\u00a0\u00a0\u00a0 <strong>A 19h30, \u00e0 Jarville, dans les salles paroissiales, accueil pr\u00e9sentation du CCFD, visio conf\u00e9rence avec le partenaire du RDC, d\u00eener pain-pomme et temps de pri\u00e8re devant un tableau<\/strong>.<\/span><\/p>\n<\/td>\n<\/tr>\n<tr>\n<td width=\"155\">\n<p><span style=\"color: #000000;\"><strong>Vendredi 21 mars <\/strong><\/span><\/p>\n<\/td>\n<td width=\"565\">\n<p><span style=\"color: #000000;\">&#8211;\u00a0\u00a0\u00a0\u00a0\u00a0\u00a0\u00a0\u00a0\u00a0\u00a0\u00a0 15h Chemin de croix \u00e0 Fl\u00e9ville et \u00e0 Heillecourt.<\/span><\/p>\n<\/td>\n<\/tr>\n<tr>\n<td width=\"155\">\n<p><span style=\"color: #000000;\"><strong>Mercredi 26 mars<\/strong><\/span><\/p>\n<\/td>\n<td width=\"565\">\n<p><span style=\"color: #000000;\">&#8211;\u00a0\u00a0\u00a0\u00a0\u00a0\u00a0\u00a0 De 19h30 \u00e0 21h30 \u00e0 l\u2019\u00e9glise de Ludres, temps d\u2019adoration et de louange (entr\u00e9e et sortie libres quand on veut).<\/span><\/p>\n<\/td>\n<\/tr>\n<tr>\n<td width=\"155\">\n<p><span style=\"color: #000000;\"><strong>Vendredi 28 mars<\/strong><\/span><\/p>\n<\/td>\n<td width=\"565\">\n<p><span style=\"color: #000000;\">&#8211;\u00a0\u00a0\u00a0\u00a0\u00a0\u00a0\u00a0 A 15h Chemin de croix \u00e0 Heillecourt et \u00e0 Flavigny et \u00e0\u00a018h \u00e0 Jarville<\/span><\/p>\n<p><span style=\"color: #000000;\">&#8211;\u00a0\u00a0\u00a0\u00a0\u00a0\u00a0\u00a0 A Jarville\u00a0: Pr\u00e9sentation du Triduum pascal par le P. Fran\u00e7ois Weber de 14h \u00e0 15h ou de 19h45 \u00e0 20h45.<\/span><\/p>\n<\/td>\n<\/tr>\n<tr>\n<td width=\"155\">\n<p><span style=\"color: #000000;\"><strong>Mercredi 2 avril<\/strong><\/span><\/p>\n<\/td>\n<td width=\"565\">\n<p><span style=\"color: #000000;\">&#8211;\u00a0\u00a0\u00a0\u00a0\u00a0\u00a0\u00a0 De 19h30\u00a0 \u00e0 21h30, \u00e0 Ludres, une soir\u00e9e conf\u00e9rence sur le Credo suivie d\u2019un bol de riz (au b\u00e9n\u00e9fice du Liban) et pri\u00e8re.<\/span><\/p>\n<\/td>\n<\/tr>\n<tr>\n<td width=\"155\">\n<p><span style=\"color: #000000;\"><strong>Vendredi 4 avril <\/strong><\/span><\/p>\n<\/td>\n<td width=\"565\">\n<p><span style=\"color: #000000;\">&#8211;\u00a0\u00a0\u00a0\u00a0\u00a0\u00a0\u00a0 A 15h, Chemin de croix \u00e0 Heillecourt<\/span><\/p>\n<\/td>\n<\/tr>\n<tr>\n<td width=\"155\">\n<p><span style=\"color: #000000;\"><strong>Samedi 5 avril<\/strong><\/span><\/p>\n<\/td>\n<td width=\"565\">\n<p><span style=\"color: #000000;\">&#8211;\u00a0\u00a0\u00a0\u00a0\u00a0\u00a0\u00a0 A Jarville\u00a0: \u00ab\u00a0apr\u00e8s-midi du Pardon\u00a0\u00bb de 14h \u00e0 17h pour approfondir et vivre le sacrement du pardon, pour les enfants, leurs parents et tous les adultes.<\/span><\/p>\n<\/td>\n<\/tr>\n<tr>\n<td width=\"155\">\n<p><span style=\"color: #000000;\"><strong>Dimanche 6 avril<\/strong><\/span><\/p>\n<\/td>\n<td width=\"565\">\n<p><span style=\"color: #000000;\">&#8211;\u00a0\u00a0\u00a0\u00a0\u00a0\u00a0\u00a0 5<sup>\u00e8me<\/sup> dimanche de Car\u00eame, une collecte pour financer les actions du CCFD contre la faim et le sous-d\u00e9veloppement aura lieu \u00e0 la sortie des messes. Des livrets et enveloppes sont disponibles au fond des \u00e9glises.<\/span><\/p>\n<\/td>\n<\/tr>\n<tr>\n<td width=\"155\">\n<p><span style=\"color: #000000;\"><strong>Vendredi 11 avril <\/strong><\/span><\/p>\n<\/td>\n<td width=\"565\">\n<p><span style=\"color: #000000;\">&#8211;\u00a0\u00a0\u00a0\u00a0\u00a0\u00a0\u00a0 15h chemin de croix \u00e0 Heillecourt et \u00e0 Richardm\u00e9nil.<\/span><\/p>\n<\/td>\n<\/tr>\n<tr>\n<td width=\"155\">\n<p><span style=\"color: #000000;\"><strong>Lundi 14 avril<\/strong><\/span><\/p>\n<\/td>\n<td width=\"565\">\n<p><span style=\"color: #000000;\">&#8211;\u00a0\u00a0\u00a0\u00a0\u00a0\u00a0\u00a0 C\u00e9l\u00e9brations du pardon et Confessions \u00e0 14h \u00e0 Neuves-Maisons, \u00e0 16h \u00e0 Heillecourt et \u00e0 19h \u00e0 Jarville.<\/span><\/p>\n<\/td>\n<\/tr>\n<tr>\n<td width=\"155\">\n<p><span style=\"color: #000000;\"><strong>Solidarit\u00e9<\/strong><\/span><\/p>\n<\/td>\n<td width=\"565\">\n<p><span style=\"color: #000000;\">&#8211;\u00a0\u00a0\u00a0\u00a0\u00a0\u00a0\u00a0 Des paniers seront au fond de nos \u00e9glises pour r\u00e9colter des produits d\u2019alimentation non p\u00e9rissables et des produits d\u2019hygi\u00e8ne pour l\u2019association \u2018\u2019la soupe des-sans abri\u2019\u2019 et l\u2019ordre de Malte en particulier.<\/span><\/p>\n<\/td>\n<\/tr>\n<\/tbody>\n<\/table>\n<p><span style=\"color: #000000;\"><span style=\"text-decoration: underline;\"><strong>R\u00e9unions du MCR (Mouvement Chr\u00e9tien des Retrait\u00e9s)<br \/><\/strong><\/span><strong>Jeudi 13 mars \u00e0 Heillecourt<\/strong> \u00e0 14h30, salle Arc en Ciel et <strong>mardi 18 mars \u00e0 Jarville \u00e0 14h30<\/strong> dans les salles paroissiales.<\/span><\/p>\n<p><span style=\"color: #000000;\"><span style=\"text-decoration: underline;\"><strong>Accueil bapt\u00eame<br \/><\/strong><\/span><strong>Dimanche 16 mars \u00e0 Jarville<\/strong> seront accueillis les enfants des familles pr\u00e9parant le bapt\u00eame en ce mois de mars.<\/span><\/p>\n<p><span style=\"color: #000000;\"><span style=\"text-decoration: underline;\"><strong>Les Livrets de l\u2019ann\u00e9e jubilaire sont arriv\u00e9s\u00a0!<br \/><\/strong><\/span><strong>\u2018\u2019Vivre le jubil\u00e9 2025\u2019\u2019, sur les pas des t\u00e9moins de l\u2019esp\u00e9rance en Lorraine<\/strong>. Le livret sera disponible aux messes de ce WE et au fond des \u00e9glises. (Participation propos\u00e9e, 1\u20ac ou plus)<\/span><\/p>\n<p><span style=\"color: #000000;\"><span style=\"text-decoration: underline;\"><strong>Horaires des messes dominicales des 15 et 16 mars 2025.<br \/><\/strong><\/span><strong>Samedi 15 mars\u00a0: 18h <\/strong>Heillecourt, Laneuveville, M\u00e9r\u00e9ville<br \/><strong>Dimanche 16 mars : 10h<\/strong> Frolois <strong>10 h30 <\/strong>Jarville, Neuves-Maisons <strong>11h <\/strong>Ludres \u00a0\u00a0\u00a0\u00a0\u00a0\u00a0\u00a0\u00a0<\/span><\/p>\n<p><span style=\"color: #000000;\"><span style=\"text-decoration: underline;\"><strong>Equipes liturgiques<br \/><\/strong><\/span><span style=\"font-size: revert;\">L\u2019\u00e9quipe liturgique est form\u00e9e de plusieurs petits groupes qui, \u00e0 tour de r\u00f4le pr\u00e9parent la c\u00e9l\u00e9bration eucharistique du samedi-dimanche : mot d\u2019accueil, intentions de pri\u00e8re universelle, organisation de la c\u00e9l\u00e9bration, en s\u2019impr\u00e9gnant des textes du jour, et appel des lecteurs. <\/span><strong style=\"font-size: revert;\">Nous aimerions accueillir de nouvelles personnes qui accepteraient de participer \u00e0 ces pr\u00e9parations<\/strong><span style=\"font-size: revert;\">, la liturgie \u00e9tant la rencontre de Dieu et de son peuple. De m\u00eame nous voudrions compl\u00e9ter l\u2019\u00e9quipe des musiciens et chanteurs. S\u2019adresse \u00e0 Odile ou d\u00e9poser vos coordonn\u00e9es lors des permanences.<\/span><\/span><\/p>\n<p><span style=\"color: #000000;\">Les \u00e9quipes de Sainte-Jeanne-de-Chantal se retrouvent ce <strong>mercredi 12 mars \u00e0 Ludres \u00e0 17h<\/strong> <strong>pour la pr\u00e9paration des c\u00e9l\u00e9brations du Triduum pascal,<\/strong> avec le p\u00e8re Fran\u00e7ois.<\/span><\/p>\n<p><span style=\"color: #000000;\"><span style=\"text-decoration: underline;\"><strong>Voyager vers Ars <em>(avec les\u2019\u2019 voyageurs chr\u00e9tiens\u00a0\u2018\u2019)<br \/><\/em><\/strong><\/span>Cinq places restent disponibles pour le p\u00e8lerinage \u00e0 <strong>Ars du 9 au 11 avril<\/strong>, en autocar PMR au d\u00e9part de Laneuveville, \u00e0 l&rsquo;occasion du centenaire de la canonisation de Saint Jean-Marie Vianney. Inscriptions imp\u00e9rativement avant le 12 mars au 03 83 56 34 31.<\/span><\/p>\n<p><span style=\"color: #000000;\"><strong>Autres Annonces<br \/><\/strong><span style=\"text-decoration: underline;\"><strong>\u00a0&#8211; Appel d\u00e9cisif* des adultes<br \/><\/strong><\/span><strong>Ce dimanche 9 mars \u00e0 la cath\u00e9drale Saint Etienne de Toul \u00e0 15h00<\/strong>, appel d\u00e9cisif pour la centaine d\u2019adultes qui seront baptis\u00e9s \u00e0 P\u00e2ques dans nos paroisses. (5 adultes\u00a0de nos paroisses\u00a0: Adeline Elizabett, Lucas, M\u00e9lina et No\u00e9 et seront baptis\u00e9s \u00e0 P\u00e2ques \u00e0 Jarville)<br \/><em>*L\u2019appel d\u00e9cisif est la\u00a0deuxi\u00e8me \u00e9tape dans le cheminement d\u2019initiation chr\u00e9tienne, apr\u00e8s l\u2019entr\u00e9e en cat\u00e9chum\u00e9nat et avant la c\u00e9l\u00e9bration des sacrements de l\u2019initiation. <\/em>Portons- les dans notre pri\u00e8re.<\/span><\/p>\n<p><span style=\"color: #000000;\"><span style=\"text-decoration: underline;\"><strong>\u00a0&#8211; Parcours de formation \u00ab\u00a0Vers plus de fraternit\u00e9\u00a0\u00bb, en 6 rencontres.<br \/><\/strong><\/span><strong>Deuxi\u00e8me rencontre lundi 10 mars, de 20h \u00e0 21h30 \u00e0 Lun\u00e9ville : <em>\u2018\u2019Puiser \u00e0 la Parole de Dieu. Que la Parole de Dieu prenne une place centrale\u2019\u2019<\/em><\/strong> ou tout simplement chez vous en famille ou avec des amis en visio. <em>Voir le site du dioc\u00e8se pour se connecter<\/em><strong>.<\/strong><\/span><\/p>\n<p><span style=\"color: #000000;\"><strong>\u00a0<span style=\"text-decoration: underline;\">&#8211; Conf\u00e9rence Espace ADA<br \/><\/span><\/strong><strong>Le 11 mars, \u00e0 20h30, \u00e0 la maison de l\u2019Asn\u00e9e<\/strong>, Conf\u00e9rence-d\u00e9bat organis\u00e9e par l\u2019espace ADA (Animation, D\u00e9bat, Actualit\u00e9) sur le th\u00e8me suivant : \u00ab\u00a0<strong>De Ren\u00e9 Haby \u00e0 Jean-Michel Blanquer : La r\u00e9forme impossible ?<\/strong>\u00a0\u00bb\u00a0La d\u00e9cision politique dans l\u2019\u00e9ducation nationale. Intervenant :\u00a0Arnaud Rivet, docteur en Histoire contemporaine.<\/span><\/p>\n<p><span style=\"color: #000000;\"><strong>\u00a0<span style=\"text-decoration: underline;\">&#8211; Retraite jeunes \u00ab Apprendre \u00e0 \u00e9couter la Parole de Dieu \u00bb<br \/><\/span><\/strong>Du 21 mars \u00e0 10h au 23 mars \u00e0 17h30, au centre Spirituel dioc\u00e9sain, l\u2019\u00e9quipe de formation spirituelle, le p\u00e8re Aubry et le Service des Jeunes proposent aux 17 \u2013 35 ans de venir\u00a0<strong>vivre ce moment de c\u0153ur \u00e0 c\u0153ur avec le Christ pour entendre vraiment ce qu\u2019Il a \u00e0 nous dire et enraciner notre vie dans l\u2019amiti\u00e9 avec lui\u00a0<\/strong>! inscription sur le site du dioc\u00e8se.<\/span><\/p>\n","protected":false},"excerpt":{"rendered":"<p>Mardi 11 mars &#8211;\u00a0\u00a0\u00a0\u00a0\u00a0\u00a0\u00a0 A 15h \u00e0 Fl\u00e9ville Pri\u00e8re mensuelle, ann\u00e9e du Jubil\u00e9, chapelet \u00e0 pr\u00e9voir Jeudi 13 mars &#8211;\u00a0\u00a0\u00a0\u00a0\u00a0\u00a0\u00a0 A 17h 15, pri\u00e8re des m\u00e8res \u00e0 Jarville, dans les salles paroissiales ainsi que tous les jeudis. Vendredi 14 mars &#8211;\u00a0\u00a0\u00a0\u00a0\u00a0\u00a0\u00a0 A 15h, chemin de croix \u00e0 Heillecourt et \u00e0 Laneuveville. &#8211;\u00a0\u00a0\u00a0\u00a0\u00a0\u00a0\u00a0 A 19h30, \u00e0&hellip; <br \/> <a class=\"read-more\" href=\"https:\/\/paroisses-nancy-sud.fr\/HOME\/annonces-de-saint-francois-de-sales-et-sainte-jeanne-de-chantal-du-9-mars\/\">Lire la suite<\/a><\/p>\n","protected":false},"author":5,"featured_media":2464,"comment_status":"closed","ping_status":"open","sticky":false,"template":"","format":"standard","meta":[],"categories":[7],"tags":[],"acf":[],"_links":{"self":[{"href":"https:\/\/paroisses-nancy-sud.fr\/HOME\/wp-json\/wp\/v2\/posts\/4511"}],"collection":[{"href":"https:\/\/paroisses-nancy-sud.fr\/HOME\/wp-json\/wp\/v2\/posts"}],"about":[{"href":"https:\/\/paroisses-nancy-sud.fr\/HOME\/wp-json\/wp\/v2\/types\/post"}],"author":[{"embeddable":true,"href":"https:\/\/paroisses-nancy-sud.fr\/HOME\/wp-json\/wp\/v2\/users\/5"}],"replies":[{"embeddable":true,"href":"https:\/\/paroisses-nancy-sud.fr\/HOME\/wp-json\/wp\/v2\/comments?post=4511"}],"version-history":[{"count":2,"href":"https:\/\/paroisses-nancy-sud.fr\/HOME\/wp-json\/wp\/v2\/posts\/4511\/revisions"}],"predecessor-version":[{"id":4522,"href":"https:\/\/paroisses-nancy-sud.fr\/HOME\/wp-json\/wp\/v2\/posts\/4511\/revisions\/4522"}],"wp:featuredmedia":[{"embeddable":true,"href":"https:\/\/paroisses-nancy-sud.fr\/HOME\/wp-json\/wp\/v2\/media\/2464"}],"wp:attachment":[{"href":"https:\/\/paroisses-nancy-sud.fr\/HOME\/wp-json\/wp\/v2\/media?parent=4511"}],"wp:term":[{"taxonomy":"category","embeddable":true,"href":"https:\/\/paroisses-nancy-sud.fr\/HOME\/wp-json\/wp\/v2\/categories?post=4511"},{"taxonomy":"post_tag","embeddable":true,"href":"https:\/\/paroisses-nancy-sud.fr\/HOME\/wp-json\/wp\/v2\/tags?post=4511"}],"curies":[{"name":"wp","href":"https:\/\/api.w.org\/{rel}","templated":true}]}}