{"id":4642,"date":"2025-04-27T10:00:00","date_gmt":"2025-04-27T08:00:00","guid":{"rendered":"https:\/\/paroisses-nancy-sud.fr\/HOME\/?p=4642"},"modified":"2025-04-25T09:49:26","modified_gmt":"2025-04-25T07:49:26","slug":"il-vit-le-christ-et-il-te-veut-vivant","status":"publish","type":"post","link":"https:\/\/paroisses-nancy-sud.fr\/HOME\/il-vit-le-christ-et-il-te-veut-vivant\/","title":{"rendered":"\u00ab\u00a0Il vit, le Christ, et il te veut vivant\u00a0\u00bb"},"content":{"rendered":"\n<p class=\"Textbody\" style=\"margin-bottom: 5.65pt; text-align: justify;\"><span style=\"color: #000000;\"><b><span style=\"font-size: 16.0pt; font-family: Caladea;\">\u00ab\u00a0Il vit, le Christ, et il te veut vivant\u00a0\u00bb<\/span><\/b><\/span><\/p>\n<p class=\"Textbody\" style=\"margin-bottom: 5.65pt; text-align: justify;\"><span style=\"font-size: 16pt; font-family: Caladea; color: #000000;\">\u00ab\u00a0L\u2019Eglise a pour mission d\u2019annoncer la mis\u00e9ricorde de Dieu, c\u0153ur battant de l\u2019Evangile, qu\u2019elle doit faire parvenir au c\u0153ur et \u00e0 l\u2019esprit de tous\u00a0\u00bb, \u00e9crivait le pape Fran\u00e7ois en 2015 en annon\u00e7ant le jubil\u00e9 de la mis\u00e9ricorde. En ce dimanche de la Divine Mis\u00e9ricorde, fr\u00e8res et s\u0153urs, revenons \u00e0 l&rsquo;essentiel, au c\u0153ur battant de l&rsquo;\u00c9vangile, \u00e0 la grande annonce qui change tout.<\/span><\/p>\n<p class=\"Textbody\" style=\"margin-bottom: 5.65pt; text-align: justify;\"><span style=\"font-size: 16pt; font-family: Caladea; color: #000000;\">Dans l&rsquo;\u00c9vangile d&rsquo;aujourd&rsquo;hui, le Seigneur J\u00e9sus d\u00e9clare par trois fois \u00e0 ses amis\u00a0: \u00ab\u00a0la paix soit avec vous.\u00a0\u00bb Ce souhait de paix produit aussit\u00f4t ses effets\u00a0: pl\u00e9nitude de joie, foi confiante, courage pour t\u00e9moigner, pers\u00e9v\u00e9rance dans la d\u00e9tresse et l&rsquo;\u00e9preuve. Nous avons aussi entendu le r\u00e9cit de l\u2019apparition du Christ \u00e0 saint Jean exil\u00e9 sur l&rsquo;\u00eele de Patmos\u00a0: \u00ab\u00a0Ne crains pas. Moi, je suis le Premier et le Dernier, le Vivant\u00a0: j\u2019\u00e9tais mort, et me voil\u00e0 vivant pour les si\u00e8cles des si\u00e8cles\u00a0; je d\u00e9tiens les cl\u00e9s de la mort et du s\u00e9jour des morts.\u00a0\u00bb<\/span><\/p>\n<p class=\"Textbody\" style=\"margin-bottom: 5.65pt; text-align: justify;\"><span style=\"font-size: 16pt; font-family: Caladea; color: #000000;\">Aujourd&rsquo;hui cependant, bien des chr\u00e9tiens auraient du mal \u00e0 r\u00e9pondre \u00e0 la question\u00a0: au fond, la r\u00e9surrection du Christ, qu&rsquo;est-ce que \u00e7a change pour toi\u00a0? Afin de r\u00e9pondre \u00e0 cette question, appuyons-nous sur \u00ab\u00a0la grande annonce pour tous les jeunes\u00a0\u00bb que faisait le pape Fran\u00e7ois en 2019 dans <i>Christus vivit\u00a0<\/i>: \u00ab\u00a0Dieu t&rsquo;aime&#8230; le Christ te sauve&#8230; il vit et il te veut vivant&#8230; l&rsquo;Esprit donne la vie.\u00a0\u00bb<\/span><\/p>\n<p class=\"Textbody\" style=\"margin-bottom: 5.65pt; text-align: justify;\"><span style=\"color: #000000;\"><span style=\"font-size: 16.0pt; font-family: Caladea;\">\u00a0<\/span><span style=\"font-size: 16.0pt; font-family: Caladea;\">La r\u00e9surrection du Christ est l&rsquo;ultime t\u00e9moignage du P\u00e8re en sa faveur. Aussi d\u00e9routants et d\u00e9stabilisants que soient les paroles et les gestes, la personne m\u00eame de J\u00e9sus, sa pr\u00e9tention \u00e0 \u00eatre le Fils, l&rsquo;envoy\u00e9 du P\u00e8re, le Ressuscit\u00e9 peut dire en toute v\u00e9rit\u00e9\u00a0: \u00ab\u00a0Comme le P\u00e8re m&rsquo;a envoy\u00e9, moi aussi je vous envoie&#8230; Moi, je suis le Premier et le Dernier, le Vivant.\u00a0\u00bb<\/span><\/span><\/p>\n<p class=\"Textbody\" style=\"margin-bottom: 5.65pt; text-align: justify;\"><span style=\"font-size: 16pt; font-family: Caladea; color: #000000;\">Ce J\u00e9sus de Nazareth que les disciples ont suivi et dont ils ont entendu l&rsquo;enseignement, celui qu&rsquo;ils ont vu \u00eatre contredit, arr\u00eat\u00e9, tortur\u00e9 et tu\u00e9, celui-l\u00e0 est le Fils Unique, le T\u00e9moin authentique du P\u00e8re mis\u00e9ricordieux. Tout ce qu&rsquo;il a dit, tout ce qu&rsquo;il a fait, tout ce qu&rsquo;il a souffert aussi, tout cela r\u00e9v\u00e8le le visage de la mis\u00e9ricorde du P\u00e8re, et son dessein bienveillant de se donner des fils et des filles, fr\u00e8res et s\u0153urs du Fils Unique.<\/span><\/p>\n<p class=\"Textbody\" style=\"margin-bottom: 5.65pt; text-align: justify;\"><span style=\"font-size: 16pt; font-family: Caladea; color: #000000;\">\u00ab\u00a0Si donc [J\u00e9sus] a fait l\u2019exp\u00e9rience de la mort, c\u2019est, par gr\u00e2ce de Dieu, au profit de tous. Celui pour qui et par qui tout existe voulait conduire une multitude de fils jusqu\u2019\u00e0 la gloire\u00a0; c\u2019est pourquoi il convenait qu\u2019il m\u00e8ne \u00e0 sa perfection, par des souffrances, celui qui est \u00e0 l\u2019origine de leur salut. Car celui qui sanctifie, et ceux qui sont sanctifi\u00e9s, doivent tous avoir m\u00eame origine ; pour cette raison, J\u00e9sus n\u2019a pas honte de les appeler ses fr\u00e8res (H\u00e9breux\u00a02,9-11).\u00a0\u00bb<\/span><\/p>\n<p class=\"Textbody\" style=\"margin-bottom: 5.65pt; text-align: justify;\"><span style=\"font-size: 16pt; font-family: Caladea; color: #000000;\">\u00ab\u00a0Dieu t&rsquo;aime&#8230; le Christ te sauve.\u00a0\u00bb Il a pris sur lui les p\u00e9ch\u00e9s du monde. Par amour pour nous, il a accept\u00e9 de grand c\u0153ur les souffrances et m\u00eame la mort. Celui qui appara\u00eet \u00e0 saint Jean l&rsquo;affirme\u00a0: \u00ab\u00a0Moi, je suis&#8230; le Vivant\u00a0: j&rsquo;\u00e9tais mort.\u00a0\u00bb Les blessures de ses mains, de ses pieds et de son c\u00f4t\u00e9 le prouvent\u00a0: J\u00e9sus de Nazareth, le Fils de Dieu, a souffert et il est mort. Voil\u00e0 jusqu&rsquo;o\u00f9 va son amour pour toute personne\u00a0!<\/span><\/p>\n<p class=\"Textbody\" style=\"margin-bottom: 5.65pt; text-align: justify;\"><span style=\"font-size: 16pt; font-family: Caladea; color: #000000;\">Il est bel et bien mort. Le Vivant a visit\u00e9 le s\u00e9jour des morts et, comme il le dit \u00e0 saint Jean, il a revendiqu\u00e9 \u00ab\u00a0les cl\u00e9s de la mort et du s\u00e9jour des morts\u00a0\u00bb. Il a d\u00e9sormais tout pouvoir sur la mort qui a tant de pouvoir sur nous.<\/span><\/p>\n<p class=\"Textbody\" style=\"margin-bottom: 5.65pt; text-align: justify;\"><span style=\"font-size: 16pt; font-family: Caladea; color: #000000;\">\u00ab\u00a0Il vit, le Christ, et il te veut vivant.\u00a0\u00bb Celui qui est apparu aux disciples le dimanche de P\u00e2ques, puis \u00e0 nouveau le huiti\u00e8me jour en pr\u00e9sence de Thomas est un vivant, il est le Vivant. \u00ab\u00a0Moi, je suis&#8230; le Vivant\u00a0: j\u2019\u00e9tais mort, et me voil\u00e0 vivant pour les si\u00e8cles des si\u00e8cles.\u00a0\u00bb<\/span><\/p>\n<p class=\"Textbody\" style=\"margin-bottom: 5.65pt; text-align: justify;\"><span style=\"font-size: 16pt; font-family: Caladea; color: #000000;\">Pour le Seigneur J\u00e9sus, la r\u00e9surrection n&rsquo;est pas un pas en arri\u00e8re apr\u00e8s avoir tremp\u00e9 le pied dans la mort. Il s&rsquo;agit plut\u00f4t d&rsquo;un bond en avant qui ouvre un chemin \u00e0 travers la mort, qui cr\u00e9e un lieu pour l&rsquo;humanit\u00e9 au-del\u00e0 de la mort. Sans le Christ, sans sa r\u00e9surrection, il n&rsquo;y aurait pas d&rsquo;autre destin\u00e9e pour les hommes et les femmes que la descente au s\u00e9jour des morts, loin de la lumi\u00e8re de Dieu. Gr\u00e2ce \u00e0 la r\u00e9surrection du Christ est offerte la possibilit\u00e9 d&rsquo;une vie en Dieu pour toujours.<\/span><\/p>\n<p class=\"Textbody\" style=\"margin-bottom: 5.65pt; text-align: justify;\"><span style=\"font-size: 16pt; font-family: Caladea; color: #000000;\">\u00ab\u00a0Dieu t&rsquo;aime&#8230; le Christ te sauve&#8230; il vit et il te veut vivant&#8230; l&rsquo;Esprit donne la vie.\u00a0\u00bb Le Seigneur J\u00e9sus Christ est celui qui nous attend par-del\u00e0 la mort et aussi celui qui est pr\u00e9sent \u00e0 son \u00c9glise aujourd&rsquo;hui. Les lectures d&rsquo;aujourd&rsquo;hui nous le montrent apparaissant vivant \u00e0 ses disciples rassembl\u00e9s, continuant d&rsquo;agir dans l&rsquo;\u00c9glise par les signes et les prodiges qui s&rsquo;accomplissent par les mains des Ap\u00f4tres, soutenant son \u00c9glise \u00e9prouv\u00e9e par la pers\u00e9cution\u00a0: \u00ab\u00a0Ce que tu vois, \u00e9cris-le dans un livre et envoie-le aux sept \u00c9glises.\u00a0\u00bb<\/span><\/p>\n<p class=\"Textbody\" style=\"margin-bottom: 5.65pt; text-align: justify;\"><span style=\"font-size: 16pt; font-family: Caladea; color: #000000;\">Ici et maintenant, J\u00e9sus de Nazareth, le Ressuscit\u00e9, le T\u00e9moin du P\u00e8re, le Vivant qui fait vivre, est toujours pr\u00e9sent \u00e0 son \u00c9glise anim\u00e9e par l&rsquo;Esprit Saint. \u00c0 celui qui croit en son Nom, il offre son compagnonnage, son amiti\u00e9, son amour, sa Vie plus forte que la mort. Par son Esprit Saint \u00e0 l&rsquo;\u0153uvre dans l&rsquo;\u00c9glise, il donne aux croyants d&rsquo;\u00eatre remplis de sa vie divine, d&rsquo;\u00e9couter sa parole, d&rsquo;\u00eatre atteints par ses gestes de salut que sont les sacrements.<\/span><\/p>\n<p class=\"Textbody\" style=\"margin-bottom: 5.65pt; text-align: justify;\"><span style=\"color: #000000;\"><span style=\"font-size: 16.0pt; font-family: Caladea;\">\u00a0<\/span><span style=\"font-size: 16.0pt; font-family: Caladea;\">\u00ab\u00a0Au fond, la r\u00e9surrection du Christ, qu&rsquo;est-ce que \u00e7a change pour toi\u00a0?\u00a0\u00bb, nous demandions-nous tout \u00e0 l&rsquo;heure. La r\u00e9surrection ne nous rend pas la vie plus facile, bien s\u00fbr, mais elle nous assure de la pr\u00e9sence de ce Dieu d&rsquo;\u00e9ternelle mis\u00e9ricorde qui nous a purifi\u00e9s par le bapt\u00eame, fait rena\u00eetre par le don de son Esprit, rachet\u00e9s par le Sang de son Fils. Voil\u00e0 le message de la mis\u00e9ricorde, \u00ab\u00a0c\u0153ur battant de l&rsquo;\u00c9vangile\u00a0\u00bb, que les disciples du Christ ne peuvent pas garder pour eux et qu&rsquo;ils s&rsquo;efforcent de \u00ab\u00a0faire parvenir au c\u0153ur et \u00e0 l&rsquo;esprit de tous\u00a0\u00bb. \u00c0 Dieu notre P\u00e8re, par son Fils Unique, dans l&rsquo;Esprit Saint, gloire, honneur, louange et action de gr\u00e2ce, maintenant et toujours, et pour tous les si\u00e8cles des si\u00e8cles. Amen. All\u00e9luia\u00a0!<\/span><\/span><\/p>\n<p><span style=\"color: #000000;\"><em>P\u00e8re Alexandre-Marie Valder<\/em><\/span><\/p>\n","protected":false},"excerpt":{"rendered":"<p>\u00ab\u00a0Il vit, le Christ, et il te veut vivant\u00a0\u00bb \u00ab\u00a0L\u2019Eglise a pour mission d\u2019annoncer la mis\u00e9ricorde de Dieu, c\u0153ur battant de l\u2019Evangile, qu\u2019elle doit faire parvenir au c\u0153ur et \u00e0 l\u2019esprit de tous\u00a0\u00bb, \u00e9crivait le pape Fran\u00e7ois en 2015 en annon\u00e7ant le jubil\u00e9 de la mis\u00e9ricorde. En ce dimanche de la Divine Mis\u00e9ricorde, fr\u00e8res et&hellip; <br \/> <a class=\"read-more\" href=\"https:\/\/paroisses-nancy-sud.fr\/HOME\/il-vit-le-christ-et-il-te-veut-vivant\/\">Lire la suite<\/a><\/p>\n","protected":false},"author":9,"featured_media":290,"comment_status":"closed","ping_status":"open","sticky":false,"template":"","format":"standard","meta":[],"categories":[9],"tags":[],"acf":[],"_links":{"self":[{"href":"https:\/\/paroisses-nancy-sud.fr\/HOME\/wp-json\/wp\/v2\/posts\/4642"}],"collection":[{"href":"https:\/\/paroisses-nancy-sud.fr\/HOME\/wp-json\/wp\/v2\/posts"}],"about":[{"href":"https:\/\/paroisses-nancy-sud.fr\/HOME\/wp-json\/wp\/v2\/types\/post"}],"author":[{"embeddable":true,"href":"https:\/\/paroisses-nancy-sud.fr\/HOME\/wp-json\/wp\/v2\/users\/9"}],"replies":[{"embeddable":true,"href":"https:\/\/paroisses-nancy-sud.fr\/HOME\/wp-json\/wp\/v2\/comments?post=4642"}],"version-history":[{"count":1,"href":"https:\/\/paroisses-nancy-sud.fr\/HOME\/wp-json\/wp\/v2\/posts\/4642\/revisions"}],"predecessor-version":[{"id":4643,"href":"https:\/\/paroisses-nancy-sud.fr\/HOME\/wp-json\/wp\/v2\/posts\/4642\/revisions\/4643"}],"wp:featuredmedia":[{"embeddable":true,"href":"https:\/\/paroisses-nancy-sud.fr\/HOME\/wp-json\/wp\/v2\/media\/290"}],"wp:attachment":[{"href":"https:\/\/paroisses-nancy-sud.fr\/HOME\/wp-json\/wp\/v2\/media?parent=4642"}],"wp:term":[{"taxonomy":"category","embeddable":true,"href":"https:\/\/paroisses-nancy-sud.fr\/HOME\/wp-json\/wp\/v2\/categories?post=4642"},{"taxonomy":"post_tag","embeddable":true,"href":"https:\/\/paroisses-nancy-sud.fr\/HOME\/wp-json\/wp\/v2\/tags?post=4642"}],"curies":[{"name":"wp","href":"https:\/\/api.w.org\/{rel}","templated":true}]}}