{"id":4644,"date":"2025-04-25T17:42:52","date_gmt":"2025-04-25T15:42:52","guid":{"rendered":"https:\/\/paroisses-nancy-sud.fr\/HOME\/?p=4644"},"modified":"2025-04-25T17:42:52","modified_gmt":"2025-04-25T15:42:52","slug":"annonces-de-saint-francois-de-sales-et-sainte-jeanne-de-chantal-du-27-avril","status":"publish","type":"post","link":"https:\/\/paroisses-nancy-sud.fr\/HOME\/annonces-de-saint-francois-de-sales-et-sainte-jeanne-de-chantal-du-27-avril\/","title":{"rendered":"Annonces de Saint-Fran\u00e7ois-de-Sales et Sainte-Jeanne-de-Chantal du 27 avril"},"content":{"rendered":"\n<p><span style=\"color: #000000;\"><strong>Bapt\u00eames<br \/><\/strong><strong>Dimanche 4 mai, \u00e0 Ludres, bapt\u00eame <\/strong>de Julia, <strong>\u00e0 Jarville bapt\u00eame <\/strong>de Robin. Nous nous r\u00e9jouissons et prions pour eux et leurs parents.<\/span><\/p>\n<p><span style=\"color: #000000;\"><strong>Temps fort des enfants de premi\u00e8re ann\u00e9e cat\u00e9 :<br \/><\/strong><strong>Ce samedi, 26 avril, <\/strong>les enfants de premi\u00e8re ann\u00e9e de cat\u00e9 se sont retrouv\u00e9s \u00e0 l\u2019\u00e9glise de Ludres pour leur premier sacrement du pardon.<\/span><\/p>\n<p><span style=\"color: #000000;\"><strong>F\u00eate de la saint Georges \u00e0 Richardm\u00e9nil :<br \/><\/strong><strong>Ce dimanche 27 avril, la messe de Sainte-Jeanne-de-Chantal aura lieu \u00e0 Richardm\u00e9nil \u00e0 10h \u00e0 l\u2019occasion de la f\u00eate de la Saint Georges. <\/strong>Rendez-vous annuel \u00e0 pr\u00e9sent, pour la commune et la paroisse Sainte-Jeanne-de-Chantal, pour les habitants, les paroissiens\u00a0! La commune de Richardm\u00e9nil proposera un ap\u00e9ritif \u00e0 la sortie et nous partagerons un repas \u00e0 la MTL (chacun est invit\u00e9 et apporte un plat sal\u00e9 ou sucr\u00e9 \u00e0 partager). Concert \u00e0 la MTL, l\u2019apr\u00e8s-midi.\u00a0<\/span><\/p>\n<p><span style=\"color: #000000;\"><strong>Journ\u00e9e amiti\u00e9 de la \u2018\u2019Communion Notre-Dame de l\u2019Alliance \u2018\u2019 :<br \/><\/strong><strong>Le dimanche 27 avril, \u00e0 Jarville, <\/strong>sera pr\u00e9sent \u00e0 la messe le groupe de la \u2018\u2019Communion Notre-Dame de l\u2019Alliance\u2019\u2019, invit\u00e9 par une personne du groupe, de la paroisse. <em>La Communion Notre-Dame de l\u2019Alliance r\u00e9unit des hommes et des femmes engag\u00e9s dans un mariage sacramentel et vivant seuls \u00e0 la suite d\u2019une s\u00e9paration ou d\u2019un divorce. Dans la foi au Christ et l\u2019amiti\u00e9 fraternelle, ils suivent un chemin de fid\u00e9lit\u00e9, de pardon et d\u2019esp\u00e9rance. La \u2018\u2019Communion\u2019\u2019 propose des temps d\u2019amiti\u00e9 et de pri\u00e8re, des r\u00e9collections r\u00e9gionales trimestrielles et une retraite annuelle.<\/em><\/span><\/p>\n<p><span style=\"color: #000000;\"><strong>Fian\u00e7ailles :<br \/><\/strong><strong>Le dimanche 27 avril \u00e0 Jarville<\/strong> apr\u00e8s la messe, L\u00e9opoldine et Albert, c\u00e9l\u00e9breront leurs fian\u00e7ailles. Nous nous r\u00e9jouissons avec eux et les confions \u00e0 notre pri\u00e8re.<\/span><\/p>\n<p><span style=\"color: #000000;\"><strong>Temps de pri\u00e8re du 1<sup>er<\/sup> jeudi du mois :<br \/><\/strong><strong>Jeudi 1<sup>er<\/sup> mai, \u00e0 Jarville \u00e0 17h <\/strong>temps de pri\u00e8re d\u2019intercession pour les malades et les personnes en difficult\u00e9.<\/span><\/p>\n<p><span style=\"color: #000000;\"><strong>Qu\u00eate suppl\u00e9mentaire du 1<sup>er<\/sup> dimanche du mois :<br \/><\/strong><strong>Le samedi 3 mai et le dimanche 4 mai, <\/strong>\u00e0 la sortie des messes vous sera propos\u00e9e la qu\u00eate suppl\u00e9mentaire pour soutenir les d\u00e9penses pastorales et de fonctionnement de nos paroisses. Merci\u00a0!<\/span><\/p>\n<p><span style=\"color: #000000;\"><strong>Pour les jeunes, \u00ab Aujourd\u2019hui Je Commence \u00bb, \u00ab Aum\u00f4nerie Jeunes Catholiques \u00bb :<br \/><\/strong><strong>Prochaine r\u00e9union le vendredi 2 mai \u00e0 Neuves-Maisons<\/strong> <strong>\u00e0 partir de 17h, <\/strong>jusque 21h environ.<\/span><br \/><span style=\"color: #000000;\"><em>Jeune de nos paroisses, baptis\u00e9(e) ou non, cat\u00e9chis\u00e9(e) ou non, tu te poses des questions sur J\u00e9sus et sur la foi chr\u00e9tienne. Tu veux cheminer avec d&rsquo;autres au moyen de rencontres mensuelles et de temps forts, accompagn\u00e9(e) par des a\u00een\u00e9s dans la foi. Tu veux te pr\u00e9parer au bapt\u00eame, \u00e0 la confirmation ou \u00e0 la premi\u00e8re communion. Le groupe AJC est fait pour toi. Contacte le P. Alexandre-Marie (<\/em><a style=\"color: #000000;\" href=\"mailto:amvalder@lilo.org\"><em>amvalder@lilo.org<\/em><\/a><em>) pour te tenir au courant des proposition<\/em>.<\/span><\/p>\n<p><span style=\"color: #000000;\"><strong>Messe des familles :<br \/><\/strong><strong>Dimanche 4 mai, messe des familles \u00e0 Jarville. <\/strong>Les enfants des groupes de cat\u00e9 y sont plus particuli\u00e8rement invit\u00e9s. <strong>La prochaine messe des familles sera celle de Sion<\/strong>, <strong>le 29 mai,<\/strong> jour de l\u2019Ascension, lors de notre journ\u00e9e de p\u00e8lerinage du secteur Nancy-Sud, \u00e0 15h30.<\/span><\/p>\n<p><span style=\"color: #000000;\"><strong>Messes dominicales des 3 et 4 mai 2025 :<br \/><\/strong><strong>Samedi 3 mai\u00a0: 18h <\/strong>Heillecourt, Laneuveville, Chaligny.<\/span><br \/><span style=\"color: #000000;\"><strong>Dimanche 4 mai<\/strong>\u00a0: <strong>10h<\/strong>\u00a0\u00a0\u00a0 Xeuilley\u00a0\u00a0\u00a0\u00a0\u00a0\u00a0\u00a0\u00a0\u00a0\u00a0\u00a0\u00a0 <strong>10h30<\/strong> Jarville,\u00a0Neuves-Maisons\u00a0\u00a0\u00a0\u00a0\u00a0\u00a0\u00a0\u00a0\u00a0 <strong>11h<\/strong> Ludres<\/span><\/p>\n<p><span style=\"color: #000000;\"><strong>\u00a0<\/strong><strong>Mois de mai, mois de Marie :<br \/><\/strong>Comme chaque ann\u00e9e nous <strong>m\u00e9diterons et r\u00e9citerons le chapelet les quatre lundis de mai<\/strong> \u00e0 17h30 \u00e0 la crypte de Jarville, anim\u00e9 par les \u00e9quipes du Rosaire.<\/span><\/p>\n<p><span style=\"color: #000000;\"><strong>Retraite de profession de foi :<br \/><\/strong>Les ados se pr\u00e9parant \u00e0 la profession de foi, se retrouveront <strong>le samedi 10 mai<\/strong> <strong>\u00e0 Sion,<\/strong> pour un temps de retraite, <strong>de 10h \u00e0 16h<\/strong>.<\/span><\/p>\n<p><span style=\"color: #000000;\"><strong>Les 400 ans de la chapelle du parc de Montaigu :<br \/><\/strong><strong>Le dimanche 18 mai in \u00e0 15h<\/strong> aura lieu une c\u00e9r\u00e9monie religieuse pour c\u00e9l\u00e9brer les 400 ans de la b\u00e9n\u00e9diction de la chapelle. Au programme\u00a0: p\u00e8lerinage de l\u2019\u00e9glise de Jarville \u00e0 la chapelle, b\u00e9n\u00e9diction, visite guid\u00e9e, rappel historique et verre de l\u2019amiti\u00e9\u00a0! Venez d\u00e9couvrir le patrimoine de notre paroisse\u00a0!<\/span><\/p>\n<p><span style=\"color: #000000;\"><strong>Pour que l\u2019Eglise ait les moyens d\u2019agir, votre soutien est essentiel ! :<br \/><\/strong><strong>Comme chaque ann\u00e9e, vous \u00eates appel\u00e9s en tant que catholiques, \u00e0 contribuer \u00e0 la collecte du Denier pour permettre d\u2019assurer la continuit\u00e9 des accompagnements pastoraux dans notre paroisse<\/strong>. Concr\u00e8tement, sans le Denier, pas de pr\u00eatres, pas de messes, pas de sacrements, pas de vie paroissiale.<\/span><br \/><span style=\"color: #000000;\">Vous \u00eates invit\u00e9s \u00e0 prendre part \u00e0 la collecte du denier de l\u2019Eglise 2025. <strong>C\u2019est uniquement gr\u00e2ce \u00e0 votre g\u00e9n\u00e9rosit\u00e9 que notre \u00c9glise peut vivre<\/strong>, car elle ne re\u00e7oit <strong>aucune aide ni de l\u2019\u00c9tat, ni du Vatican, ni des qu\u00eates dominicales<\/strong>. Peu importe le montant, <strong>chaque don compte<\/strong>. <em>Vous trouverez les enveloppes au fond des \u00e9glises pour un don ponctuel ou r\u00e9gulier.<\/em> Merci \u00e0 vous !<\/span><\/p>\n<p><span style=\"color: #000000;\"><strong>Les livrets de l\u2019ann\u00e9e jubilaire sont disponibles ! :<br \/><\/strong><strong>\u2018\u2019Vivre le jubil\u00e9 2025\u2019\u2019, sur les pas des t\u00e9moins de l\u2019esp\u00e9rance en Lorraine<\/strong>. Le livret est disponible au fond des \u00e9glises. (Participation propos\u00e9e, 1\u20ac)<\/span><\/p>\n<p><span style=\"color: #000000;\"><strong>Voyageurs chr\u00e9tiens :<br \/><\/strong>D\u00e9couverte du <strong>patrimoine religieux et culturel des Hauts de France<\/strong> : Arras, Louvre-Lens, Notre Dame de Lorette, Roubaix&#8230;. S\u00e9jour ouvert \u00e0 tous organis\u00e9 par <strong>les voyageurs chr\u00e9tiens du 4 au 8 ao\u00fbt<\/strong>. Inscriptions : Madame Chambon ou Jean-Fran\u00e7ois au 03 83 56 34 31.<\/span><\/p>\n<p><span style=\"color: #000000;\"><strong>Recherche de figurants :<br \/><\/strong>On recherche des figurants pour le spectacle de Damien Fontaine au ch\u00e2teau de Fl\u00e9ville dans la continuit\u00e9 de \u00ab\u00a0Nikolaus\u00a0\u00bb. Renseignements : <a style=\"color: #000000;\" href=\"mailto:jfrancois-chambon@orange.fr\">jfrancois-chambon@orange.fr<\/a><\/span><\/p>\n<p><span style=\"color: #000000;\"><strong>Autres Annonces :<br \/><\/strong><strong>\u00a0&#8211; Heure de pri\u00e8re pour les pr\u00eatres :<br \/><\/strong><strong>Vendredi 2 mai, \u00e0 17h00 \u00e0 l\u2019\u00e9glise Ste Th\u00e9r\u00e8se de Villers, <\/strong>heure de pri\u00e8re mensuelle pour les pr\u00eatres.<\/span><\/p>\n<p><span style=\"color: #000000;\">\u00a0&#8211; <a style=\"color: #000000;\" href=\"https:\/\/joc.asso.fr\/\"><strong>Jeunesse ouvri\u00e8re chr\u00e9tienne (JOC) :<\/strong><\/a><\/span><br \/><span style=\"color: #000000;\">Les accompagnateurs de la\u00a0<a style=\"color: #000000;\" href=\"https:\/\/joc.asso.fr\/\"><strong>Jeunesse ouvri\u00e8re chr\u00e9tienne <\/strong><\/a>de Lorraine proposent une journ\u00e9e pour d\u00e9couvrir la JOC et se questionner ensemble sur l\u2019avenir des jeunes, le\u00a0<strong>samedi 17 mai,<\/strong><strong>de 10h \u00e0 16h30<\/strong>, \u00e0 l\u2019espace Yves Coppens-Pagode, \u00e0\u00a0<strong>Vandoeuvre<\/strong>. Ce temps de rencontre s\u2019adresse \u00e0 tous ceux qui se sentent concern\u00e9s par l\u2019avenir des jeunes, que vous connaissiez d\u00e9j\u00e0 la JOC ou non. Contact\u00a0: 06 79 75 15 72, avant le 1<sup>er\u00a0<\/sup>mai<\/span><\/p>\n<p><span style=\"color: #000000;\"><strong>\u00a0&#8211; La Basilique Saint-Epvre de Nancy vous ouvre ses portes :<br \/><\/strong><strong>Mardi 6 mai ou mercredi 21 mai \u00e0 20h30<\/strong>, laisser-vous guider par une visite spirituelle de ce joyau du patrimoine religieux nanc\u00e9en\u00a0: histoire, architecture, vitraux, symboliques, th\u00e9ologie. Entr\u00e9e libre\u00a0: participation aux frais.<\/span><\/p>\n<p><span style=\"color: #000000;\"><strong>\u00a0&#8211; Co-voiturage :<br \/><\/strong>Un site gratuit, \u00ab\u00a0<strong><em>gomesse\u00a0\u00bb<\/em>, <\/strong>vous permet <strong>de proposer une place dans votre voiture ou d\u2019en trouver une pour aller \u00e0 la messe ensembl<\/strong> Voir le site\u00a0: <a style=\"color: #000000;\" href=\"https:\/\/gomesse.fr\">https:\/\/gomesse.fr<\/a><\/span><\/p>\n","protected":false},"excerpt":{"rendered":"<p>Bapt\u00eamesDimanche 4 mai, \u00e0 Ludres, bapt\u00eame de Julia, \u00e0 Jarville bapt\u00eame de Robin. Nous nous r\u00e9jouissons et prions pour eux et leurs parents. Temps fort des enfants de premi\u00e8re ann\u00e9e cat\u00e9 :Ce samedi, 26 avril, les enfants de premi\u00e8re ann\u00e9e de cat\u00e9 se sont retrouv\u00e9s \u00e0 l\u2019\u00e9glise de Ludres pour leur premier sacrement du pardon.&hellip; <br \/> <a class=\"read-more\" href=\"https:\/\/paroisses-nancy-sud.fr\/HOME\/annonces-de-saint-francois-de-sales-et-sainte-jeanne-de-chantal-du-27-avril\/\">Lire la suite<\/a><\/p>\n","protected":false},"author":5,"featured_media":553,"comment_status":"closed","ping_status":"open","sticky":false,"template":"","format":"standard","meta":[],"categories":[7],"tags":[],"acf":[],"_links":{"self":[{"href":"https:\/\/paroisses-nancy-sud.fr\/HOME\/wp-json\/wp\/v2\/posts\/4644"}],"collection":[{"href":"https:\/\/paroisses-nancy-sud.fr\/HOME\/wp-json\/wp\/v2\/posts"}],"about":[{"href":"https:\/\/paroisses-nancy-sud.fr\/HOME\/wp-json\/wp\/v2\/types\/post"}],"author":[{"embeddable":true,"href":"https:\/\/paroisses-nancy-sud.fr\/HOME\/wp-json\/wp\/v2\/users\/5"}],"replies":[{"embeddable":true,"href":"https:\/\/paroisses-nancy-sud.fr\/HOME\/wp-json\/wp\/v2\/comments?post=4644"}],"version-history":[{"count":1,"href":"https:\/\/paroisses-nancy-sud.fr\/HOME\/wp-json\/wp\/v2\/posts\/4644\/revisions"}],"predecessor-version":[{"id":4645,"href":"https:\/\/paroisses-nancy-sud.fr\/HOME\/wp-json\/wp\/v2\/posts\/4644\/revisions\/4645"}],"wp:featuredmedia":[{"embeddable":true,"href":"https:\/\/paroisses-nancy-sud.fr\/HOME\/wp-json\/wp\/v2\/media\/553"}],"wp:attachment":[{"href":"https:\/\/paroisses-nancy-sud.fr\/HOME\/wp-json\/wp\/v2\/media?parent=4644"}],"wp:term":[{"taxonomy":"category","embeddable":true,"href":"https:\/\/paroisses-nancy-sud.fr\/HOME\/wp-json\/wp\/v2\/categories?post=4644"},{"taxonomy":"post_tag","embeddable":true,"href":"https:\/\/paroisses-nancy-sud.fr\/HOME\/wp-json\/wp\/v2\/tags?post=4644"}],"curies":[{"name":"wp","href":"https:\/\/api.w.org\/{rel}","templated":true}]}}