{"id":4646,"date":"2025-04-25T17:48:12","date_gmt":"2025-04-25T15:48:12","guid":{"rendered":"https:\/\/paroisses-nancy-sud.fr\/HOME\/?p=4646"},"modified":"2025-04-25T17:48:40","modified_gmt":"2025-04-25T15:48:40","slug":"a-dieu-pape-francois","status":"publish","type":"post","link":"https:\/\/paroisses-nancy-sud.fr\/HOME\/a-dieu-pape-francois\/","title":{"rendered":"A Dieu Pape Fran\u00e7ois"},"content":{"rendered":"\n<p><span style=\"color: #000000;\"><strong>A Dieu Pape Fran\u00e7ois<\/strong><\/span><\/p>\n<p><span style=\"color: #000000;\">Nous confions \u00e0 la tendresse de Dieu le Pape Fran\u00e7ois, d\u00e9c\u00e9d\u00e9 \u00e0 l\u2019\u00e2ge de 88 ans, dans la matin\u00e9e du lundi 21 avril 2025. N\u00e9 en 1936 \u00e0 Buenos Aires (Argentine), il avait \u00e9t\u00e9 \u00e9lu Pape le 13 mars 2013. D\u00e9couvrez ci-dessous des extraits de l\u2019hommage rendu par Monseigneur Pierre-Yves Michel, \u00e9v\u00eaque de Nancy et Toul.<\/span><\/p>\n<p><span style=\"color: #000000;\">\u00ab\u00a0Il m\u2019a nomm\u00e9 \u00e9v\u00eaque de Valence en 2014 et \u00e9v\u00eaque de Nancy et Toul en 2023. C\u2019est sous son pontificat que j\u2019ai exerc\u00e9 jusqu\u2019ici ma mission, dans une communion profonde, \u00ab affective et effective \u00bb comme le veut la tradition, avec le successeur de Pierre. Puisque le minist\u00e8re \u00e9piscopal est coll\u00e9gial, ce lien est tr\u00e8s important Je l\u2019ai ressenti fortement lors de l\u2019audience \u00e0 la fin de la formation des nouveaux \u00e9v\u00eaques, en septembre 2014, lorsque le Pape Fran\u00e7ois nous a invit\u00e9s \u00e0 ne pas \u00eatre des \u00ab \u00e9v\u00eaques d\u2019a\u00e9roport \u00bb et \u00e0 ne pas nous retrancher derri\u00e8re nos ordinateurs. De m\u00eame, lors de la visite\u00a0<em>ad limina<\/em>\u00a0en septembre 2021, le dialogue simple et les encouragements concrets nous ont tous marqu\u00e9s.\u00a0<\/span><br \/><span style=\"color: #000000;\"><strong>Il a lui-m\u00eame donn\u00e9 l\u2019exemple d\u2019un pasteur proche du peuple.<\/strong><\/span><\/p>\n<p><span style=\"color: #000000;\">Il me semble que le choix du nom de Fran\u00e7ois \u00e9claire toute son action pastorale. Ce Pape venu d\u2019Argentine a choisi les zones de fracture dans le monde pour ses voyages apostoliques. Au nom de l\u2019\u00c9vangile, il n\u2019a cess\u00e9 d\u2019appeler l\u2019\u00c9glise \u00e0 vivre la proximit\u00e9 avec les pauvres, les migrants et les exclus.<\/span><\/p>\n<p><span style=\"color: #000000;\">Sa pr\u00e9sence lors des rencontres m\u00e9diterran\u00e9ennes, comme \u00e0 Marseille en septembre 2023, dit sa position de <strong>veilleur au service de la fraternit\u00e9 dans le Christ.<\/strong> Il aura certainement aid\u00e9 l\u2019\u00c9glise \u00e0 prendre conscience du changement d\u2019\u00e9poque que nous sommes en train de vivre. L\u2019image de Fran\u00e7ois priant sur la place Saint-Pierre \u00e0 Rome lors de la crise du covid restera dans les m\u00e9moires\u00a0!<\/span><\/p>\n<p><span style=\"color: #000000;\"><strong>L\u2019esp\u00e9rance fond\u00e9e en Dieu est \u00e0 mon sens le fil rouge de son pontificat et l\u2019appel qu\u2019il nous adresse au c\u0153ur de cette ann\u00e9e jubilaire :\u00a0<em>\u00ab\u00a0L\u2019esp\u00e9rance ne d\u00e9\u00e7oit pas <\/em><\/strong><em>\u00bb<\/em>\u00a0(Romains 5, 5).<strong> Il ne s\u2019est pas content\u00e9 de le rappeler mais, avec courage, il l\u2019a v\u00e9cu jusqu\u2019au bout.\u00a0<\/strong>Le Pape Fran\u00e7ois s\u2019est \u00e9teint au c\u0153ur m\u00eame de l\u2019ann\u00e9e qu\u2019il avait lui-m\u00eame d\u00e9di\u00e9e \u00e0 l\u2019esp\u00e9rance\u00a0: tout un symbole qui nous invite \u00e0 poursuivre la route comme des p\u00e8lerins d\u2019esp\u00e9rance.\u00a0\u00bb<\/span><\/p>\n<p style=\"text-align: right;\"><span style=\"color: #000000;\"><em>Monseigneur Pierre-Yves Michel, \u00e9v\u00eaque de Nancy et Toul<\/em><\/span><\/p>\n","protected":false},"excerpt":{"rendered":"<p>A Dieu Pape Fran\u00e7ois Nous confions \u00e0 la tendresse de Dieu le Pape Fran\u00e7ois, d\u00e9c\u00e9d\u00e9 \u00e0 l\u2019\u00e2ge de 88 ans, dans la matin\u00e9e du lundi 21 avril 2025. N\u00e9 en 1936 \u00e0 Buenos Aires (Argentine), il avait \u00e9t\u00e9 \u00e9lu Pape le 13 mars 2013. D\u00e9couvrez ci-dessous des extraits de l\u2019hommage rendu par Monseigneur Pierre-Yves Michel,&hellip; <br \/> <a class=\"read-more\" href=\"https:\/\/paroisses-nancy-sud.fr\/HOME\/a-dieu-pape-francois\/\">Lire la suite<\/a><\/p>\n","protected":false},"author":5,"featured_media":529,"comment_status":"closed","ping_status":"open","sticky":false,"template":"","format":"standard","meta":[],"categories":[6],"tags":[],"acf":[],"_links":{"self":[{"href":"https:\/\/paroisses-nancy-sud.fr\/HOME\/wp-json\/wp\/v2\/posts\/4646"}],"collection":[{"href":"https:\/\/paroisses-nancy-sud.fr\/HOME\/wp-json\/wp\/v2\/posts"}],"about":[{"href":"https:\/\/paroisses-nancy-sud.fr\/HOME\/wp-json\/wp\/v2\/types\/post"}],"author":[{"embeddable":true,"href":"https:\/\/paroisses-nancy-sud.fr\/HOME\/wp-json\/wp\/v2\/users\/5"}],"replies":[{"embeddable":true,"href":"https:\/\/paroisses-nancy-sud.fr\/HOME\/wp-json\/wp\/v2\/comments?post=4646"}],"version-history":[{"count":2,"href":"https:\/\/paroisses-nancy-sud.fr\/HOME\/wp-json\/wp\/v2\/posts\/4646\/revisions"}],"predecessor-version":[{"id":4648,"href":"https:\/\/paroisses-nancy-sud.fr\/HOME\/wp-json\/wp\/v2\/posts\/4646\/revisions\/4648"}],"wp:featuredmedia":[{"embeddable":true,"href":"https:\/\/paroisses-nancy-sud.fr\/HOME\/wp-json\/wp\/v2\/media\/529"}],"wp:attachment":[{"href":"https:\/\/paroisses-nancy-sud.fr\/HOME\/wp-json\/wp\/v2\/media?parent=4646"}],"wp:term":[{"taxonomy":"category","embeddable":true,"href":"https:\/\/paroisses-nancy-sud.fr\/HOME\/wp-json\/wp\/v2\/categories?post=4646"},{"taxonomy":"post_tag","embeddable":true,"href":"https:\/\/paroisses-nancy-sud.fr\/HOME\/wp-json\/wp\/v2\/tags?post=4646"}],"curies":[{"name":"wp","href":"https:\/\/api.w.org\/{rel}","templated":true}]}}