{"id":4653,"date":"2025-04-26T18:18:40","date_gmt":"2025-04-26T16:18:40","guid":{"rendered":"https:\/\/paroisses-nancy-sud.fr\/HOME\/?p=4653"},"modified":"2025-04-26T18:19:04","modified_gmt":"2025-04-26T16:19:04","slug":"annonces-de-la-visitation-du-27-mars-2","status":"publish","type":"post","link":"https:\/\/paroisses-nancy-sud.fr\/HOME\/annonces-de-la-visitation-du-27-mars-2\/","title":{"rendered":"Annonces de la Visitation du 27 mars"},"content":{"rendered":"\n<p><span style=\"color: #000000;\"><strong>Samedi 03 mai<\/strong> en l\u2019\u00e9glise de Bainville, bapt\u00eames d\u2019\u00c9my et de Ma\u00eblina.<\/span><br \/><span style=\"color: #000000;\">R\u00e9jouissons-nous et portons-les dans nos pri\u00e8res\u00a0!<\/span><\/p>\n<p><span style=\"color: #000000;\"><strong>Lundi 28 avril, <\/strong>\u00e0 14h, rencontres des groupes de lecture suivie du parcours biblique \u00ab P\u00e8lerins des \u00c9critures \u00bb, soit \u00e0 Bainville, chez les s\u0153urs, soit \u00e0 Neuves-Maisons, dans la salle du RDC du presbyt\u00e8re.<\/span><\/p>\n<p><span style=\"color: #000000;\"><strong>\u00c9quipes du Rosaire\u00a0<\/strong>: <\/span><br \/><span style=\"color: #000000;\">Comme chaque d\u00e9but de mois, les \u00e9quipes du secteur se r\u00e9unissent. Pour mai, ce sera le lundi 05 mai \u00e0 14h30 et elles invitent toutes personnes int\u00e9ress\u00e9es \u00e0 les rejoindre.<\/span><\/p>\n<p><span style=\"color: #000000;\"><strong>\u00a0<\/strong><strong>Qu\u00eate charges paroissiales<\/strong> : <\/span><br \/><span style=\"color: #000000;\">Comme tous les premiers dimanches du mois, <strong>les samedi 03 mai<\/strong> et <strong>dimanche 04 mai,<\/strong> une qu\u00eate en fin de messe sera assur\u00e9e pour une participation aux charges paroissiales. Elle est valable pour toute la paroisse de la Visitation. Merci pour votre don\u00a0!<\/span><\/p>\n<p><span style=\"color: #000000;\"><strong>Dimanche 04 mai \u00e0 16h30<\/strong>\u00a0: Concert baroque en l\u2019\u00e9glise de Xeuilley organis\u00e9 par l\u2019association les amis de Saint R\u00e9mi avec Isabelle Feuillie fl\u00fbte \u00e0 bec et viole de gambe, Thierry Ferr\u00e9 Orgue positif<\/span><\/p>\n<p><span style=\"color: #000000;\"><strong>Mardi 06 mai \u00e0 17h00 <\/strong>rencontre des \u00e9quipes liturgiques de Neuves Maisons pour l\u2019\u00e9laboration du calendrier des animations de mai \u00e0 fin ao\u00fbt.<\/span><\/p>\n<p><span style=\"color: #000000;\"><strong>\u00a0<\/strong><strong>Vendredi 16 mai \u00e0 20h30<\/strong> en l\u2019\u00e9glise de Bainville, concert violoncelle d\u2019\u00e9paule et nickelharpa, organis\u00e9 par l\u2019Association Renaissance de Pont St Vincent au profit de la r\u00e9novation de l\u2019\u00e9glise.<\/span><\/p>\n<p><span style=\"color: #000000;\"><strong>Messes \u00e0 la Visitation<br \/><\/strong>Samedi 03 mai \u00e0 18h00\u00a0: Chaligny<\/span><br \/><span style=\"color: #000000;\">Dimanche 04 mai \u00e0 10h00 \u00e0 Xeuilley et \u00e0 10h30\u00a0: Neuves Maisons<\/span><\/p>\n<p><span style=\"color: #000000;\"><strong>Messes en semaine.<br \/><\/strong>Jeudi\u00a0: adoration \u00e0 16h00 et messe \u00e0 16h30 \u00e0 la chapelle.<\/span><br \/><span style=\"color: #000000;\">Vendredi\u00a0: messe \u00e0 08h20 chez les s\u0153urs \u00e0 Bainville, 67 rue Jacques Callot.<\/span><\/p>\n<p><span style=\"color: #000000;\"><u><strong>Permanences<\/strong> \u00e0\u00a0<strong>la maison paroissiale<\/strong> :<\/u> <\/span><br \/><span style=\"color: #000000;\">Mardi de 14h \u00e0 16h30 et Samedi de 9h30 \u00e0 11h30<\/span><br \/><span style=\"color: #000000;\">tel : 03 83 47 25 54 \u2013 <em><strong>adresse mail<\/strong><\/em><strong> : <\/strong><a style=\"color: #000000;\" href=\"mailto:visitationmm@orange.fr\">visitationmm@orange.fr<\/a>\u00a0 <\/span><br \/><span style=\"color: #000000;\">Horaires des messes :\u00a0 <a style=\"color: #000000;\" href=\"https:\/\/messes.info\/\">messesinfo<\/a><em> (cliquer sur le lien)<\/em><\/span><\/p>\n","protected":false},"excerpt":{"rendered":"<p>Samedi 03 mai en l\u2019\u00e9glise de Bainville, bapt\u00eames d\u2019\u00c9my et de Ma\u00eblina.R\u00e9jouissons-nous et portons-les dans nos pri\u00e8res\u00a0! Lundi 28 avril, \u00e0 14h, rencontres des groupes de lecture suivie du parcours biblique \u00ab P\u00e8lerins des \u00c9critures \u00bb, soit \u00e0 Bainville, chez les s\u0153urs, soit \u00e0 Neuves-Maisons, dans la salle du RDC du presbyt\u00e8re. \u00c9quipes du Rosaire\u00a0:&hellip; <br \/> <a class=\"read-more\" href=\"https:\/\/paroisses-nancy-sud.fr\/HOME\/annonces-de-la-visitation-du-27-mars-2\/\">Lire la suite<\/a><\/p>\n","protected":false},"author":5,"featured_media":472,"comment_status":"closed","ping_status":"open","sticky":false,"template":"","format":"standard","meta":[],"categories":[10],"tags":[],"acf":[],"_links":{"self":[{"href":"https:\/\/paroisses-nancy-sud.fr\/HOME\/wp-json\/wp\/v2\/posts\/4653"}],"collection":[{"href":"https:\/\/paroisses-nancy-sud.fr\/HOME\/wp-json\/wp\/v2\/posts"}],"about":[{"href":"https:\/\/paroisses-nancy-sud.fr\/HOME\/wp-json\/wp\/v2\/types\/post"}],"author":[{"embeddable":true,"href":"https:\/\/paroisses-nancy-sud.fr\/HOME\/wp-json\/wp\/v2\/users\/5"}],"replies":[{"embeddable":true,"href":"https:\/\/paroisses-nancy-sud.fr\/HOME\/wp-json\/wp\/v2\/comments?post=4653"}],"version-history":[{"count":2,"href":"https:\/\/paroisses-nancy-sud.fr\/HOME\/wp-json\/wp\/v2\/posts\/4653\/revisions"}],"predecessor-version":[{"id":4655,"href":"https:\/\/paroisses-nancy-sud.fr\/HOME\/wp-json\/wp\/v2\/posts\/4653\/revisions\/4655"}],"wp:featuredmedia":[{"embeddable":true,"href":"https:\/\/paroisses-nancy-sud.fr\/HOME\/wp-json\/wp\/v2\/media\/472"}],"wp:attachment":[{"href":"https:\/\/paroisses-nancy-sud.fr\/HOME\/wp-json\/wp\/v2\/media?parent=4653"}],"wp:term":[{"taxonomy":"category","embeddable":true,"href":"https:\/\/paroisses-nancy-sud.fr\/HOME\/wp-json\/wp\/v2\/categories?post=4653"},{"taxonomy":"post_tag","embeddable":true,"href":"https:\/\/paroisses-nancy-sud.fr\/HOME\/wp-json\/wp\/v2\/tags?post=4653"}],"curies":[{"name":"wp","href":"https:\/\/api.w.org\/{rel}","templated":true}]}}