{"id":4657,"date":"2025-05-02T16:40:04","date_gmt":"2025-05-02T14:40:04","guid":{"rendered":"https:\/\/paroisses-nancy-sud.fr\/HOME\/?p=4657"},"modified":"2025-05-02T16:40:04","modified_gmt":"2025-05-02T14:40:04","slug":"annonces-de-la-visitation-du-4-mai","status":"publish","type":"post","link":"https:\/\/paroisses-nancy-sud.fr\/HOME\/annonces-de-la-visitation-du-4-mai\/","title":{"rendered":"Annonces de la Visitation du 4 mai"},"content":{"rendered":"\n<p><span style=\"color: #000000;\"><strong>Samedi 10 mai<\/strong> en l\u2019\u00e9glise de Sexey, bapt\u00eames de Mila et de Christale.<\/span><br \/><span style=\"color: #000000;\">R\u00e9jouissons-nous et portons-les dans nos pri\u00e8res\u00a0!<\/span><\/p>\n<p><span style=\"color: #000000;\"><strong>\u00c9quipes du Rosaire\u00a0<\/strong>: comme chaque d\u00e9but de mois, les \u00e9quipes du secteur se r\u00e9unissent. Pour mai, ce sera le lundi 05 mai \u00e0 14h30 et elles invitent toutes personnes int\u00e9ress\u00e9es \u00e0 les rejoindre.<\/span><\/p>\n<p><span style=\"color: #000000;\"><strong>Dimanche 04 mai \u00e0 16h30<\/strong>\u00a0: Concert baroque en l\u2019\u00e9glise de Xeuilley organis\u00e9 par l\u2019association les amis de Saint R\u00e9mi avec Isabelle Feuillie fl\u00fbte \u00e0 bec et viole de gambe, Thierry Ferr\u00e9 Orgue positif<\/span><\/p>\n<p><span style=\"color: #000000;\"><strong>Mardi 06 mai \u00e0 17h00 <\/strong>rencontre des \u00e9quipes liturgiques de Neuves-Maisons pour l\u2019\u00e9laboration du calendrier des animations de mai \u00e0 fin ao\u00fbt. Si vous \u00eates int\u00e9ress\u00e9s par l\u2019animation liturgique ou musicale, venez-nous rejoindre\u00a0!<\/span><\/p>\n<p><span style=\"color: #000000;\"><strong>\u00a0<\/strong><strong>Vendredi 16 mai \u00e0 20h30<\/strong> en l\u2019\u00e9glise de Bainville, concert violoncelle d\u2019\u00e9paule et nickelharpa, organis\u00e9 par l\u2019Association Renaissance de Pont St Vincent au profit de la r\u00e9novation de l\u2019\u00e9glise.<\/span><\/p>\n<p><span style=\"color: #000000;\"><strong>Dimanche 18 mai \u00e0 15h00, <\/strong>en l\u2019\u00e9glise de Maron, concert \u00a0Gospel organis\u00e9 par le Secours Populaire de Neuves Maisons qui f\u00eate ses 80 ans, entr\u00e9e libre.<\/span><\/p>\n<p><span style=\"color: #000000;\"><strong>Le jeudi 29 mai<\/strong>, f\u00eate de l&rsquo;Ascension,\u00a0le secteur pastoral Nancy-Sud propose, comme depuis de nombreuses ann\u00e9es, aux enfants, aux familles, aux adultes de cheminer vers Sion. C\u00e9l\u00e9bration eucharistique\u00a0\u00e0 15h30. Venez nombreux\u00a0!\u00a0D\u00e9tails sur le dernier num\u00e9ro de La Passerelle<\/span><\/p>\n<p><span style=\"color: #000000;\"><strong>P\u00e8lerinage \u00e0 Lourdes :<br \/><\/strong>Et si vous deveniez p\u00e8lerins d\u2019esp\u00e9rance avec Marie ? Comme chaque ann\u00e9e, le <a style=\"color: #000000;\" href=\"https:\/\/www.catholique-nancy.fr\/sites\/service-diocesain-des-pelerinages\/\">service des p\u00e8lerinages<\/a>\u00a0du dioc\u00e8se de Nancy et Toul vous propose un\u00a0p\u00e8lerinage dioc\u00e9sain \u00e0 Lourdes.\u00a0Cette ann\u00e9e, il aura lieu\u00a0du l<strong>undi 14 au dimanche 20 juillet 2025<\/strong>, et sera pr\u00e9sid\u00e9 par Monseigneur\u00a0Pierre-Yves Michel, \u00e9v\u00eaque de Nancy et Toul.<\/span><br \/><span style=\"color: #000000;\">Plus d\u2019informations, sur le site :\u00a0<a style=\"color: #000000;\" href=\"https:\/\/post.spmailtechn.com\/f\/a\/kI6KoM30rV3Dq9VLnP9DhA~~\/AAGv9hA~\/Ap96x4GqMta0TXlzHwGr1RYg-GeIv9qasQZcTdCBuI_f0Sby2Izzvk1cbm4nUH6XlWuC_d6gOWhWmFTSmKfIC-w1HF9oIGIaWKE0Ui0f8yfr2pl8ksK-By-Z613dqewA\">https:\/\/pelerin2025-lourdes.venio.fr\/fr<\/a><\/span><\/p>\n<p><span style=\"color: #000000;\"><strong>Messes \u00e0 la Visitation<br \/><\/strong>Samedi 10 mai \u00e0 18h00\u00a0: M\u00e9r\u00e9ville<\/span><br \/><span style=\"color: #000000;\">Dimanche 11 mai \u00e0 10h30\u00a0: Neuves Maisons<\/span><\/p>\n<p><span style=\"color: #000000;\"><strong>Messes en semaine.<br \/><\/strong>Jeudi\u00a0: adoration \u00e0 16h00 et messe \u00e0 16h30 \u00e0 la chapelle.<\/span><br \/><span style=\"color: #000000;\">Vendredi\u00a0: messe \u00e0 08h20 chez les s\u0153urs \u00e0 Bainville, 67 rue Jacques Callot.<\/span><\/p>\n<p><span style=\"color: #000000;\"><u><strong>Permanences<\/strong>\u00a0\u00e0 <strong>la maison paroissiale<\/strong> :<\/u> <\/span><br \/><span style=\"color: #000000;\">Mardi de 14h \u00e0 16h30 et Samedi de 9h30 \u00e0 11h30<\/span><br \/><span style=\"color: #000000;\">tel : 03 83 47 25 54 \u2013 <em><strong>adresse mail<\/strong><\/em><strong> : <\/strong><a style=\"color: #000000;\" href=\"mailto:visitationmm@orange.fr\">visitationmm@orange.fr<\/a>\u00a0 <\/span><br \/><span style=\"color: #000000;\">Horaires des messes :\u00a0 <a style=\"color: #000000;\" href=\"https:\/\/messes.info\/\">messesinfo<\/a><em> (cliquer sur le lien)<\/em><\/span><\/p>\n","protected":false},"excerpt":{"rendered":"<p>Samedi 10 mai en l\u2019\u00e9glise de Sexey, bapt\u00eames de Mila et de Christale.R\u00e9jouissons-nous et portons-les dans nos pri\u00e8res\u00a0! \u00c9quipes du Rosaire\u00a0: comme chaque d\u00e9but de mois, les \u00e9quipes du secteur se r\u00e9unissent. Pour mai, ce sera le lundi 05 mai \u00e0 14h30 et elles invitent toutes personnes int\u00e9ress\u00e9es \u00e0 les rejoindre. Dimanche 04 mai \u00e0&hellip; <br \/> <a class=\"read-more\" href=\"https:\/\/paroisses-nancy-sud.fr\/HOME\/annonces-de-la-visitation-du-4-mai\/\">Lire la suite<\/a><\/p>\n","protected":false},"author":5,"featured_media":472,"comment_status":"closed","ping_status":"open","sticky":false,"template":"","format":"standard","meta":[],"categories":[10],"tags":[],"acf":[],"_links":{"self":[{"href":"https:\/\/paroisses-nancy-sud.fr\/HOME\/wp-json\/wp\/v2\/posts\/4657"}],"collection":[{"href":"https:\/\/paroisses-nancy-sud.fr\/HOME\/wp-json\/wp\/v2\/posts"}],"about":[{"href":"https:\/\/paroisses-nancy-sud.fr\/HOME\/wp-json\/wp\/v2\/types\/post"}],"author":[{"embeddable":true,"href":"https:\/\/paroisses-nancy-sud.fr\/HOME\/wp-json\/wp\/v2\/users\/5"}],"replies":[{"embeddable":true,"href":"https:\/\/paroisses-nancy-sud.fr\/HOME\/wp-json\/wp\/v2\/comments?post=4657"}],"version-history":[{"count":1,"href":"https:\/\/paroisses-nancy-sud.fr\/HOME\/wp-json\/wp\/v2\/posts\/4657\/revisions"}],"predecessor-version":[{"id":4658,"href":"https:\/\/paroisses-nancy-sud.fr\/HOME\/wp-json\/wp\/v2\/posts\/4657\/revisions\/4658"}],"wp:featuredmedia":[{"embeddable":true,"href":"https:\/\/paroisses-nancy-sud.fr\/HOME\/wp-json\/wp\/v2\/media\/472"}],"wp:attachment":[{"href":"https:\/\/paroisses-nancy-sud.fr\/HOME\/wp-json\/wp\/v2\/media?parent=4657"}],"wp:term":[{"taxonomy":"category","embeddable":true,"href":"https:\/\/paroisses-nancy-sud.fr\/HOME\/wp-json\/wp\/v2\/categories?post=4657"},{"taxonomy":"post_tag","embeddable":true,"href":"https:\/\/paroisses-nancy-sud.fr\/HOME\/wp-json\/wp\/v2\/tags?post=4657"}],"curies":[{"name":"wp","href":"https:\/\/api.w.org\/{rel}","templated":true}]}}