{"id":4659,"date":"2025-05-02T17:31:40","date_gmt":"2025-05-02T15:31:40","guid":{"rendered":"https:\/\/paroisses-nancy-sud.fr\/HOME\/?p=4659"},"modified":"2025-05-02T17:31:40","modified_gmt":"2025-05-02T15:31:40","slug":"annonces-de-saint-francois-de-sales-et-sainte-jeanne-de-chantal-du-4-mai","status":"publish","type":"post","link":"https:\/\/paroisses-nancy-sud.fr\/HOME\/annonces-de-saint-francois-de-sales-et-sainte-jeanne-de-chantal-du-4-mai\/","title":{"rendered":"Annonces de Saint-Fran\u00e7ois-de-Sales et Sainte-Jeanne-de-Chantal du 4 mai"},"content":{"rendered":"\n<p><\/p>\n<p><span style=\"color: #000000;\"><strong>Bapt\u00eames, mariages.<br \/><\/strong><strong>Dimanche 4 mai, \u00e0 Ludres, bapt\u00eame <\/strong>de Julia, <strong>\u00e0 Jarville bapt\u00eame <\/strong>de Robin. <\/span><br \/><span style=\"color: #000000;\"><strong>Dimanche 11 mai \u00e0 Flavigny, bapt\u00eame <\/strong>de Giulia et Ezio et \u00e0 <strong>Jarville<\/strong> bapt\u00eame de L\u00e9o.<\/span><br \/><span style=\"color: #000000;\"><strong>Le samedi 10 mai, \u00e0 Nordheim<\/strong> en Alsace,<strong> mariage de <\/strong>S\u00e9verine et Alexandre de Flavigny<strong> et le samedi 17 mai \u00e0 Ludres, mariage <\/strong>de Laura et Louis. Nous prions pour ces petits, ces jeunes couples et leurs familles.<\/span><\/p>\n<p><span style=\"color: #000000;\"><strong>Qu\u00eate suppl\u00e9mentaire du 1<sup>er<\/sup> dimanche du mois :<br \/><\/strong><strong>Ce samedi 3 mai et ce dimanche 4 mai, <\/strong>\u00e0 la sortie des messes vous sera propos\u00e9e la qu\u00eate suppl\u00e9mentaire pour soutenir les d\u00e9penses pastorales et de fonctionnement de nos paroisses. Merci\u00a0!<\/span><\/p>\n<p><span style=\"color: #000000;\"><strong>Messe des familles :<br \/><\/strong><strong>Dimanche 4 mai, messe des familles \u00e0 Jarville. <\/strong>Les enfants des groupes de cat\u00e9 y sont plus particuli\u00e8rement invit\u00e9s. A l&rsquo;issue de la c\u00e9l\u00e9bration, un scout d&rsquo;Europe viendra pr\u00e9senter le mouvement.<\/span><br \/><span style=\"color: #000000;\"><strong>La prochaine messe des familles sera celle de Sion<\/strong>, <strong>le 29 mai,<\/strong> jour de l\u2019Ascension, lors de notre journ\u00e9e de p\u00e8lerinage du secteur Nancy-Sud, \u00e0 15h30.<\/span><\/p>\n<p><span style=\"color: #000000;\"><strong>Mois de mai, mois de Marie :<br \/><\/strong>Comme chaque ann\u00e9e nous <strong>m\u00e9diterons et r\u00e9citerons le chapelet les quatre lundis de mai<\/strong> \u00e0 <strong>17h30 \u00e0 la crypte de Jarville<\/strong>, anim\u00e9 par les \u00e9quipes du Rosaire.<\/span><\/p>\n<p><span style=\"color: #000000;\"><strong>Messes de semaine \u00e0 Richardm\u00e9nil :<br \/><\/strong><strong>A partir du lundi 5 mai \u00e0 18h30, reprise des messes de semaine \u00e0 Richardm\u00e9nil\u00a0 <\/strong><\/span><\/p>\n<p><span style=\"color: #000000;\"><strong>Retraite de profession de foi :<br \/><\/strong>Les ados se pr\u00e9parant \u00e0 la profession de foi, se retrouveront <strong>le samedi 10 mai<\/strong> <strong>\u00e0 Sion,<\/strong> pour un temps de retraite, <strong>de 10h \u00e0 16h<\/strong>.<\/span><\/p>\n<p><span style=\"color: #000000;\"><strong>Les 400 ans de la chapelle du parc de Montaigu :<br \/><\/strong><strong>Le dimanche 18 mai \u00e0 15h<\/strong> aura lieu une manifestation pour c\u00e9l\u00e9brer les 400 ans de la b\u00e9n\u00e9diction de la chapelle. Au programme\u00a0: <strong>Accueil \u00e0<\/strong> <strong>15h <\/strong>puis p\u00e8lerinage de l\u2019\u00e9glise de Jarville \u00e0 la chapelle, b\u00e9n\u00e9diction, visite guid\u00e9e, rappel historique et verre de l\u2019amiti\u00e9\u00a0! Venez d\u00e9couvrir le patrimoine de notre paroisse\u00a0!<\/span><\/p>\n<p><span style=\"color: #000000;\"><strong>Confirmation :<br \/><\/strong><strong>\u00a0&#8211; Les jeunes de notre secteur <\/strong>se retrouveront<strong> le samedi 24 mai \u00e0 13h45 <\/strong>\u00e0 l\u2019\u00e9glise Sainte Th\u00e9r\u00e8se de Villers les Nancy pour leur 3<sup>\u00e8me<\/sup> temps fort sur le th\u00e8me de la pri\u00e8re.<\/span><br \/><span style=\"color: #000000;\"><strong>\u00a0&#8211; Les adultes de tout le dioc\u00e8se, se pr\u00e9parant au sacrement de la Confirmation, <\/strong>8 personnes se sont pr\u00e9par\u00e9es dans nos paroisses, seront en r\u00e9collection au Domaine de l\u2019Asn\u00e9e.<\/span><\/p>\n<p><span style=\"color: #000000;\"><strong>Entr\u00e9e en cat\u00e9chum\u00e9nat :<br \/><\/strong><strong>Le dimanche 25 mai, \u00e0 Jarville, \u00e0 la messe de 10h30<\/strong>, quatre adolescents, qui demandent le bapt\u00eame pour P\u00e2ques 2026, feront leur entr\u00e9e en cat\u00e9chum\u00e9nat. R\u00e9jouissons-nous et accompagnons-le de notre pri\u00e8re.<\/span><\/p>\n<p><span style=\"color: #000000;\"><strong>Messes dominicales des 10 et 11 mai 2025 :<br \/><\/strong><strong>Samedi 10 mai\u00a0: 18h <\/strong>Heillecourt, Laneuveville, M\u00e9r\u00e9ville<\/span><br \/><span style=\"color: #000000;\"><strong>Dimanche 11 mai<\/strong>\u00a0: 1<strong>0h<\/strong> Flavigny, Fl\u00e9ville\u00a0\u00a0\u00a0\u00a0\u00a0\u00a0\u00a0\u00a0\u00a0\u00a0\u00a0\u00a0\u00a0\u00a0\u00a0\u00a0\u00a0\u00a0\u00a0\u00a0\u00a0 <strong>10h30<\/strong> Jarville,\u00a0Neuves-Maisons\u00a0\u00a0\u00a0\u00a0\u00a0\u00a0\u00a0\u00a0\u00a0<\/span><\/p>\n<p><span style=\"color: #000000;\"><strong>Les livrets de l\u2019ann\u00e9e jubilaire sont disponibles !\u00a0<br \/><\/strong><strong>\u2018\u2019Vivre le jubil\u00e9 2025\u2019\u2019, sur les pas des t\u00e9moins de l\u2019esp\u00e9rance en Lorraine<\/strong>. Le livret est disponible au fond des \u00e9glises. (Participation propos\u00e9e, 1\u20ac)<\/span><\/p>\n<p><span style=\"color: #000000;\"><strong>\u00a0<\/strong><strong>Journ\u00e9e de l\u2019Ascension \u00e0 Sion :<br \/><\/strong><strong>Le Jeudi de l\u2019Ascension, 29 mai, rendez-vous \u00e0 tous, pour la journ\u00e9e familiale de p\u00e8lerinage de notre secteur vers Sion !<br \/><\/strong><strong>Enfants, jeunes, adultes <\/strong>sont invit\u00e9s \u00e0 cette <strong>journ\u00e9e fraternelle, <\/strong>moment particuli\u00e8rement important en cette ann\u00e9e de jubil\u00e9 plac\u00e9e pour le th\u00e8me des \u2018<strong>\u2019p\u00e8lerins de l\u2019esp\u00e9rance\u2019\u2019.<br \/><\/strong><strong>&#8211; D\u00e9part \u00e0 pied \u00e0 9h \u00e0 They sous Vaud\u00e9mont <\/strong>ou<strong> d\u00e9part \u00e0 10h \u00e0 Vaud\u00e9mont <\/strong>(les 2 groupes se retrouvent \u00e0 Vaud\u00e9mont et continuent ensemble)<\/span><br \/><span style=\"color: #000000;\"><strong>&#8211; Ap\u00e9ritif vers midi et demi \u00e0 <em>l\u2019abri des p\u00e8lerins<\/em> <\/strong>puis<strong> repas partag\u00e9 <br \/><\/strong><strong>&#8211; 14h <\/strong>un moment d \u2018enseignement pour les adultes<\/span><br \/><span style=\"color: #000000;\"><strong>&#8211; 15h <\/strong>chants de louange \u00e0 la basilique<\/span><br \/><span style=\"color: #000000;\"><strong>&#8211; 15h30 <\/strong>messe<\/span><br \/><span style=\"color: #000000;\">Contact : Odile Bonmati\u00a0<\/span><br \/><span style=\"color: #000000;\"><em>PS\u00a0: pour les d\u00e9parts il est conseill\u00e9 de laisser les voitures sur le parking de Sion (avec les pique- nique) et de covoiturer jusque They ou Vaud\u00e9mont) <\/em>!<\/span><\/p>\n<p><span style=\"color: #000000;\"><strong>Voyageurs chr\u00e9tiens :<br \/><\/strong>D\u00e9couverte du <strong>patrimoine religieux et culturel des Hauts de France<\/strong> : Arras, Louvre-Lens, Notre Dame de Lorette, Roubaix&#8230;. S\u00e9jour ouvert \u00e0 tous organis\u00e9 par <strong>les voyageurs chr\u00e9tiens du 4 au 8 ao\u00fbt<\/strong>. Inscriptions : Madame Chambon ou Jean-Fran\u00e7ois au 03 83 56 34 31.<\/span><\/p>\n<p><span style=\"color: #000000;\"><strong>Autres Annonces :\u00a0<br \/><\/strong><strong>\u00a0&#8211; La Basilique Saint-Epvre de Nancy vous ouvre ses portes : <\/strong><strong>Mardi 6 mai ou mercredi 21 mai \u00e0 20h30<\/strong>, laisser-vous guider par une visite spirituelle de ce joyau du patrimoine religieux nanc\u00e9en\u00a0: histoire, architecture, vitraux, symboliques, th\u00e9ologie. Entr\u00e9e libre\u00a0: participation aux frais.<\/span><\/p>\n<p><span style=\"color: #000000;\"><strong>\u00a0&#8211; Journ\u00e9e mondiale de pri\u00e8re pour les Vocations :<\/strong><strong><em>\u2018\u2019 Entends ma voix et ouvre la porte \u2018\u2019Ac 3,20<br \/><\/em><\/strong><strong>Le dimanche 11 mai, <\/strong>dimanche du Bon Pasteur donc la journ\u00e9e mondiale de pri\u00e8re pour les vocations. Un beau visuel sur le site de nos paroisses pour une r\u00e9flexion sur la vocation.<br \/><strong>Le 18 mai, <\/strong>marche \u00ab\u00a0printani\u00e8re\u00a0\u00bb destin\u00e9e aux jeunes femmes se demandant comment regarder avec audace et confiance leur vocation de femme dans l&rsquo;Eglise et le monde <em> Etienne d&rsquo;Hausen 06 95 39 19 74. vocations@catholique-nancy.fr.<\/em><\/span><\/p>\n<p><span style=\"color: #000000;\">\u00a0&#8211; J<a style=\"color: #000000;\" href=\"https:\/\/joc.asso.fr\/\"><strong>eunesse ouvri\u00e8re chr\u00e9tienne (JOC)<\/strong><\/a><\/span><br \/><span style=\"color: #000000;\">Les accompagnateurs de la\u00a0<a style=\"color: #000000;\" href=\"https:\/\/joc.asso.fr\/\"><strong>Jeunesse ouvri\u00e8re chr\u00e9tienne <\/strong><\/a>de Lorraine proposent une journ\u00e9e pour d\u00e9couvrir la JOC et se questionner ensemble sur l\u2019avenir des jeunes, le\u00a0<strong>samedi 17 mai,<\/strong><strong>de 10h \u00e0 16h30<\/strong>, \u00e0 l\u2019espace Yves Coppens-Pagode, \u00e0\u00a0<strong>Vandoeuvre<\/strong>. Ce temps de rencontre s\u2019adresse \u00e0 tous ceux qui se sentent concern\u00e9s par l\u2019avenir des jeunes, que vous connaissiez d\u00e9j\u00e0 la JOC ou non. Contact\u00a0: 06 79 75 15 72, avant le 1<sup>er<\/sup><\/span><\/p>\n<p><span style=\"color: #000000;\"><strong>\u00a0&#8211; Co-voiturage <br \/><\/strong>Un site gratuit, \u00ab\u00a0<strong><em>gomesse\u00a0\u00bb<\/em>, <\/strong>vous permet <strong>de proposer une place dans votre voiture ou d\u2019en trouver une pour aller \u00e0 la messe ensembl<\/strong> Voir le site\u00a0: <a style=\"color: #000000;\" href=\"https:\/\/gomesse.fr\">https:\/\/gomesse.fr<\/a><\/span><\/p>\n<p style=\"text-align: center;\"><span style=\"color: #000000;\"><strong><em>\u00a0<\/em><\/strong><strong><em>Trouver sa joie dans la joie de l\u2019autre, voil\u00e0 le secret du bonheur<\/em><\/strong><\/span><\/p>\n<p style=\"text-align: center;\"><span style=\"color: #000000;\"><strong><em>Georges Bernanos<\/em><\/strong><\/span><\/p>\n<p><\/p>\n","protected":false},"excerpt":{"rendered":"","protected":false},"author":5,"featured_media":2464,"comment_status":"closed","ping_status":"open","sticky":false,"template":"","format":"standard","meta":[],"categories":[7],"tags":[],"acf":[],"_links":{"self":[{"href":"https:\/\/paroisses-nancy-sud.fr\/HOME\/wp-json\/wp\/v2\/posts\/4659"}],"collection":[{"href":"https:\/\/paroisses-nancy-sud.fr\/HOME\/wp-json\/wp\/v2\/posts"}],"about":[{"href":"https:\/\/paroisses-nancy-sud.fr\/HOME\/wp-json\/wp\/v2\/types\/post"}],"author":[{"embeddable":true,"href":"https:\/\/paroisses-nancy-sud.fr\/HOME\/wp-json\/wp\/v2\/users\/5"}],"replies":[{"embeddable":true,"href":"https:\/\/paroisses-nancy-sud.fr\/HOME\/wp-json\/wp\/v2\/comments?post=4659"}],"version-history":[{"count":1,"href":"https:\/\/paroisses-nancy-sud.fr\/HOME\/wp-json\/wp\/v2\/posts\/4659\/revisions"}],"predecessor-version":[{"id":4660,"href":"https:\/\/paroisses-nancy-sud.fr\/HOME\/wp-json\/wp\/v2\/posts\/4659\/revisions\/4660"}],"wp:featuredmedia":[{"embeddable":true,"href":"https:\/\/paroisses-nancy-sud.fr\/HOME\/wp-json\/wp\/v2\/media\/2464"}],"wp:attachment":[{"href":"https:\/\/paroisses-nancy-sud.fr\/HOME\/wp-json\/wp\/v2\/media?parent=4659"}],"wp:term":[{"taxonomy":"category","embeddable":true,"href":"https:\/\/paroisses-nancy-sud.fr\/HOME\/wp-json\/wp\/v2\/categories?post=4659"},{"taxonomy":"post_tag","embeddable":true,"href":"https:\/\/paroisses-nancy-sud.fr\/HOME\/wp-json\/wp\/v2\/tags?post=4659"}],"curies":[{"name":"wp","href":"https:\/\/api.w.org\/{rel}","templated":true}]}}