{"id":4668,"date":"2025-05-10T21:18:14","date_gmt":"2025-05-10T19:18:14","guid":{"rendered":"https:\/\/paroisses-nancy-sud.fr\/HOME\/?p=4668"},"modified":"2025-05-10T21:18:14","modified_gmt":"2025-05-10T19:18:14","slug":"annonces-de-la-paroisse-saint-francois-de-sales-et-sainte-jeanne-de-chantal-du-11-mai","status":"publish","type":"post","link":"https:\/\/paroisses-nancy-sud.fr\/HOME\/annonces-de-la-paroisse-saint-francois-de-sales-et-sainte-jeanne-de-chantal-du-11-mai\/","title":{"rendered":"Annonces de la paroisse Saint-Fran\u00e7ois-de-Sales et Sainte-Jeanne-de-Chantal du 11 mai"},"content":{"rendered":"\n<p><span style=\"color: #000000;\"><strong>Bapt\u00eames, mariages.<br \/><\/strong><strong>\u00a0&#8211; Dimanche 11 mai \u00e0 Flavigny, bapt\u00eame <\/strong>de Giulia et Ezio et \u00e0 <strong>Jarville<\/strong> bapt\u00eame de L\u00e9o.<br \/><strong>\u00a0&#8211; Le samedi 10 mai, \u00e0 Nordheim<\/strong> en Alsace,<strong> mariage de <\/strong>S\u00e9verine et Alexandre de Flavigny<strong> et le samedi 17 mai \u00e0 Ludres, mariage <\/strong>de Laura et Louis.<br \/>Nous prions pour ces petits, ces jeunes couples et leurs familles.<\/span><\/p>\n<p><span style=\"color: #000000;\"><strong>Retraite de profession de foi :<br \/><\/strong><strong>Ce samedi 10 mai,<\/strong> les ados se pr\u00e9parant \u00e0 la profession de foi, se retrouvent pour un temps de retraite, <strong>de 10h \u00e0 16h \u00e0 Sion<\/strong>.<br \/>Les jeunes de La Malgrange, se pr\u00e9parant \u00e0 la profession de foi et \u00e0 la Confirmation, se retrouvent, eux, au centre Spirituel ces<strong> vendredi 9 et samedi 10 mai.<\/strong><\/span><\/p>\n<p><span style=\"color: #000000;\"><strong>Table ouverte du 2<sup>\u00e8me<\/sup> dimanche du mois :<br \/><\/strong><strong>Ce dimanche 10 mai, table ouverte \u00e0 Jarville\u00a0! <\/strong>Habitu\u00e9s ou nouveaux participants, <strong>vous \u00eates attendus\u00a0<\/strong>! Chacun apporte un plat sal\u00e9 ou sucr\u00e9, du pain, du fromage, une boisson .. \u00e0 partager.<\/span><br \/><span style=\"color: #000000;\">Moment fraternel \u00e0 partager en toute simplicit\u00e9\u00a0!<\/span><\/p>\n<p><span style=\"color: #000000;\"><strong>Mois de mai, mois de Marie :<br \/><\/strong><strong>Ce lundi 12 mai, \u00e0<\/strong> <strong>17h30 \u00e0 la crypte de Jarville,<\/strong> nous m\u00e9diterons et r\u00e9citerons le chapelet avec les \u00e9quipes du Rosaire.<\/span><\/p>\n<p><span style=\"color: #000000;\"><strong>Messes de semaine \u00e0 Richardm\u00e9nil :<br \/><\/strong><strong>Ce lundi 12 mai \u00e0 18h30, messe \u00e0 Richardm\u00e9nil\u00a0 <\/strong><\/span><\/p>\n<p><span style=\"color: #000000;\"><strong>Temps de pri\u00e8re du mois de mai \u00e0 Fl\u00e9ville :<br \/><\/strong><strong>Mardi 13 mai \u00e0 15h rendez-vous \u00e0 l\u2019\u00e9glise de Fl\u00e9ville\u00a0: <\/strong>Dans le cadre du Jubil\u00e9 2025, temps de pri\u00e8res, chants, m\u00e9ditation \u2026 en l\u2019honneur de la Vierge Marie en ce mois de mai.<\/span><\/p>\n<p><span style=\"color: #000000;\"><strong>Les 400 ans de la chapelle du parc de Montaigu :<br \/><\/strong><strong>\u00a0&#8211; Le dimanche 18 mai \u00e0 15h<\/strong> aura lieu une manifestation pour c\u00e9l\u00e9brer les 400 ans de la b\u00e9n\u00e9diction de la chapelle. Au programme\u00a0: <strong>Accueil \u00e0<\/strong> <strong>15h sur le parvis de l\u2019\u00e9glise de Jarville, <\/strong>puis p\u00e8lerinage vers la chapelle, visite, pr\u00e9sentation historique, temps de pri\u00e8re et temps convivial\u00a0! Venez d\u00e9couvrir l\u2019histoire de la petite chapelle oubli\u00e9e\u00a0!<\/span><\/p>\n<p><span style=\"color: #000000;\"><strong>\u00a0&#8211; Le jeudi 22 mai, \u00e0 18h, <\/strong>salle Fran\u00e7ois Evrard, <strong>\u00e0 l\u2019H\u00f4tel de ville de Jarville, conf\u00e9rence<\/strong> \u2018\u2019 L\u2019ermitage de Montaigu\u00a0: la place et le r\u00f4le des ermitages en Champagne et en Lorraine\u2019\u2019 par Philippe Masson, docteur en histoire moderne.<\/span><\/p>\n<p><span style=\"color: #000000;\"><strong>Confirmation :<br \/><\/strong><strong>&#8211; Les jeunes de notre secteur <\/strong>se retrouveront<strong> le samedi 24 mai \u00e0 13h45 <\/strong>\u00e0 l\u2019\u00e9glise Sainte Th\u00e9r\u00e8se de Villers les Nancy pour leur 3<sup>\u00e8me<\/sup> temps fort sur le th\u00e8me de la pri\u00e8re.<\/span><br \/><span style=\"color: #000000;\"><strong>\u00a0&#8211; Les adultes de tout le dioc\u00e8se, <\/strong>se pr\u00e9parant \u00e0 la Confirmation, dont <strong>8 personnes de nos paroisses<\/strong>, seront en r\u00e9collection au Domaine de l\u2019Asn\u00e9e <strong>le samedi 24 mai<\/strong>.<\/span><\/p>\n<p><span style=\"color: #000000;\"><strong>Entr\u00e9e en cat\u00e9chum\u00e9nat :<br \/><\/strong><strong>Le dimanche 25 mai, \u00e0 Jarville, \u00e0 la messe de 10h30<\/strong>, quatre adolescents, qui demandent le bapt\u00eame pour P\u00e2ques 2026, feront leur entr\u00e9e en cat\u00e9chum\u00e9nat. R\u00e9jouissons-nous et accompagnons-les de notre pri\u00e8re.<\/span><\/p>\n<p><span style=\"color: #000000;\"><strong>Messes dominicales des 17 et 18 mai 2025 :<br \/><\/strong><strong>Samedi 17 mai\u00a0: 18h <\/strong>Heillecourt, Laneuveville, Sexey aux Forges.<\/span><br \/><span style=\"color: #000000;\"><strong>Dimanche 18 mai<\/strong>\u00a0: 1<strong>0h<\/strong> \u00a0\u00a0Frolois\u00a0\u00a0\u00a0\u00a0\u00a0\u00a0\u00a0 \u00a0\u00a0\u00a0\u00a0\u00a0<strong>10h30<\/strong> Jarville,\u00a0Neuves-Maisons\u00a0\u00a0\u00a0\u00a0\u00a0\u00a0\u00a0 \u00a0\u00a0\u00a0\u00a0\u00a0\u00a0<strong>11h <\/strong>Ludres<\/span><\/p>\n<p><span style=\"color: #000000;\"><strong>Journ\u00e9e de l\u2019Ascension \u00e0 Sion :<br \/><\/strong><strong>Le Jeudi de l\u2019Ascension, le 29 mai, rendez-vous \u00e0 tous, pour la journ\u00e9e familiale de p\u00e8lerinage de notre secteur Nancy-Sud vers Sion !\u00a0<br \/><\/strong><strong>Enfants, jeunes, adultes <\/strong>sont invit\u00e9s \u00e0 cette <strong>journ\u00e9e fraternelle, <\/strong>moment particuli\u00e8rement important en cette <strong>ann\u00e9e de Jubil\u00e9<\/strong> plac\u00e9e pour le th\u00e8me des \u2018<strong>\u2019P\u00e8lerins de l\u2019esp\u00e9rance\u2019\u2019.<br \/><\/strong><strong>&#8211; Rendez-vous \u00e0 Sion \u00e0 8h40 pour un d\u00e9part \u00e0 pied \u00e0 9h de They sous Vaud\u00e9mont <\/strong>ou<\/span><br \/><span style=\"color: #000000;\"><strong>&#8211; Rendez-vous \u00e0 Sion \u00e0 9h40 pour un d\u00e9part \u00e0 10h \u00e0 l\u2019\u00e9glise de Vaud\u00e9mont<br \/><\/strong><span style=\"font-size: revert;\">Les 2 groupes se retrouvent \u00e0 Vaud\u00e9mont pour <\/span><strong style=\"font-size: revert;\">un temps d\u2019accueil et de de pri\u00e8re \u00e0 l\u2019\u00e9glise <\/strong><span style=\"font-size: revert;\">puis continuent ensemble.<br \/><\/span><strong>&#8211; Ap\u00e9ritif vers midi et demi \u00e0 \u2018\u2019<em>l\u2019abri des p\u00e8lerins\u2019\u2019<\/em> <\/strong>puis<strong> repas partag\u00e9 <br \/><\/strong><strong style=\"font-size: revert;\">&#8211; 14h <\/strong><span style=\"font-size: revert;\">un moment d \u2018enseignement pour les adultes, salle Notre-Dame<br \/><\/span><strong>&#8211; 15h <\/strong>chants de louange \u00e0 la basilique avec nos musiciens<\/span><br \/><span style=\"color: #000000;\"><strong>&#8211; 15h30 <\/strong>messe<\/span><br \/><span style=\"color: #000000;\">Contact\u00a0: Odile Bonmati 06 23 46 74 17<\/span><br \/><span style=\"color: #000000;\"><em>PS\u00a0: pour les d\u00e9parts il est conseill\u00e9 de laisser les voitures sur le parking de Sion (avec les pique- nique\u00a0!) \u00a0et de covoiturer jusque They ou Vaud\u00e9mont) <\/em>!<\/span><br \/><span style=\"color: #000000;\"><strong>Les enfants se pr\u00e9parant \u00e0 la premi\u00e8re communion vivront ce jour-l\u00e0, d\u00e8s le matin, \u00e0 Sion,\u00a0 leur retraite de pr\u00e9paration et rejoindront le groupe d\u00e8s midi\u00a0et pour la messe \u00e0 15h30.<\/strong><\/span><\/p>\n<p><span style=\"color: #000000;\"><strong>Les livrets de l\u2019ann\u00e9e jubilaire sont disponibles !\u00a0<br \/><\/strong><strong>\u2018\u2019Vivre le jubil\u00e9 2025\u2019\u2019, sur les pas des t\u00e9moins de l\u2019esp\u00e9rance en Lorraine<\/strong>. Le livret est disponible au fond des \u00e9glises. N\u2019h\u00e9sitez pas \u00e0 la prendre\u00a0!! (Participation conseill\u00e9e = 1\u20ac)<\/span><\/p>\n<p><span style=\"color: #000000;\"><strong>Voyageurs chr\u00e9tiens :<br \/><\/strong>D\u00e9couverte du <strong>patrimoine religieux et culturel des Hauts de France<\/strong> : Arras, Louvre-Lens, Notre Dame de Lorette, Roubaix&#8230;. S\u00e9jour ouvert \u00e0 tous organis\u00e9 par <strong>les voyageurs chr\u00e9tiens du 4 au 8 ao\u00fbt<\/strong>. Inscriptions : Madame Chambon ou Jean-Fran\u00e7ois au 03 83 56 34 31.<\/span><\/p>\n<p><span style=\"color: #000000;\"><strong>autres Annonces :\u00a0<br \/><\/strong><strong>\u00a0&#8211; Journ\u00e9e mondiale de pri\u00e8re pour les Vocations<br \/><\/strong><strong><em>\u2018\u2019 Entends ma voix et ouvre la porte \u2018\u2019Ac 3,20. <br \/><\/em><\/strong><strong>Le dimanche 11 mai, <\/strong>dimanche du Bon Pasteur donc la journ\u00e9e mondiale de pri\u00e8re pour les vocations. Un beau visuel sur le site de nos paroisses pour une r\u00e9flexion sur la vocation.<\/span><\/p>\n<p><span style=\"color: #000000;\"><strong>\u00a0&#8211; Le 18 mai, <\/strong>marche \u00ab\u00a0printani\u00e8re\u00a0\u00bb destin\u00e9e aux jeunes femmes se demandant comment regarder avec audace et confiance leur vocation de femme dans l&rsquo;Eglise et le monde <em> Etienne d&rsquo;Hausen 06 95 39 19 74. vocations@catholique-nancy.fr.<\/em><\/span><\/p>\n<p><span style=\"color: #000000;\"><strong>\u00a0&#8211; Message de Mgr Michel : Racontez-nous votre \u2018\u2019fraternit\u00e9\u2019\u2019<br \/><\/strong><em>Un an apr\u00e8s la publication de ma lettre pastorale\u00a0\u2018\u2019<\/em><a style=\"color: #000000;\" href=\"https:\/\/www.catholique-nancy.fr\/grands-dossiers\/conversion-missionnaire\/\"><strong><em>Vers plus de fraternit\u00e9<\/em><\/strong><\/a><em>\u2019\u2019<u>,<\/u> j\u2019invite tous ceux qui font partie d\u2019une fraternit\u00e9 locale dans notre dioc\u00e8se de Nancy et Toul \u00e0 t\u00e9moigner de ce qu\u2019ils y vivent.<br \/><\/em><em>Cela nous permettra de r\u00e9aliser ce que l\u2019Esprit Saint a suscit\u00e9, mais aussi d\u2019identifier les difficult\u00e9s que nous rencontrons, et ainsi de nous aider \u00e0 pr\u00e9parer les pas suivants. Que votre fraternit\u00e9 soit nouvelle ou ancienne, que vous soyez enthousiastes ou h\u00e9sitants, chacun de vos r\u00e9cits sera pr\u00e9cieux. Ne vous laissez pas arr\u00eater par l\u2019id\u00e9e que cela n\u2019int\u00e9ressera personne. Chacun compte dans le patchwork de l\u2019\u00c9glise !<br \/><\/em><em>Votre t\u00e9moignage servira \u00e0 nourrir la r\u00e9flexion dioc\u00e9saine autour de la fraternit\u00e9. Il pourra aussi (sauf avis contraire de votre part) \u00eatre partag\u00e9 sur les m\u00e9dias dioc\u00e9sains.Un grand merci par avance pour votre contribution !<\/em><\/span><\/p>\n<p><span style=\"color: #000000;\"><strong>\u00a0&#8211; Co-voiturage :<br \/><\/strong><em>Un site gratuit, \u00ab\u00a0<strong>gomesse\u00a0\u00bb, <\/strong>vous permet <strong>de proposer une place dans votre voiture ou d\u2019en trouver une pour aller \u00e0 la messe ensembl<\/strong> Voir le site\u00a0: <\/em><a style=\"color: #000000;\" href=\"https:\/\/gomesse.fr\"><em>https:\/\/gomesse.fr<\/em><\/a><\/span><\/p>\n","protected":false},"excerpt":{"rendered":"<p>Bapt\u00eames, mariages.\u00a0&#8211; Dimanche 11 mai \u00e0 Flavigny, bapt\u00eame de Giulia et Ezio et \u00e0 Jarville bapt\u00eame de L\u00e9o.\u00a0&#8211; Le samedi 10 mai, \u00e0 Nordheim en Alsace, mariage de S\u00e9verine et Alexandre de Flavigny et le samedi 17 mai \u00e0 Ludres, mariage de Laura et Louis.Nous prions pour ces petits, ces jeunes couples et leurs familles.&hellip; <br \/> <a class=\"read-more\" href=\"https:\/\/paroisses-nancy-sud.fr\/HOME\/annonces-de-la-paroisse-saint-francois-de-sales-et-sainte-jeanne-de-chantal-du-11-mai\/\">Lire la suite<\/a><\/p>\n","protected":false},"author":5,"featured_media":2464,"comment_status":"closed","ping_status":"open","sticky":false,"template":"","format":"standard","meta":[],"categories":[7],"tags":[],"acf":[],"_links":{"self":[{"href":"https:\/\/paroisses-nancy-sud.fr\/HOME\/wp-json\/wp\/v2\/posts\/4668"}],"collection":[{"href":"https:\/\/paroisses-nancy-sud.fr\/HOME\/wp-json\/wp\/v2\/posts"}],"about":[{"href":"https:\/\/paroisses-nancy-sud.fr\/HOME\/wp-json\/wp\/v2\/types\/post"}],"author":[{"embeddable":true,"href":"https:\/\/paroisses-nancy-sud.fr\/HOME\/wp-json\/wp\/v2\/users\/5"}],"replies":[{"embeddable":true,"href":"https:\/\/paroisses-nancy-sud.fr\/HOME\/wp-json\/wp\/v2\/comments?post=4668"}],"version-history":[{"count":1,"href":"https:\/\/paroisses-nancy-sud.fr\/HOME\/wp-json\/wp\/v2\/posts\/4668\/revisions"}],"predecessor-version":[{"id":4669,"href":"https:\/\/paroisses-nancy-sud.fr\/HOME\/wp-json\/wp\/v2\/posts\/4668\/revisions\/4669"}],"wp:featuredmedia":[{"embeddable":true,"href":"https:\/\/paroisses-nancy-sud.fr\/HOME\/wp-json\/wp\/v2\/media\/2464"}],"wp:attachment":[{"href":"https:\/\/paroisses-nancy-sud.fr\/HOME\/wp-json\/wp\/v2\/media?parent=4668"}],"wp:term":[{"taxonomy":"category","embeddable":true,"href":"https:\/\/paroisses-nancy-sud.fr\/HOME\/wp-json\/wp\/v2\/categories?post=4668"},{"taxonomy":"post_tag","embeddable":true,"href":"https:\/\/paroisses-nancy-sud.fr\/HOME\/wp-json\/wp\/v2\/tags?post=4668"}],"curies":[{"name":"wp","href":"https:\/\/api.w.org\/{rel}","templated":true}]}}