{"id":4672,"date":"2025-05-10T21:33:16","date_gmt":"2025-05-10T19:33:16","guid":{"rendered":"https:\/\/paroisses-nancy-sud.fr\/HOME\/?p=4672"},"modified":"2025-05-10T21:33:16","modified_gmt":"2025-05-10T19:33:16","slug":"le-nouveau-pape","status":"publish","type":"post","link":"https:\/\/paroisses-nancy-sud.fr\/HOME\/le-nouveau-pape\/","title":{"rendered":"Le nouveau pape,"},"content":{"rendered":"\n<p><span style=\"color: #000000;\">Chers fr\u00e8res et s\u0153urs,<\/span><br \/><span style=\"color: #000000;\">Joie de d\u00e9couvrir le visage du nouveau Pape, le\u00a0<a style=\"color: #000000;\" href=\"https:\/\/eglise.catholique.fr\/glossaire\/cardinal\/\">cardinal<\/a>\u00a0am\u00e9ricain <strong>Robert Francis Prevost<\/strong>, 69 ans, choisi par les 133 cardinaux \u00e9lecteurs ! Religieux de l\u2019ordre de Saint-Augustin, n\u00e9 aux \u00c9tats-Unis, de descendance franco-italienne et espagnole, qui a \u00e9t\u00e9 missionnaire puis \u00e9v\u00eaque au P\u00e9rou, avant d\u2019\u00eatre appel\u00e9 \u00e0 Rome par le Pape Fran\u00e7ois comme pr\u00e9fet du dicast\u00e8re pour les \u00e9v\u00eaques<\/span><\/p>\n<p><span style=\"color: #000000;\">Il semble que son enracinement familial et son itin\u00e9raire l\u2019ait tr\u00e8s largement ouvert \u00e0 l\u2019universalit\u00e9 de l\u2019\u00c9glise et du monde.<\/span><\/p>\n<p><span style=\"color: #000000;\"><strong>Ses premiers mots centr\u00e9s sur la paix du Christ Ressuscit\u00e9 \u00e0 accueillir partout dans le monde m\u2019ont touch\u00e9. Son appel \u00e0 b\u00e2tir des ponts dans une soci\u00e9t\u00e9 souvent marqu\u00e9e par la violence et la guerre rejoint profond\u00e9ment les pr\u00e9occupations du monde dans tous les coins de la plan\u00e8te.<\/strong><\/span><\/p>\n<p><span style=\"color: #000000;\">En choisissant le nom de <strong>L\u00e9on XIV<\/strong>, sans doute souhaite-t-il \u00e9voquer l\u2019enseignement social particuli\u00e8rement fort du Pape L\u00e9on XIII \u00e0 la fin du XIX<sup>e<\/sup>\u00a0si\u00e8cle.<\/span><\/p>\n<p><span style=\"color: #000000;\">Nous avons \u00e9t\u00e9 nombreux \u00e0 nous associer au conclave, en particulier par la pri\u00e8re. A travers les cardinaux, c\u2019est Dieu lui-m\u00eame qui nous envoie ce serviteur pour nous confirmer dans la foi, nous qui sommes ses fr\u00e8res et s\u0153urs en Christ. Nous le recevons avec confiance, en demandant au Seigneur de le fortifier pour cette nouvelle mission.<\/span><\/p>\n<p><span style=\"color: #000000;\">La mani\u00e8re dont les m\u00e9dias et les peuples du monde ont accompagn\u00e9 la mort du Pape Fran\u00e7ois et l\u2019attente d\u2019un nouveau Pape nous montre aussi \u00e0 quel point l\u2019\u00c9glise, malgr\u00e9 ses faiblesses (et la mani\u00e8re dont elle en prend conscience et se convertit), peut jouer un r\u00f4le pour la paix, la r\u00e9conciliation entre les peuples, les changements de mode de vie vers plus de sobri\u00e9t\u00e9 et de respect de la maison commune, l\u2019interpellation sur la v\u00e9ritable dignit\u00e9 de la personne humaine\u2026<\/span><\/p>\n<p><span style=\"color: #000000;\"><strong>Demandons au Seigneur qu\u2019il inspire notre nouveau Pape pour que sa parole puise \u00e0 la s\u00e8ve \u00e9vang\u00e9lique et r\u00e9sonne dans les c\u0153urs, y compris chez les responsables de la marche du monde.<\/strong><\/span><\/p>\n<p><span style=\"color: #000000;\">Que le Seigneur l\u2019aide \u00e0 servir la v\u00e9rit\u00e9 et \u00e0 pr\u00e9sider \u00e0 la charit\u00e9 !<\/span><\/p>\n<p style=\"text-align: right;\"><span style=\"color: #000000;\"><strong><em>Monseigneur<\/em> Pierre-Yves <em>Michel, \u00e9v\u00eaque de Nancy et Toul<\/em><\/strong><\/span><\/p>\n","protected":false},"excerpt":{"rendered":"<p>Chers fr\u00e8res et s\u0153urs,Joie de d\u00e9couvrir le visage du nouveau Pape, le\u00a0cardinal\u00a0am\u00e9ricain Robert Francis Prevost, 69 ans, choisi par les 133 cardinaux \u00e9lecteurs ! Religieux de l\u2019ordre de Saint-Augustin, n\u00e9 aux \u00c9tats-Unis, de descendance franco-italienne et espagnole, qui a \u00e9t\u00e9 missionnaire puis \u00e9v\u00eaque au P\u00e9rou, avant d\u2019\u00eatre appel\u00e9 \u00e0 Rome par le Pape Fran\u00e7ois comme&hellip; <br \/> <a class=\"read-more\" href=\"https:\/\/paroisses-nancy-sud.fr\/HOME\/le-nouveau-pape\/\">Lire la suite<\/a><\/p>\n","protected":false},"author":5,"featured_media":523,"comment_status":"closed","ping_status":"open","sticky":false,"template":"","format":"standard","meta":[],"categories":[6],"tags":[],"acf":[],"_links":{"self":[{"href":"https:\/\/paroisses-nancy-sud.fr\/HOME\/wp-json\/wp\/v2\/posts\/4672"}],"collection":[{"href":"https:\/\/paroisses-nancy-sud.fr\/HOME\/wp-json\/wp\/v2\/posts"}],"about":[{"href":"https:\/\/paroisses-nancy-sud.fr\/HOME\/wp-json\/wp\/v2\/types\/post"}],"author":[{"embeddable":true,"href":"https:\/\/paroisses-nancy-sud.fr\/HOME\/wp-json\/wp\/v2\/users\/5"}],"replies":[{"embeddable":true,"href":"https:\/\/paroisses-nancy-sud.fr\/HOME\/wp-json\/wp\/v2\/comments?post=4672"}],"version-history":[{"count":1,"href":"https:\/\/paroisses-nancy-sud.fr\/HOME\/wp-json\/wp\/v2\/posts\/4672\/revisions"}],"predecessor-version":[{"id":4673,"href":"https:\/\/paroisses-nancy-sud.fr\/HOME\/wp-json\/wp\/v2\/posts\/4672\/revisions\/4673"}],"wp:featuredmedia":[{"embeddable":true,"href":"https:\/\/paroisses-nancy-sud.fr\/HOME\/wp-json\/wp\/v2\/media\/523"}],"wp:attachment":[{"href":"https:\/\/paroisses-nancy-sud.fr\/HOME\/wp-json\/wp\/v2\/media?parent=4672"}],"wp:term":[{"taxonomy":"category","embeddable":true,"href":"https:\/\/paroisses-nancy-sud.fr\/HOME\/wp-json\/wp\/v2\/categories?post=4672"},{"taxonomy":"post_tag","embeddable":true,"href":"https:\/\/paroisses-nancy-sud.fr\/HOME\/wp-json\/wp\/v2\/tags?post=4672"}],"curies":[{"name":"wp","href":"https:\/\/api.w.org\/{rel}","templated":true}]}}